{"id":36085,"date":"2022-07-26T17:01:41","date_gmt":"2022-07-26T20:01:41","guid":{"rendered":"https:\/\/insurancecorp.com.br\/pt\/?p=36085"},"modified":"2022-07-26T17:08:39","modified_gmt":"2022-07-26T20:08:39","slug":"bradesco-seguros-celebra-a-amizade-e-a-importancia-da-protecao-em-nova-campanha","status":"publish","type":"post","link":"https:\/\/insurancecorp.com.br\/pt\/2022\/07\/26\/bradesco-seguros-celebra-a-amizade-e-a-importancia-da-protecao-em-nova-campanha\/","title":{"rendered":"Bradesco Seguros celebra a amizade e a import\u00e2ncia da prote\u00e7\u00e3o em nova campanha"},"content":{"rendered":"<p>Amizade entre pais e filhos, irm\u00e3os, amigos, casais&#8230; essas importantes rela\u00e7\u00f5es de afei\u00e7\u00e3o e lealdade s\u00e3o retratadas na nova campanha publicit\u00e1ria do Grupo Bradesco Seguros. A iniciativa aproveita o m\u00eas em que \u00e9 celebrado o Dia do Amigo e o Dia da Amizade para lembrar que o seguro tamb\u00e9m \u00e9 \u201co amigo certo nas horas incertas\u201d.<\/p>\n<p>O cl\u00e1ssico \u2018Amigo\u2019, do rei Roberto Carlos e Erasmo Carlos, foi a can\u00e7\u00e3o escolhida para embalar todas as a\u00e7\u00f5es pensadas para o projeto. \u201cQueremos refor\u00e7ar para a popula\u00e7\u00e3o como o seguro, assim como um grande amigo, pode amparar e proteger tanto nos momentos de incertezas como tamb\u00e9m nos de planejamento para o futuro\u201d, destaca Alexandre Nogueira, Diretor de Marketing do Grupo Bradesco Seguros.<\/p>\n<p>\u201cN\u00e3o h\u00e1 d\u00favidas de que a amizade \u00e9 o la\u00e7o que mais agrega ao conv\u00edvio das pessoas. Buscamos atrelar o seguro \u00e0 import\u00e2ncia desse apoio para desenvolver projetos, constituir fam\u00edlias e transformar sonhos em realidade em todas as fases e momentos da vida, porque no fim \u00e9 isso que o grupo oferece: amparo para as pessoas e seus neg\u00f3cios durante as suas jornadas, tanto no presente como no futuro\u201d, destaca o executivo.<\/p>\n<p>Desenvolvida pela AlmapBBDO, a iniciativa \u00e9 composta por filmes com diferentes formatos e tempos de dura\u00e7\u00e3o. Lan\u00e7ada neste domingo, 24, no intervalo do \u2018Fant\u00e1stico\u2019, a campanha tamb\u00e9m contar\u00e1 com diversas comunica\u00e7\u00f5es para redes sociais, impressos, spots de r\u00e1dio, canais abertos e por assinatura, al\u00e9m de OOH e filmes para cinema, em parceria com as principais redes do Brasil.<\/p>\n<p>\u201cEstar do seu lado em qualquer caminhada, ser o mais certo nas horas incertas ou a certeza de que voc\u00ea nunca esteve sozinho s\u00e3o defini\u00e7\u00f5es perfeitas para um grande amigo, mas tamb\u00e9m \u00e9 tudo que voc\u00ea pode esperar da Bradesco Seguros. Roberto e Erasmo registraram a import\u00e2ncia de ter com quem contar, sempre.<\/p>\n<p>A gente s\u00f3 teve o trabalho de transformar isso em uma campanha. \u2018Amigo\u2019 tem v\u00e1rias demonstra\u00e7\u00f5es de amizade, do cachorro ao amor da sua vida, para que todo mundo que assista \u00e0 campanha lembre de algum momento parecido que j\u00e1 viveu com seus amigos de verdade\u201d, completa Rodrigo Almeida, Diretor de Cria\u00e7\u00e3o da AlmapBBDO.<\/p>\n<p><strong>Edelman<\/strong><\/p>\n","protected":false},"excerpt":{"rendered":"<p>Amizade entre pais e filhos, irm\u00e3os, amigos, casais&#8230; essas importantes rela\u00e7\u00f5es de afei\u00e7\u00e3o e lealdade s\u00e3o retratadas na nova campanha publicit\u00e1ria do Grupo Bradesco Seguros. A iniciativa aproveita o m\u00eas em que \u00e9 celebrado o Dia do Amigo e o Dia da Amizade para lembrar que o seguro tamb\u00e9m \u00e9 \u201co amigo certo nas horas [&hellip;]<\/p>\n","protected":false},"author":2,"featured_media":36088,"comment_status":"open","ping_status":"open","sticky":false,"template":"","format":"standard","meta":[],"categories":[413],"tags":[],"jetpack_featured_media_url":"https:\/\/insurancecorp.com.br\/pt\/wp-content\/uploads\/2022\/07\/Bidu-5.jpg","yoast_head":"<!-- This site is optimized with the Yoast SEO plugin v14.8 - https:\/\/yoast.com\/wordpress\/plugins\/seo\/ -->\n<title>Bradesco Seguros celebra a amizade e a import\u00e2ncia da prote\u00e7\u00e3o em nova campanha | Revista Insurance Corp | PT-BR<\/title>\n<meta name=\"robots\" content=\"index, follow\" \/>\n<meta name=\"googlebot\" content=\"index, follow, max-snippet:-1, max-image-preview:large, max-video-preview:-1\" \/>\n<meta name=\"bingbot\" content=\"index, follow, max-snippet:-1, max-image-preview:large, max-video-preview:-1\" \/>\n<link rel=\"canonical\" href=\"https:\/\/insurancecorp.com.br\/pt\/2022\/07\/26\/bradesco-seguros-celebra-a-amizade-e-a-importancia-da-protecao-em-nova-campanha\/\" \/>\n<meta property=\"og:locale\" content=\"pt_BR\" \/>\n<meta property=\"og:type\" content=\"article\" \/>\n<meta property=\"og:title\" content=\"Bradesco Seguros celebra a amizade e a import\u00e2ncia da prote\u00e7\u00e3o em nova campanha | Revista Insurance Corp | PT-BR\" \/>\n<meta property=\"og:description\" content=\"Amizade entre pais e filhos, irm\u00e3os, amigos, casais&#8230; essas importantes rela\u00e7\u00f5es de afei\u00e7\u00e3o e lealdade s\u00e3o retratadas na nova campanha publicit\u00e1ria do Grupo Bradesco Seguros. A iniciativa aproveita o m\u00eas em que \u00e9 celebrado o Dia do Amigo e o Dia da Amizade para lembrar que o seguro tamb\u00e9m \u00e9 \u201co amigo certo nas horas [&hellip;]\" \/>\n<meta property=\"og:url\" content=\"https:\/\/insurancecorp.com.br\/pt\/2022\/07\/26\/bradesco-seguros-celebra-a-amizade-e-a-importancia-da-protecao-em-nova-campanha\/\" \/>\n<meta property=\"og:site_name\" content=\"Revista Insurance Corp | PT-BR\" \/>\n<meta property=\"article:publisher\" content=\"https:\/\/www.facebook.com\/RevistaInsuranceCorp\/\" \/>\n<meta property=\"article:published_time\" content=\"2022-07-26T20:01:41+00:00\" \/>\n<meta property=\"article:modified_time\" content=\"2022-07-26T20:08:39+00:00\" \/>\n<meta property=\"og:image\" content=\"https:\/\/insurancecorp.com.br\/pt\/wp-content\/uploads\/2022\/07\/Bidu-5.jpg\" \/>\n\t<meta property=\"og:image:width\" content=\"605\" \/>\n\t<meta property=\"og:image:height\" content=\"340\" \/>\n<meta name=\"twitter:card\" content=\"summary\" \/>\n<script type=\"application\/ld+json\" class=\"yoast-schema-graph\">{\"@context\":\"https:\/\/schema.org\",\"@graph\":[{\"@type\":\"Organization\",\"@id\":\"https:\/\/insurancecorp.com.br\/pt\/#organization\",\"name\":\"Revista Insurance Corp\",\"url\":\"https:\/\/insurancecorp.com.br\/pt\/\",\"sameAs\":[\"https:\/\/www.facebook.com\/RevistaInsuranceCorp\/\"],\"logo\":{\"@type\":\"ImageObject\",\"@id\":\"https:\/\/insurancecorp.com.br\/pt\/#logo\",\"inLanguage\":\"pt-BR\",\"url\":\"\",\"caption\":\"Revista Insurance Corp\"},\"image\":{\"@id\":\"https:\/\/insurancecorp.com.br\/pt\/#logo\"}},{\"@type\":\"WebSite\",\"@id\":\"https:\/\/insurancecorp.com.br\/pt\/#website\",\"url\":\"https:\/\/insurancecorp.com.br\/pt\/\",\"name\":\"Revista Insurance Corp | PT-BR\",\"description\":\"A \\u00fanica revista bil\\u00edngue voltada ao mercado de seguro.\",\"publisher\":{\"@id\":\"https:\/\/insurancecorp.com.br\/pt\/#organization\"},\"potentialAction\":[{\"@type\":\"SearchAction\",\"target\":\"https:\/\/insurancecorp.com.br\/pt\/?s={search_term_string}\",\"query-input\":\"required name=search_term_string\"}],\"inLanguage\":\"pt-BR\"},{\"@type\":\"ImageObject\",\"@id\":\"https:\/\/insurancecorp.com.br\/pt\/2022\/07\/26\/bradesco-seguros-celebra-a-amizade-e-a-importancia-da-protecao-em-nova-campanha\/#primaryimage\",\"inLanguage\":\"pt-BR\",\"url\":\"https:\/\/insurancecorp.com.br\/pt\/wp-content\/uploads\/2022\/07\/Bidu-5.jpg\",\"width\":605,\"height\":340},{\"@type\":\"WebPage\",\"@id\":\"https:\/\/insurancecorp.com.br\/pt\/2022\/07\/26\/bradesco-seguros-celebra-a-amizade-e-a-importancia-da-protecao-em-nova-campanha\/#webpage\",\"url\":\"https:\/\/insurancecorp.com.br\/pt\/2022\/07\/26\/bradesco-seguros-celebra-a-amizade-e-a-importancia-da-protecao-em-nova-campanha\/\",\"name\":\"Bradesco Seguros celebra a amizade e a import\\u00e2ncia da prote\\u00e7\\u00e3o em nova campanha | Revista Insurance Corp | PT-BR\",\"isPartOf\":{\"@id\":\"https:\/\/insurancecorp.com.br\/pt\/#website\"},\"primaryImageOfPage\":{\"@id\":\"https:\/\/insurancecorp.com.br\/pt\/2022\/07\/26\/bradesco-seguros-celebra-a-amizade-e-a-importancia-da-protecao-em-nova-campanha\/#primaryimage\"},\"datePublished\":\"2022-07-26T20:01:41+00:00\",\"dateModified\":\"2022-07-26T20:08:39+00:00\",\"inLanguage\":\"pt-BR\",\"potentialAction\":[{\"@type\":\"ReadAction\",\"target\":[\"https:\/\/insurancecorp.com.br\/pt\/2022\/07\/26\/bradesco-seguros-celebra-a-amizade-e-a-importancia-da-protecao-em-nova-campanha\/\"]}]},{\"@type\":\"Article\",\"@id\":\"https:\/\/insurancecorp.com.br\/pt\/2022\/07\/26\/bradesco-seguros-celebra-a-amizade-e-a-importancia-da-protecao-em-nova-campanha\/#article\",\"isPartOf\":{\"@id\":\"https:\/\/insurancecorp.com.br\/pt\/2022\/07\/26\/bradesco-seguros-celebra-a-amizade-e-a-importancia-da-protecao-em-nova-campanha\/#webpage\"},\"author\":{\"@id\":\"https:\/\/insurancecorp.com.br\/pt\/#\/schema\/person\/1b69c8cf325f0b7167f1b171f52df4af\"},\"headline\":\"Bradesco Seguros celebra a amizade e a import\\u00e2ncia da prote\\u00e7\\u00e3o em nova campanha\",\"datePublished\":\"2022-07-26T20:01:41+00:00\",\"dateModified\":\"2022-07-26T20:08:39+00:00\",\"mainEntityOfPage\":{\"@id\":\"https:\/\/insurancecorp.com.br\/pt\/2022\/07\/26\/bradesco-seguros-celebra-a-amizade-e-a-importancia-da-protecao-em-nova-campanha\/#webpage\"},\"commentCount\":0,\"publisher\":{\"@id\":\"https:\/\/insurancecorp.com.br\/pt\/#organization\"},\"image\":{\"@id\":\"https:\/\/insurancecorp.com.br\/pt\/2022\/07\/26\/bradesco-seguros-celebra-a-amizade-e-a-importancia-da-protecao-em-nova-campanha\/#primaryimage\"},\"articleSection\":\"Bradesco Seguros\",\"inLanguage\":\"pt-BR\",\"potentialAction\":[{\"@type\":\"CommentAction\",\"name\":\"Comment\",\"target\":[\"https:\/\/insurancecorp.com.br\/pt\/2022\/07\/26\/bradesco-seguros-celebra-a-amizade-e-a-importancia-da-protecao-em-nova-campanha\/#respond\"]}]},{\"@type\":\"Person\",\"@id\":\"https:\/\/insurancecorp.com.br\/pt\/#\/schema\/person\/1b69c8cf325f0b7167f1b171f52df4af\",\"name\":\"Publica\\u00e7\\u00e3o\",\"image\":{\"@type\":\"ImageObject\",\"@id\":\"https:\/\/insurancecorp.com.br\/pt\/#personlogo\",\"inLanguage\":\"pt-BR\",\"url\":\"https:\/\/secure.gravatar.com\/avatar\/17226f1f60486eb25d4c6b301ffed37f?s=96&d=mm&r=g\",\"caption\":\"Publica\\u00e7\\u00e3o\"}}]}<\/script>\n<!-- \/ Yoast SEO plugin. -->","_links":{"self":[{"href":"https:\/\/insurancecorp.com.br\/pt\/wp-json\/wp\/v2\/posts\/36085"}],"collection":[{"href":"https:\/\/insurancecorp.com.br\/pt\/wp-json\/wp\/v2\/posts"}],"about":[{"href":"https:\/\/insurancecorp.com.br\/pt\/wp-json\/wp\/v2\/types\/post"}],"author":[{"embeddable":true,"href":"https:\/\/insurancecorp.com.br\/pt\/wp-json\/wp\/v2\/users\/2"}],"replies":[{"embeddable":true,"href":"https:\/\/insurancecorp.com.br\/pt\/wp-json\/wp\/v2\/comments?post=36085"}],"version-history":[{"count":1,"href":"https:\/\/insurancecorp.com.br\/pt\/wp-json\/wp\/v2\/posts\/36085\/revisions"}],"predecessor-version":[{"id":36087,"href":"https:\/\/insurancecorp.com.br\/pt\/wp-json\/wp\/v2\/posts\/36085\/revisions\/36087"}],"wp:featuredmedia":[{"embeddable":true,"href":"https:\/\/insurancecorp.com.br\/pt\/wp-json\/wp\/v2\/media\/36088"}],"wp:attachment":[{"href":"https:\/\/insurancecorp.com.br\/pt\/wp-json\/wp\/v2\/media?parent=36085"}],"wp:term":[{"taxonomy":"category","embeddable":true,"href":"https:\/\/insurancecorp.com.br\/pt\/wp-json\/wp\/v2\/categories?post=36085"},{"taxonomy":"post_tag","embeddable":true,"href":"https:\/\/insurancecorp.com.br\/pt\/wp-json\/wp\/v2\/tags?post=36085"}],"curies":[{"name":"wp","href":"https:\/\/api.w.org\/{rel}","templated":true}]}}