{"id":33198,"date":"2022-03-21T17:27:56","date_gmt":"2022-03-21T20:27:56","guid":{"rendered":"https:\/\/insurancecorp.com.br\/pt\/?p=33198"},"modified":"2022-03-21T17:32:20","modified_gmt":"2022-03-21T20:32:20","slug":"zurich-anuncia-duas-novas-superintendentes","status":"publish","type":"post","link":"https:\/\/insurancecorp.com.br\/pt\/2022\/03\/21\/zurich-anuncia-duas-novas-superintendentes\/","title":{"rendered":"Zurich anuncia duas novas superintendentes"},"content":{"rendered":"<p>A Zurich no Brasil tem duas novas superintendentes em seus quadros. A primeira \u00e9 <strong>Daniela Cruz<\/strong>, at\u00e9 ent\u00e3o gerente respons\u00e1vel pela gest\u00e3o do portf\u00f3lio dos neg\u00f3cios de Vida, Previd\u00eancia e Capitaliza\u00e7\u00e3o da empresa no Brasil e rec\u00e9m-promovida a Superintendente de Produtos de Vida, Previd\u00eancia e Capitaliza\u00e7\u00e3o. J\u00e1 <strong>Cristiane Abdalla<\/strong> ingressa na companhia como Superintendente de Sinistros.<\/p>\n<p>Com mais de 17 anos de experi\u00eancia em seguros de vida, Daniela Cruz teve passagens pela MetLife, Citibank e ACE Group, em \u00e1reas como planejamento, business intelligence (BI), produtos e opera\u00e7\u00f5es. Formada em Propaganda e Marketing pela Universidade Presbiteriana Mackenzie, \u00e9 p\u00f3s-graduada em Administra\u00e7\u00e3o de Empresas pela mesma institui\u00e7\u00e3o, e possui um MBA em Gest\u00e3o de Empresas pela BI International.<\/p>\n<p>Cristiane Abdalla tem viv\u00eancia de 20 anos nas \u00e1reas jur\u00eddica, de subscri\u00e7\u00e3o e de sinistros em seguradoras como Liberty, Chubb e AIG. Formada em Direito pelo Centro Universit\u00e1rio Faculdades Metropolitanas Unidas (FMU) e p\u00f3s-graduada em Responsabilidade Civil pela Funda\u00e7\u00e3o Getulio Vargas (FGV), possui uma especializa\u00e7\u00e3o em contabilidade tamb\u00e9m pela FGV.<\/p>\n<p><b><i>Conte\u00fado Comunica\u00e7\u00e3o<\/i><\/b><\/p>\n","protected":false},"excerpt":{"rendered":"<p>A Zurich no Brasil tem duas novas superintendentes em seus quadros. A primeira \u00e9 Daniela Cruz, at\u00e9 ent\u00e3o gerente respons\u00e1vel pela gest\u00e3o do portf\u00f3lio dos neg\u00f3cios de Vida, Previd\u00eancia e Capitaliza\u00e7\u00e3o da empresa no Brasil e rec\u00e9m-promovida a Superintendente de Produtos de Vida, Previd\u00eancia e Capitaliza\u00e7\u00e3o. J\u00e1 Cristiane Abdalla ingressa na companhia como Superintendente de [&hellip;]<\/p>\n","protected":false},"author":2,"featured_media":33203,"comment_status":"open","ping_status":"open","sticky":false,"template":"","format":"standard","meta":[],"categories":[523],"tags":[2207,2204,599,2203,2206,2205,2208,1237],"jetpack_featured_media_url":"https:\/\/insurancecorp.com.br\/pt\/wp-content\/uploads\/2022\/03\/artigo-14-e1647894671696.png","yoast_head":"<!-- This site is optimized with the Yoast SEO plugin v14.8 - https:\/\/yoast.com\/wordpress\/plugins\/seo\/ -->\n<title>Zurich anuncia duas novas superintendentes | Revista Insurance Corp | PT-BR<\/title>\n<meta name=\"robots\" content=\"index, follow\" \/>\n<meta name=\"googlebot\" content=\"index, follow, max-snippet:-1, max-image-preview:large, max-video-preview:-1\" \/>\n<meta name=\"bingbot\" content=\"index, follow, max-snippet:-1, max-image-preview:large, max-video-preview:-1\" \/>\n<link rel=\"canonical\" href=\"https:\/\/insurancecorp.com.br\/pt\/2022\/03\/21\/zurich-anuncia-duas-novas-superintendentes\/\" \/>\n<meta property=\"og:locale\" content=\"pt_BR\" \/>\n<meta property=\"og:type\" content=\"article\" \/>\n<meta property=\"og:title\" content=\"Zurich anuncia duas novas superintendentes | Revista Insurance Corp | PT-BR\" \/>\n<meta property=\"og:description\" content=\"A Zurich no Brasil tem duas novas superintendentes em seus quadros. A primeira \u00e9 Daniela Cruz, at\u00e9 ent\u00e3o gerente respons\u00e1vel pela gest\u00e3o do portf\u00f3lio dos neg\u00f3cios de Vida, Previd\u00eancia e Capitaliza\u00e7\u00e3o da empresa no Brasil e rec\u00e9m-promovida a Superintendente de Produtos de Vida, Previd\u00eancia e Capitaliza\u00e7\u00e3o. J\u00e1 Cristiane Abdalla ingressa na companhia como Superintendente de [&hellip;]\" \/>\n<meta property=\"og:url\" content=\"https:\/\/insurancecorp.com.br\/pt\/2022\/03\/21\/zurich-anuncia-duas-novas-superintendentes\/\" \/>\n<meta property=\"og:site_name\" content=\"Revista Insurance Corp | PT-BR\" \/>\n<meta property=\"article:publisher\" content=\"https:\/\/www.facebook.com\/RevistaInsuranceCorp\/\" \/>\n<meta property=\"article:published_time\" content=\"2022-03-21T20:27:56+00:00\" \/>\n<meta property=\"article:modified_time\" content=\"2022-03-21T20:32:20+00:00\" \/>\n<meta property=\"og:image\" content=\"https:\/\/insurancecorp.com.br\/pt\/wp-content\/uploads\/2022\/03\/artigo-14-e1647894671696-1024x406.png\" \/>\n\t<meta property=\"og:image:width\" content=\"1024\" \/>\n\t<meta property=\"og:image:height\" content=\"406\" \/>\n<meta name=\"twitter:card\" content=\"summary\" \/>\n<script type=\"application\/ld+json\" class=\"yoast-schema-graph\">{\"@context\":\"https:\/\/schema.org\",\"@graph\":[{\"@type\":\"Organization\",\"@id\":\"https:\/\/insurancecorp.com.br\/pt\/#organization\",\"name\":\"Revista Insurance Corp\",\"url\":\"https:\/\/insurancecorp.com.br\/pt\/\",\"sameAs\":[\"https:\/\/www.facebook.com\/RevistaInsuranceCorp\/\"],\"logo\":{\"@type\":\"ImageObject\",\"@id\":\"https:\/\/insurancecorp.com.br\/pt\/#logo\",\"inLanguage\":\"pt-BR\",\"url\":\"\",\"caption\":\"Revista Insurance Corp\"},\"image\":{\"@id\":\"https:\/\/insurancecorp.com.br\/pt\/#logo\"}},{\"@type\":\"WebSite\",\"@id\":\"https:\/\/insurancecorp.com.br\/pt\/#website\",\"url\":\"https:\/\/insurancecorp.com.br\/pt\/\",\"name\":\"Revista Insurance Corp | PT-BR\",\"description\":\"A \\u00fanica revista bil\\u00edngue voltada ao mercado de seguro.\",\"publisher\":{\"@id\":\"https:\/\/insurancecorp.com.br\/pt\/#organization\"},\"potentialAction\":[{\"@type\":\"SearchAction\",\"target\":\"https:\/\/insurancecorp.com.br\/pt\/?s={search_term_string}\",\"query-input\":\"required name=search_term_string\"}],\"inLanguage\":\"pt-BR\"},{\"@type\":\"ImageObject\",\"@id\":\"https:\/\/insurancecorp.com.br\/pt\/2022\/03\/21\/zurich-anuncia-duas-novas-superintendentes\/#primaryimage\",\"inLanguage\":\"pt-BR\",\"url\":\"https:\/\/insurancecorp.com.br\/pt\/wp-content\/uploads\/2022\/03\/artigo-14-e1647894671696.png\",\"width\":5118,\"height\":2028},{\"@type\":\"WebPage\",\"@id\":\"https:\/\/insurancecorp.com.br\/pt\/2022\/03\/21\/zurich-anuncia-duas-novas-superintendentes\/#webpage\",\"url\":\"https:\/\/insurancecorp.com.br\/pt\/2022\/03\/21\/zurich-anuncia-duas-novas-superintendentes\/\",\"name\":\"Zurich anuncia duas novas superintendentes | Revista Insurance Corp | PT-BR\",\"isPartOf\":{\"@id\":\"https:\/\/insurancecorp.com.br\/pt\/#website\"},\"primaryImageOfPage\":{\"@id\":\"https:\/\/insurancecorp.com.br\/pt\/2022\/03\/21\/zurich-anuncia-duas-novas-superintendentes\/#primaryimage\"},\"datePublished\":\"2022-03-21T20:27:56+00:00\",\"dateModified\":\"2022-03-21T20:32:20+00:00\",\"inLanguage\":\"pt-BR\",\"potentialAction\":[{\"@type\":\"ReadAction\",\"target\":[\"https:\/\/insurancecorp.com.br\/pt\/2022\/03\/21\/zurich-anuncia-duas-novas-superintendentes\/\"]}]},{\"@type\":\"Article\",\"@id\":\"https:\/\/insurancecorp.com.br\/pt\/2022\/03\/21\/zurich-anuncia-duas-novas-superintendentes\/#article\",\"isPartOf\":{\"@id\":\"https:\/\/insurancecorp.com.br\/pt\/2022\/03\/21\/zurich-anuncia-duas-novas-superintendentes\/#webpage\"},\"author\":{\"@id\":\"https:\/\/insurancecorp.com.br\/pt\/#\/schema\/person\/1b69c8cf325f0b7167f1b171f52df4af\"},\"headline\":\"Zurich anuncia duas novas superintendentes\",\"datePublished\":\"2022-03-21T20:27:56+00:00\",\"dateModified\":\"2022-03-21T20:32:20+00:00\",\"mainEntityOfPage\":{\"@id\":\"https:\/\/insurancecorp.com.br\/pt\/2022\/03\/21\/zurich-anuncia-duas-novas-superintendentes\/#webpage\"},\"commentCount\":0,\"publisher\":{\"@id\":\"https:\/\/insurancecorp.com.br\/pt\/#organization\"},\"image\":{\"@id\":\"https:\/\/insurancecorp.com.br\/pt\/2022\/03\/21\/zurich-anuncia-duas-novas-superintendentes\/#primaryimage\"},\"keywords\":\"Cristiane Abadalla,Daniela Cruz,mercado de seguros,novas superintendentes,Previd\\u00eancia e Capitaliza\\u00e7\\u00e3o,Superintendente de Produtos de Vida,Superintendente de Sinistros,Zurich no Brasil\",\"articleSection\":\"Zurich no Brasil\",\"inLanguage\":\"pt-BR\",\"potentialAction\":[{\"@type\":\"CommentAction\",\"name\":\"Comment\",\"target\":[\"https:\/\/insurancecorp.com.br\/pt\/2022\/03\/21\/zurich-anuncia-duas-novas-superintendentes\/#respond\"]}]},{\"@type\":\"Person\",\"@id\":\"https:\/\/insurancecorp.com.br\/pt\/#\/schema\/person\/1b69c8cf325f0b7167f1b171f52df4af\",\"name\":\"Publica\\u00e7\\u00e3o\",\"image\":{\"@type\":\"ImageObject\",\"@id\":\"https:\/\/insurancecorp.com.br\/pt\/#personlogo\",\"inLanguage\":\"pt-BR\",\"url\":\"https:\/\/secure.gravatar.com\/avatar\/17226f1f60486eb25d4c6b301ffed37f?s=96&d=mm&r=g\",\"caption\":\"Publica\\u00e7\\u00e3o\"}}]}<\/script>\n<!-- \/ Yoast SEO plugin. -->","_links":{"self":[{"href":"https:\/\/insurancecorp.com.br\/pt\/wp-json\/wp\/v2\/posts\/33198"}],"collection":[{"href":"https:\/\/insurancecorp.com.br\/pt\/wp-json\/wp\/v2\/posts"}],"about":[{"href":"https:\/\/insurancecorp.com.br\/pt\/wp-json\/wp\/v2\/types\/post"}],"author":[{"embeddable":true,"href":"https:\/\/insurancecorp.com.br\/pt\/wp-json\/wp\/v2\/users\/2"}],"replies":[{"embeddable":true,"href":"https:\/\/insurancecorp.com.br\/pt\/wp-json\/wp\/v2\/comments?post=33198"}],"version-history":[{"count":2,"href":"https:\/\/insurancecorp.com.br\/pt\/wp-json\/wp\/v2\/posts\/33198\/revisions"}],"predecessor-version":[{"id":33204,"href":"https:\/\/insurancecorp.com.br\/pt\/wp-json\/wp\/v2\/posts\/33198\/revisions\/33204"}],"wp:featuredmedia":[{"embeddable":true,"href":"https:\/\/insurancecorp.com.br\/pt\/wp-json\/wp\/v2\/media\/33203"}],"wp:attachment":[{"href":"https:\/\/insurancecorp.com.br\/pt\/wp-json\/wp\/v2\/media?parent=33198"}],"wp:term":[{"taxonomy":"category","embeddable":true,"href":"https:\/\/insurancecorp.com.br\/pt\/wp-json\/wp\/v2\/categories?post=33198"},{"taxonomy":"post_tag","embeddable":true,"href":"https:\/\/insurancecorp.com.br\/pt\/wp-json\/wp\/v2\/tags?post=33198"}],"curies":[{"name":"wp","href":"https:\/\/api.w.org\/{rel}","templated":true}]}}