{"id":32334,"date":"2022-02-17T20:18:49","date_gmt":"2022-02-17T23:18:49","guid":{"rendered":"https:\/\/insurancecorp.com.br\/pt\/?p=32334"},"modified":"2022-02-17T20:19:24","modified_gmt":"2022-02-17T23:19:24","slug":"bradesco-seguros-anuncia-novas-coberturas-para-equipamentos-musicais","status":"publish","type":"post","link":"https:\/\/insurancecorp.com.br\/pt\/2022\/02\/17\/bradesco-seguros-anuncia-novas-coberturas-para-equipamentos-musicais\/","title":{"rendered":"Bradesco Seguros anuncia novas coberturas para equipamentos musicais"},"content":{"rendered":"<p>A Bradesco Seguros lan\u00e7ou nova segmenta\u00e7\u00e3o para o Bradesco Seguro Equipamentos. O produto faz parte do projeto de inova\u00e7\u00e3o da seguradora que tem o objetivo de ampliar a oferta de coberturas e melhorar a experi\u00eancia de consumidores e corretores no momento da contrata\u00e7\u00e3o dos produtos, bem como nos avisos de sinistros, acionamento de assist\u00eancias, servi\u00e7os. <\/p>\n<p>Entre as novidades, a prote\u00e7\u00e3o para Equipamentos Musicais passa cobrir danos l\u00edquidos, como cobertura acess\u00f3ria. Al\u00e9m disso, o consumidor ainda pode contratar prote\u00e7\u00e3o para roubo e\/ou furto qualificado, danos el\u00e9tricos, responsabilidade civil (avarias causadas por terceiros) e, por fim, perda ou pagamento de aluguel do equipamento. <\/p>\n<p>\u201cMesmo com toda precau\u00e7\u00e3o, s\u00f3 um seguro espec\u00edfico permite ao cliente ter toda a seguran\u00e7a e a tranquilidade de um produto feito sob medida para amparar os eventuais danos aos instrumentos musicais\u201d, destaca Raquel Cerqueira, superintendente de Ramos Elementares da Bradesco Seguros.  <\/p>\n<p>A nova segmenta\u00e7\u00e3o de Equipamentos tamb\u00e9m contempla produtos com coberturas espec\u00edficas para constru\u00e7\u00e3o civil; \u00e1reas industrial e comercial; e equipamentos port\u00e1teis, m\u00e9dicos, est\u00e9ticos, veterin\u00e1rios, agr\u00edcola e florestal. <\/p>\n<p><strong>Approach Comunica\u00e7\u00e3o<\/strong><\/p>\n","protected":false},"excerpt":{"rendered":"<p>A Bradesco Seguros lan\u00e7ou nova segmenta\u00e7\u00e3o para o Bradesco Seguro Equipamentos. O produto faz parte do projeto de inova\u00e7\u00e3o da seguradora que tem o objetivo de ampliar a oferta de coberturas e melhorar a experi\u00eancia de consumidores e corretores no momento da contrata\u00e7\u00e3o dos produtos, bem como nos avisos de sinistros, acionamento de assist\u00eancias, servi\u00e7os. [&hellip;]<\/p>\n","protected":false},"author":2,"featured_media":32335,"comment_status":"open","ping_status":"open","sticky":false,"template":"","format":"standard","meta":[],"categories":[413],"tags":[1145,1143,1144,599,1148,1147,1149,1146],"jetpack_featured_media_url":"https:\/\/insurancecorp.com.br\/pt\/wp-content\/uploads\/2022\/02\/Agnaldo-Abrahao-CEO-do-ITA-Seguro-Viagem-2-3.jpeg","yoast_head":"<!-- This site is optimized with the Yoast SEO plugin v14.8 - https:\/\/yoast.com\/wordpress\/plugins\/seo\/ -->\n<title>Bradesco Seguros anuncia novas coberturas para equipamentos musicais | Revista Insurance Corp | PT-BR<\/title>\n<meta name=\"robots\" content=\"index, follow\" \/>\n<meta name=\"googlebot\" content=\"index, follow, max-snippet:-1, max-image-preview:large, max-video-preview:-1\" \/>\n<meta name=\"bingbot\" content=\"index, follow, max-snippet:-1, max-image-preview:large, max-video-preview:-1\" \/>\n<link rel=\"canonical\" href=\"https:\/\/insurancecorp.com.br\/pt\/2022\/02\/17\/bradesco-seguros-anuncia-novas-coberturas-para-equipamentos-musicais\/\" \/>\n<meta property=\"og:locale\" content=\"pt_BR\" \/>\n<meta property=\"og:type\" content=\"article\" \/>\n<meta property=\"og:title\" content=\"Bradesco Seguros anuncia novas coberturas para equipamentos musicais | Revista Insurance Corp | PT-BR\" \/>\n<meta property=\"og:description\" content=\"A Bradesco Seguros lan\u00e7ou nova segmenta\u00e7\u00e3o para o Bradesco Seguro Equipamentos. O produto faz parte do projeto de inova\u00e7\u00e3o da seguradora que tem o objetivo de ampliar a oferta de coberturas e melhorar a experi\u00eancia de consumidores e corretores no momento da contrata\u00e7\u00e3o dos produtos, bem como nos avisos de sinistros, acionamento de assist\u00eancias, servi\u00e7os. [&hellip;]\" \/>\n<meta property=\"og:url\" content=\"https:\/\/insurancecorp.com.br\/pt\/2022\/02\/17\/bradesco-seguros-anuncia-novas-coberturas-para-equipamentos-musicais\/\" \/>\n<meta property=\"og:site_name\" content=\"Revista Insurance Corp | PT-BR\" \/>\n<meta property=\"article:publisher\" content=\"https:\/\/www.facebook.com\/RevistaInsuranceCorp\/\" \/>\n<meta property=\"article:published_time\" content=\"2022-02-17T23:18:49+00:00\" \/>\n<meta property=\"article:modified_time\" content=\"2022-02-17T23:19:24+00:00\" \/>\n<meta property=\"og:image\" content=\"https:\/\/insurancecorp.com.br\/pt\/wp-content\/uploads\/2022\/02\/Agnaldo-Abrahao-CEO-do-ITA-Seguro-Viagem-2-3.jpeg\" \/>\n\t<meta property=\"og:image:width\" content=\"1024\" \/>\n\t<meta property=\"og:image:height\" content=\"683\" \/>\n<meta name=\"twitter:card\" content=\"summary\" \/>\n<script type=\"application\/ld+json\" class=\"yoast-schema-graph\">{\"@context\":\"https:\/\/schema.org\",\"@graph\":[{\"@type\":\"Organization\",\"@id\":\"https:\/\/insurancecorp.com.br\/pt\/#organization\",\"name\":\"Revista Insurance Corp\",\"url\":\"https:\/\/insurancecorp.com.br\/pt\/\",\"sameAs\":[\"https:\/\/www.facebook.com\/RevistaInsuranceCorp\/\"],\"logo\":{\"@type\":\"ImageObject\",\"@id\":\"https:\/\/insurancecorp.com.br\/pt\/#logo\",\"inLanguage\":\"pt-BR\",\"url\":\"\",\"caption\":\"Revista Insurance Corp\"},\"image\":{\"@id\":\"https:\/\/insurancecorp.com.br\/pt\/#logo\"}},{\"@type\":\"WebSite\",\"@id\":\"https:\/\/insurancecorp.com.br\/pt\/#website\",\"url\":\"https:\/\/insurancecorp.com.br\/pt\/\",\"name\":\"Revista Insurance Corp | PT-BR\",\"description\":\"A \\u00fanica revista bil\\u00edngue voltada ao mercado de seguro.\",\"publisher\":{\"@id\":\"https:\/\/insurancecorp.com.br\/pt\/#organization\"},\"potentialAction\":[{\"@type\":\"SearchAction\",\"target\":\"https:\/\/insurancecorp.com.br\/pt\/?s={search_term_string}\",\"query-input\":\"required name=search_term_string\"}],\"inLanguage\":\"pt-BR\"},{\"@type\":\"ImageObject\",\"@id\":\"https:\/\/insurancecorp.com.br\/pt\/2022\/02\/17\/bradesco-seguros-anuncia-novas-coberturas-para-equipamentos-musicais\/#primaryimage\",\"inLanguage\":\"pt-BR\",\"url\":\"https:\/\/insurancecorp.com.br\/pt\/wp-content\/uploads\/2022\/02\/Agnaldo-Abrahao-CEO-do-ITA-Seguro-Viagem-2-3.jpeg\",\"width\":1024,\"height\":683},{\"@type\":\"WebPage\",\"@id\":\"https:\/\/insurancecorp.com.br\/pt\/2022\/02\/17\/bradesco-seguros-anuncia-novas-coberturas-para-equipamentos-musicais\/#webpage\",\"url\":\"https:\/\/insurancecorp.com.br\/pt\/2022\/02\/17\/bradesco-seguros-anuncia-novas-coberturas-para-equipamentos-musicais\/\",\"name\":\"Bradesco Seguros anuncia novas coberturas para equipamentos musicais | Revista Insurance Corp | PT-BR\",\"isPartOf\":{\"@id\":\"https:\/\/insurancecorp.com.br\/pt\/#website\"},\"primaryImageOfPage\":{\"@id\":\"https:\/\/insurancecorp.com.br\/pt\/2022\/02\/17\/bradesco-seguros-anuncia-novas-coberturas-para-equipamentos-musicais\/#primaryimage\"},\"datePublished\":\"2022-02-17T23:18:49+00:00\",\"dateModified\":\"2022-02-17T23:19:24+00:00\",\"inLanguage\":\"pt-BR\",\"potentialAction\":[{\"@type\":\"ReadAction\",\"target\":[\"https:\/\/insurancecorp.com.br\/pt\/2022\/02\/17\/bradesco-seguros-anuncia-novas-coberturas-para-equipamentos-musicais\/\"]}]},{\"@type\":\"Article\",\"@id\":\"https:\/\/insurancecorp.com.br\/pt\/2022\/02\/17\/bradesco-seguros-anuncia-novas-coberturas-para-equipamentos-musicais\/#article\",\"isPartOf\":{\"@id\":\"https:\/\/insurancecorp.com.br\/pt\/2022\/02\/17\/bradesco-seguros-anuncia-novas-coberturas-para-equipamentos-musicais\/#webpage\"},\"author\":{\"@id\":\"https:\/\/insurancecorp.com.br\/pt\/#\/schema\/person\/1b69c8cf325f0b7167f1b171f52df4af\"},\"headline\":\"Bradesco Seguros anuncia novas coberturas para equipamentos musicais\",\"datePublished\":\"2022-02-17T23:18:49+00:00\",\"dateModified\":\"2022-02-17T23:19:24+00:00\",\"mainEntityOfPage\":{\"@id\":\"https:\/\/insurancecorp.com.br\/pt\/2022\/02\/17\/bradesco-seguros-anuncia-novas-coberturas-para-equipamentos-musicais\/#webpage\"},\"commentCount\":0,\"publisher\":{\"@id\":\"https:\/\/insurancecorp.com.br\/pt\/#organization\"},\"image\":{\"@id\":\"https:\/\/insurancecorp.com.br\/pt\/2022\/02\/17\/bradesco-seguros-anuncia-novas-coberturas-para-equipamentos-musicais\/#primaryimage\"},\"keywords\":\"assist\\u00eancia,Bradesco Seguros para equipamentos musicais,inova\\u00e7\\u00e3o nos seguros,mercado de seguros,pagamento de loca\\u00e7\\u00e3o,perda ou danos nos equipamentos,seguro inovador,suporte\",\"articleSection\":\"Bradesco Seguros\",\"inLanguage\":\"pt-BR\",\"potentialAction\":[{\"@type\":\"CommentAction\",\"name\":\"Comment\",\"target\":[\"https:\/\/insurancecorp.com.br\/pt\/2022\/02\/17\/bradesco-seguros-anuncia-novas-coberturas-para-equipamentos-musicais\/#respond\"]}]},{\"@type\":\"Person\",\"@id\":\"https:\/\/insurancecorp.com.br\/pt\/#\/schema\/person\/1b69c8cf325f0b7167f1b171f52df4af\",\"name\":\"Publica\\u00e7\\u00e3o\",\"image\":{\"@type\":\"ImageObject\",\"@id\":\"https:\/\/insurancecorp.com.br\/pt\/#personlogo\",\"inLanguage\":\"pt-BR\",\"url\":\"https:\/\/secure.gravatar.com\/avatar\/17226f1f60486eb25d4c6b301ffed37f?s=96&d=mm&r=g\",\"caption\":\"Publica\\u00e7\\u00e3o\"}}]}<\/script>\n<!-- \/ Yoast SEO plugin. -->","_links":{"self":[{"href":"https:\/\/insurancecorp.com.br\/pt\/wp-json\/wp\/v2\/posts\/32334"}],"collection":[{"href":"https:\/\/insurancecorp.com.br\/pt\/wp-json\/wp\/v2\/posts"}],"about":[{"href":"https:\/\/insurancecorp.com.br\/pt\/wp-json\/wp\/v2\/types\/post"}],"author":[{"embeddable":true,"href":"https:\/\/insurancecorp.com.br\/pt\/wp-json\/wp\/v2\/users\/2"}],"replies":[{"embeddable":true,"href":"https:\/\/insurancecorp.com.br\/pt\/wp-json\/wp\/v2\/comments?post=32334"}],"version-history":[{"count":1,"href":"https:\/\/insurancecorp.com.br\/pt\/wp-json\/wp\/v2\/posts\/32334\/revisions"}],"predecessor-version":[{"id":32336,"href":"https:\/\/insurancecorp.com.br\/pt\/wp-json\/wp\/v2\/posts\/32334\/revisions\/32336"}],"wp:featuredmedia":[{"embeddable":true,"href":"https:\/\/insurancecorp.com.br\/pt\/wp-json\/wp\/v2\/media\/32335"}],"wp:attachment":[{"href":"https:\/\/insurancecorp.com.br\/pt\/wp-json\/wp\/v2\/media?parent=32334"}],"wp:term":[{"taxonomy":"category","embeddable":true,"href":"https:\/\/insurancecorp.com.br\/pt\/wp-json\/wp\/v2\/categories?post=32334"},{"taxonomy":"post_tag","embeddable":true,"href":"https:\/\/insurancecorp.com.br\/pt\/wp-json\/wp\/v2\/tags?post=32334"}],"curies":[{"name":"wp","href":"https:\/\/api.w.org\/{rel}","templated":true}]}}