{"id":31620,"date":"2022-01-17T18:53:23","date_gmt":"2022-01-17T21:53:23","guid":{"rendered":"https:\/\/insurancecorp.com.br\/pt\/?p=31620"},"modified":"2022-01-17T18:54:13","modified_gmt":"2022-01-17T21:54:13","slug":"zurich-anuncia-novo-superintendente-de-subscricao","status":"publish","type":"post","link":"https:\/\/insurancecorp.com.br\/pt\/2022\/01\/17\/zurich-anuncia-novo-superintendente-de-subscricao\/","title":{"rendered":"Zurich anuncia novo Superintendente de Subscri\u00e7\u00e3o"},"content":{"rendered":"<p>Leandro Cordeiro \u00e9 o novo Superintendente de Subscri\u00e7\u00e3o da Zurich no Brasil. Com mais de 15 anos de experi\u00eancia na \u00e1rea de seguros de vida, o executivo passa a fazer parte do time de Vida e Previd\u00eancia da seguradora e chega com a miss\u00e3o de ampliar e fortalecer a participa\u00e7\u00e3o da empresa nesta importante linha de neg\u00f3cio. Seu objetivo \u00e9 promover o crescimento sustent\u00e1vel, buscando solu\u00e7\u00f5es rent\u00e1veis e inovadoras.<br \/>\nFormado em ci\u00eancias atuariais pelas Faculdades Metropolitanas Unidas (FMU), Leandro possui um MBA em gest\u00e3o empresarial e estrat\u00e9gia pela Business School S\u00e3o Paulo (BSP).<br \/>\nAntes de ingressar na Zurich, teve passagens nas \u00e1reas de underwritting (subscri\u00e7\u00e3o), pricing e produtos de empresas como MetLife Brasil, MetLife Col\u00f4mbia e Santander.<\/p>\n<p><strong>Conte\u00fado Comunica\u00e7\u00e3o<\/strong><\/p>\n","protected":false},"excerpt":{"rendered":"<p>Leandro Cordeiro \u00e9 o novo Superintendente de Subscri\u00e7\u00e3o da Zurich no Brasil. Com mais de 15 anos de experi\u00eancia na \u00e1rea de seguros de vida, o executivo passa a fazer parte do time de Vida e Previd\u00eancia da seguradora e chega com a miss\u00e3o de ampliar e fortalecer a participa\u00e7\u00e3o da empresa nesta importante linha [&hellip;]<\/p>\n","protected":false},"author":2,"featured_media":31621,"comment_status":"open","ping_status":"open","sticky":false,"template":"","format":"standard","meta":[],"categories":[523],"tags":[],"jetpack_featured_media_url":"https:\/\/insurancecorp.com.br\/pt\/wp-content\/uploads\/2022\/01\/Boris-Ber-7-scaled.jpg","yoast_head":"<!-- This site is optimized with the Yoast SEO plugin v14.8 - https:\/\/yoast.com\/wordpress\/plugins\/seo\/ -->\n<title>Zurich anuncia novo Superintendente de Subscri\u00e7\u00e3o | Revista Insurance Corp | PT-BR<\/title>\n<meta name=\"robots\" content=\"index, follow\" \/>\n<meta name=\"googlebot\" content=\"index, follow, max-snippet:-1, max-image-preview:large, max-video-preview:-1\" \/>\n<meta name=\"bingbot\" content=\"index, follow, max-snippet:-1, max-image-preview:large, max-video-preview:-1\" \/>\n<link rel=\"canonical\" href=\"https:\/\/insurancecorp.com.br\/pt\/2022\/01\/17\/zurich-anuncia-novo-superintendente-de-subscricao\/\" \/>\n<meta property=\"og:locale\" content=\"pt_BR\" \/>\n<meta property=\"og:type\" content=\"article\" \/>\n<meta property=\"og:title\" content=\"Zurich anuncia novo Superintendente de Subscri\u00e7\u00e3o | Revista Insurance Corp | PT-BR\" \/>\n<meta property=\"og:description\" content=\"Leandro Cordeiro \u00e9 o novo Superintendente de Subscri\u00e7\u00e3o da Zurich no Brasil. Com mais de 15 anos de experi\u00eancia na \u00e1rea de seguros de vida, o executivo passa a fazer parte do time de Vida e Previd\u00eancia da seguradora e chega com a miss\u00e3o de ampliar e fortalecer a participa\u00e7\u00e3o da empresa nesta importante linha [&hellip;]\" \/>\n<meta property=\"og:url\" content=\"https:\/\/insurancecorp.com.br\/pt\/2022\/01\/17\/zurich-anuncia-novo-superintendente-de-subscricao\/\" \/>\n<meta property=\"og:site_name\" content=\"Revista Insurance Corp | PT-BR\" \/>\n<meta property=\"article:publisher\" content=\"https:\/\/www.facebook.com\/RevistaInsuranceCorp\/\" \/>\n<meta property=\"article:published_time\" content=\"2022-01-17T21:53:23+00:00\" \/>\n<meta property=\"article:modified_time\" content=\"2022-01-17T21:54:13+00:00\" \/>\n<meta property=\"og:image\" content=\"https:\/\/insurancecorp.com.br\/pt\/wp-content\/uploads\/2022\/01\/Boris-Ber-7-scaled.jpg\" \/>\n\t<meta property=\"og:image:width\" content=\"2549\" \/>\n\t<meta property=\"og:image:height\" content=\"2560\" \/>\n<meta name=\"twitter:card\" content=\"summary\" \/>\n<script type=\"application\/ld+json\" class=\"yoast-schema-graph\">{\"@context\":\"https:\/\/schema.org\",\"@graph\":[{\"@type\":\"Organization\",\"@id\":\"https:\/\/insurancecorp.com.br\/pt\/#organization\",\"name\":\"Revista Insurance Corp\",\"url\":\"https:\/\/insurancecorp.com.br\/pt\/\",\"sameAs\":[\"https:\/\/www.facebook.com\/RevistaInsuranceCorp\/\"],\"logo\":{\"@type\":\"ImageObject\",\"@id\":\"https:\/\/insurancecorp.com.br\/pt\/#logo\",\"inLanguage\":\"pt-BR\",\"url\":\"\",\"caption\":\"Revista Insurance Corp\"},\"image\":{\"@id\":\"https:\/\/insurancecorp.com.br\/pt\/#logo\"}},{\"@type\":\"WebSite\",\"@id\":\"https:\/\/insurancecorp.com.br\/pt\/#website\",\"url\":\"https:\/\/insurancecorp.com.br\/pt\/\",\"name\":\"Revista Insurance Corp | PT-BR\",\"description\":\"A \\u00fanica revista bil\\u00edngue voltada ao mercado de seguro.\",\"publisher\":{\"@id\":\"https:\/\/insurancecorp.com.br\/pt\/#organization\"},\"potentialAction\":[{\"@type\":\"SearchAction\",\"target\":\"https:\/\/insurancecorp.com.br\/pt\/?s={search_term_string}\",\"query-input\":\"required name=search_term_string\"}],\"inLanguage\":\"pt-BR\"},{\"@type\":\"ImageObject\",\"@id\":\"https:\/\/insurancecorp.com.br\/pt\/2022\/01\/17\/zurich-anuncia-novo-superintendente-de-subscricao\/#primaryimage\",\"inLanguage\":\"pt-BR\",\"url\":\"https:\/\/insurancecorp.com.br\/pt\/wp-content\/uploads\/2022\/01\/Boris-Ber-7-scaled.jpg\",\"width\":2549,\"height\":2560},{\"@type\":\"WebPage\",\"@id\":\"https:\/\/insurancecorp.com.br\/pt\/2022\/01\/17\/zurich-anuncia-novo-superintendente-de-subscricao\/#webpage\",\"url\":\"https:\/\/insurancecorp.com.br\/pt\/2022\/01\/17\/zurich-anuncia-novo-superintendente-de-subscricao\/\",\"name\":\"Zurich anuncia novo Superintendente de Subscri\\u00e7\\u00e3o | Revista Insurance Corp | PT-BR\",\"isPartOf\":{\"@id\":\"https:\/\/insurancecorp.com.br\/pt\/#website\"},\"primaryImageOfPage\":{\"@id\":\"https:\/\/insurancecorp.com.br\/pt\/2022\/01\/17\/zurich-anuncia-novo-superintendente-de-subscricao\/#primaryimage\"},\"datePublished\":\"2022-01-17T21:53:23+00:00\",\"dateModified\":\"2022-01-17T21:54:13+00:00\",\"inLanguage\":\"pt-BR\",\"potentialAction\":[{\"@type\":\"ReadAction\",\"target\":[\"https:\/\/insurancecorp.com.br\/pt\/2022\/01\/17\/zurich-anuncia-novo-superintendente-de-subscricao\/\"]}]},{\"@type\":\"Article\",\"@id\":\"https:\/\/insurancecorp.com.br\/pt\/2022\/01\/17\/zurich-anuncia-novo-superintendente-de-subscricao\/#article\",\"isPartOf\":{\"@id\":\"https:\/\/insurancecorp.com.br\/pt\/2022\/01\/17\/zurich-anuncia-novo-superintendente-de-subscricao\/#webpage\"},\"author\":{\"@id\":\"https:\/\/insurancecorp.com.br\/pt\/#\/schema\/person\/1b69c8cf325f0b7167f1b171f52df4af\"},\"headline\":\"Zurich anuncia novo Superintendente de Subscri\\u00e7\\u00e3o\",\"datePublished\":\"2022-01-17T21:53:23+00:00\",\"dateModified\":\"2022-01-17T21:54:13+00:00\",\"mainEntityOfPage\":{\"@id\":\"https:\/\/insurancecorp.com.br\/pt\/2022\/01\/17\/zurich-anuncia-novo-superintendente-de-subscricao\/#webpage\"},\"commentCount\":0,\"publisher\":{\"@id\":\"https:\/\/insurancecorp.com.br\/pt\/#organization\"},\"image\":{\"@id\":\"https:\/\/insurancecorp.com.br\/pt\/2022\/01\/17\/zurich-anuncia-novo-superintendente-de-subscricao\/#primaryimage\"},\"articleSection\":\"Zurich no Brasil\",\"inLanguage\":\"pt-BR\",\"potentialAction\":[{\"@type\":\"CommentAction\",\"name\":\"Comment\",\"target\":[\"https:\/\/insurancecorp.com.br\/pt\/2022\/01\/17\/zurich-anuncia-novo-superintendente-de-subscricao\/#respond\"]}]},{\"@type\":\"Person\",\"@id\":\"https:\/\/insurancecorp.com.br\/pt\/#\/schema\/person\/1b69c8cf325f0b7167f1b171f52df4af\",\"name\":\"Publica\\u00e7\\u00e3o\",\"image\":{\"@type\":\"ImageObject\",\"@id\":\"https:\/\/insurancecorp.com.br\/pt\/#personlogo\",\"inLanguage\":\"pt-BR\",\"url\":\"https:\/\/secure.gravatar.com\/avatar\/17226f1f60486eb25d4c6b301ffed37f?s=96&d=mm&r=g\",\"caption\":\"Publica\\u00e7\\u00e3o\"}}]}<\/script>\n<!-- \/ Yoast SEO plugin. -->","_links":{"self":[{"href":"https:\/\/insurancecorp.com.br\/pt\/wp-json\/wp\/v2\/posts\/31620"}],"collection":[{"href":"https:\/\/insurancecorp.com.br\/pt\/wp-json\/wp\/v2\/posts"}],"about":[{"href":"https:\/\/insurancecorp.com.br\/pt\/wp-json\/wp\/v2\/types\/post"}],"author":[{"embeddable":true,"href":"https:\/\/insurancecorp.com.br\/pt\/wp-json\/wp\/v2\/users\/2"}],"replies":[{"embeddable":true,"href":"https:\/\/insurancecorp.com.br\/pt\/wp-json\/wp\/v2\/comments?post=31620"}],"version-history":[{"count":2,"href":"https:\/\/insurancecorp.com.br\/pt\/wp-json\/wp\/v2\/posts\/31620\/revisions"}],"predecessor-version":[{"id":31623,"href":"https:\/\/insurancecorp.com.br\/pt\/wp-json\/wp\/v2\/posts\/31620\/revisions\/31623"}],"wp:featuredmedia":[{"embeddable":true,"href":"https:\/\/insurancecorp.com.br\/pt\/wp-json\/wp\/v2\/media\/31621"}],"wp:attachment":[{"href":"https:\/\/insurancecorp.com.br\/pt\/wp-json\/wp\/v2\/media?parent=31620"}],"wp:term":[{"taxonomy":"category","embeddable":true,"href":"https:\/\/insurancecorp.com.br\/pt\/wp-json\/wp\/v2\/categories?post=31620"},{"taxonomy":"post_tag","embeddable":true,"href":"https:\/\/insurancecorp.com.br\/pt\/wp-json\/wp\/v2\/tags?post=31620"}],"curies":[{"name":"wp","href":"https:\/\/api.w.org\/{rel}","templated":true}]}}