{"id":31616,"date":"2022-01-17T18:40:16","date_gmt":"2022-01-17T21:40:16","guid":{"rendered":"https:\/\/insurancecorp.com.br\/pt\/?p=31616"},"modified":"2022-01-17T18:40:33","modified_gmt":"2022-01-17T21:40:33","slug":"cobertura-para-casa-de-veraneio-e-essencial-contra-possiveis-imprevistos","status":"publish","type":"post","link":"https:\/\/insurancecorp.com.br\/pt\/2022\/01\/17\/cobertura-para-casa-de-veraneio-e-essencial-contra-possiveis-imprevistos\/","title":{"rendered":"Cobertura para casa de veraneio \u00e9 essencial contra poss\u00edveis imprevistos"},"content":{"rendered":"<p>No per\u00edodo de ver\u00e3o \u00e9 comum que as fam\u00edlias viagem para casas de veraneio para desfrutarem das f\u00e9rias. Raquel Costa, Superintendente da Bradesco Seguros de Ramos Elementares, chama a aten\u00e7\u00e3o para caracter\u00edsticas de manuten\u00e7\u00e3o e riscos ampliados desse tipo de moradia, que, \u00e0s vezes, s\u00e3o negligenciadas em raz\u00e3o do pouco uso ao longo do ano. O seguro de casas de veraneio traz a seguran\u00e7a necess\u00e1ria para os propriet\u00e1rios. <\/p>\n<p>\u201cCasas na praia ou no campo est\u00e3o sujeitas a poss\u00edveis danos da natureza, como vendavais, chuvas de granizo e, principalmente, alagamentos. Al\u00e9m disso, devido \u00e0 utiliza\u00e7\u00e3o espor\u00e1dica, o im\u00f3vel pode apresentar danos el\u00e9tricos e afins. Isso sem contar a possibilidade ampliada de roubos e furtos, j\u00e1 que a casa fica, na maior parte do tempo, vazia. Ter um seguro para garantir a tranquilidade e prote\u00e7\u00e3o ao patrim\u00f4nio em situa\u00e7\u00f5es adversas \u00e9 essencial\u201d, destaca Raquel. <\/p>\n<p>O Bradesco Seguro Residencial Sob Medida contempla coberturas para casa de veraneio. No pacote b\u00e1sico, prote\u00e7\u00e3o contra inc\u00eandio, explos\u00e3o, queda de raios, entre outros, e ainda coberturas acess\u00f3rias, contratada a parte, de acordo com a necessidade do consumidor, como alagamentos e inunda\u00e7\u00f5es, desmoronamento, ruptura de tubula\u00e7\u00f5es, danos ao jardim, roubo e furto qualificado, danos el\u00e9tricos, vendavais entre outras prote\u00e7\u00f5es. O seguro ainda disponibiliza assist\u00eancias emergenciais gratuitas 24h por dia, como chaveiro, vidraceiro, servi\u00e7o de m\u00e3o de obra el\u00e9trica e hidr\u00e1ulica, entre outros. <\/p>\n<p><strong>Qual o valor de im\u00f3vel deve cobrir na ap\u00f3lice? <\/strong><br \/>\nAo buscar um seguro residencial para a casa de veraneio, \u00e9 fundamental avaliar os valores referentes a cada cobertura para n\u00e3o subestimar ou exagerar na contrata\u00e7\u00e3o. Conversar com consultores especializados pode ajudar a elucidar algumas d\u00favidas e decidir a cobertura que se encaixa melhor em cada perfil. Vale a pena comparar diferentes simula\u00e7\u00f5es at\u00e9 chegar \u00e0 op\u00e7\u00e3o que melhor atende \u00e0s necessidades de cada pessoa. <\/p>\n<p>\u201cO valor da cobertura contratada deve contemplar a reconstru\u00e7\u00e3o, reparo ou indeniza\u00e7\u00e3o do bem assegurado. Por exemplo, a cobertura residencial n\u00e3o precisa ser, necessariamente, sobre o valor de mercado do im\u00f3vel, uma vez que este tamb\u00e9m leva em considera\u00e7\u00e3o a funda\u00e7\u00e3o, alicerce e o terreno da casa ou do apartamento\u201d, conclui a executiva. <\/p>\n<p><strong>Approach Comunica\u00e7\u00e3o<\/strong><\/p>\n<p>Foto: Raquel Costa, Superintendente da Bradesco Seguros de Ramos Elementares<\/p>\n","protected":false},"excerpt":{"rendered":"<p>No per\u00edodo de ver\u00e3o \u00e9 comum que as fam\u00edlias viagem para casas de veraneio para desfrutarem das f\u00e9rias. Raquel Costa, Superintendente da Bradesco Seguros de Ramos Elementares, chama a aten\u00e7\u00e3o para caracter\u00edsticas de manuten\u00e7\u00e3o e riscos ampliados desse tipo de moradia, que, \u00e0s vezes, s\u00e3o negligenciadas em raz\u00e3o do pouco uso ao longo do ano. [&hellip;]<\/p>\n","protected":false},"author":2,"featured_media":31617,"comment_status":"open","ping_status":"open","sticky":false,"template":"","format":"standard","meta":[],"categories":[413],"tags":[],"jetpack_featured_media_url":"https:\/\/insurancecorp.com.br\/pt\/wp-content\/uploads\/2022\/01\/100-Melhores-Fornecedores-para-RH.jpeg","yoast_head":"<!-- This site is optimized with the Yoast SEO plugin v14.8 - https:\/\/yoast.com\/wordpress\/plugins\/seo\/ -->\n<title>Cobertura para casa de veraneio \u00e9 essencial contra poss\u00edveis imprevistos | Revista Insurance Corp | PT-BR<\/title>\n<meta name=\"robots\" content=\"index, follow\" \/>\n<meta name=\"googlebot\" content=\"index, follow, max-snippet:-1, max-image-preview:large, max-video-preview:-1\" \/>\n<meta name=\"bingbot\" content=\"index, follow, max-snippet:-1, max-image-preview:large, max-video-preview:-1\" \/>\n<link rel=\"canonical\" href=\"https:\/\/insurancecorp.com.br\/pt\/2022\/01\/17\/cobertura-para-casa-de-veraneio-e-essencial-contra-possiveis-imprevistos\/\" \/>\n<meta property=\"og:locale\" content=\"pt_BR\" \/>\n<meta property=\"og:type\" content=\"article\" \/>\n<meta property=\"og:title\" content=\"Cobertura para casa de veraneio \u00e9 essencial contra poss\u00edveis imprevistos | Revista Insurance Corp | PT-BR\" \/>\n<meta property=\"og:description\" content=\"No per\u00edodo de ver\u00e3o \u00e9 comum que as fam\u00edlias viagem para casas de veraneio para desfrutarem das f\u00e9rias. Raquel Costa, Superintendente da Bradesco Seguros de Ramos Elementares, chama a aten\u00e7\u00e3o para caracter\u00edsticas de manuten\u00e7\u00e3o e riscos ampliados desse tipo de moradia, que, \u00e0s vezes, s\u00e3o negligenciadas em raz\u00e3o do pouco uso ao longo do ano. [&hellip;]\" \/>\n<meta property=\"og:url\" content=\"https:\/\/insurancecorp.com.br\/pt\/2022\/01\/17\/cobertura-para-casa-de-veraneio-e-essencial-contra-possiveis-imprevistos\/\" \/>\n<meta property=\"og:site_name\" content=\"Revista Insurance Corp | PT-BR\" \/>\n<meta property=\"article:publisher\" content=\"https:\/\/www.facebook.com\/RevistaInsuranceCorp\/\" \/>\n<meta property=\"article:published_time\" content=\"2022-01-17T21:40:16+00:00\" \/>\n<meta property=\"article:modified_time\" content=\"2022-01-17T21:40:33+00:00\" \/>\n<meta property=\"og:image\" content=\"https:\/\/insurancecorp.com.br\/pt\/wp-content\/uploads\/2022\/01\/100-Melhores-Fornecedores-para-RH.jpeg\" \/>\n\t<meta property=\"og:image:width\" content=\"1024\" \/>\n\t<meta property=\"og:image:height\" content=\"683\" \/>\n<meta name=\"twitter:card\" content=\"summary\" \/>\n<script type=\"application\/ld+json\" class=\"yoast-schema-graph\">{\"@context\":\"https:\/\/schema.org\",\"@graph\":[{\"@type\":\"Organization\",\"@id\":\"https:\/\/insurancecorp.com.br\/pt\/#organization\",\"name\":\"Revista Insurance Corp\",\"url\":\"https:\/\/insurancecorp.com.br\/pt\/\",\"sameAs\":[\"https:\/\/www.facebook.com\/RevistaInsuranceCorp\/\"],\"logo\":{\"@type\":\"ImageObject\",\"@id\":\"https:\/\/insurancecorp.com.br\/pt\/#logo\",\"inLanguage\":\"pt-BR\",\"url\":\"\",\"caption\":\"Revista Insurance Corp\"},\"image\":{\"@id\":\"https:\/\/insurancecorp.com.br\/pt\/#logo\"}},{\"@type\":\"WebSite\",\"@id\":\"https:\/\/insurancecorp.com.br\/pt\/#website\",\"url\":\"https:\/\/insurancecorp.com.br\/pt\/\",\"name\":\"Revista Insurance Corp | PT-BR\",\"description\":\"A \\u00fanica revista bil\\u00edngue voltada ao mercado de seguro.\",\"publisher\":{\"@id\":\"https:\/\/insurancecorp.com.br\/pt\/#organization\"},\"potentialAction\":[{\"@type\":\"SearchAction\",\"target\":\"https:\/\/insurancecorp.com.br\/pt\/?s={search_term_string}\",\"query-input\":\"required name=search_term_string\"}],\"inLanguage\":\"pt-BR\"},{\"@type\":\"ImageObject\",\"@id\":\"https:\/\/insurancecorp.com.br\/pt\/2022\/01\/17\/cobertura-para-casa-de-veraneio-e-essencial-contra-possiveis-imprevistos\/#primaryimage\",\"inLanguage\":\"pt-BR\",\"url\":\"https:\/\/insurancecorp.com.br\/pt\/wp-content\/uploads\/2022\/01\/100-Melhores-Fornecedores-para-RH.jpeg\",\"width\":1024,\"height\":683},{\"@type\":\"WebPage\",\"@id\":\"https:\/\/insurancecorp.com.br\/pt\/2022\/01\/17\/cobertura-para-casa-de-veraneio-e-essencial-contra-possiveis-imprevistos\/#webpage\",\"url\":\"https:\/\/insurancecorp.com.br\/pt\/2022\/01\/17\/cobertura-para-casa-de-veraneio-e-essencial-contra-possiveis-imprevistos\/\",\"name\":\"Cobertura para casa de veraneio \\u00e9 essencial contra poss\\u00edveis imprevistos | Revista Insurance Corp | PT-BR\",\"isPartOf\":{\"@id\":\"https:\/\/insurancecorp.com.br\/pt\/#website\"},\"primaryImageOfPage\":{\"@id\":\"https:\/\/insurancecorp.com.br\/pt\/2022\/01\/17\/cobertura-para-casa-de-veraneio-e-essencial-contra-possiveis-imprevistos\/#primaryimage\"},\"datePublished\":\"2022-01-17T21:40:16+00:00\",\"dateModified\":\"2022-01-17T21:40:33+00:00\",\"inLanguage\":\"pt-BR\",\"potentialAction\":[{\"@type\":\"ReadAction\",\"target\":[\"https:\/\/insurancecorp.com.br\/pt\/2022\/01\/17\/cobertura-para-casa-de-veraneio-e-essencial-contra-possiveis-imprevistos\/\"]}]},{\"@type\":\"Article\",\"@id\":\"https:\/\/insurancecorp.com.br\/pt\/2022\/01\/17\/cobertura-para-casa-de-veraneio-e-essencial-contra-possiveis-imprevistos\/#article\",\"isPartOf\":{\"@id\":\"https:\/\/insurancecorp.com.br\/pt\/2022\/01\/17\/cobertura-para-casa-de-veraneio-e-essencial-contra-possiveis-imprevistos\/#webpage\"},\"author\":{\"@id\":\"https:\/\/insurancecorp.com.br\/pt\/#\/schema\/person\/1b69c8cf325f0b7167f1b171f52df4af\"},\"headline\":\"Cobertura para casa de veraneio \\u00e9 essencial contra poss\\u00edveis imprevistos\",\"datePublished\":\"2022-01-17T21:40:16+00:00\",\"dateModified\":\"2022-01-17T21:40:33+00:00\",\"mainEntityOfPage\":{\"@id\":\"https:\/\/insurancecorp.com.br\/pt\/2022\/01\/17\/cobertura-para-casa-de-veraneio-e-essencial-contra-possiveis-imprevistos\/#webpage\"},\"commentCount\":0,\"publisher\":{\"@id\":\"https:\/\/insurancecorp.com.br\/pt\/#organization\"},\"image\":{\"@id\":\"https:\/\/insurancecorp.com.br\/pt\/2022\/01\/17\/cobertura-para-casa-de-veraneio-e-essencial-contra-possiveis-imprevistos\/#primaryimage\"},\"articleSection\":\"Bradesco Seguros\",\"inLanguage\":\"pt-BR\",\"potentialAction\":[{\"@type\":\"CommentAction\",\"name\":\"Comment\",\"target\":[\"https:\/\/insurancecorp.com.br\/pt\/2022\/01\/17\/cobertura-para-casa-de-veraneio-e-essencial-contra-possiveis-imprevistos\/#respond\"]}]},{\"@type\":\"Person\",\"@id\":\"https:\/\/insurancecorp.com.br\/pt\/#\/schema\/person\/1b69c8cf325f0b7167f1b171f52df4af\",\"name\":\"Publica\\u00e7\\u00e3o\",\"image\":{\"@type\":\"ImageObject\",\"@id\":\"https:\/\/insurancecorp.com.br\/pt\/#personlogo\",\"inLanguage\":\"pt-BR\",\"url\":\"https:\/\/secure.gravatar.com\/avatar\/17226f1f60486eb25d4c6b301ffed37f?s=96&d=mm&r=g\",\"caption\":\"Publica\\u00e7\\u00e3o\"}}]}<\/script>\n<!-- \/ Yoast SEO plugin. -->","_links":{"self":[{"href":"https:\/\/insurancecorp.com.br\/pt\/wp-json\/wp\/v2\/posts\/31616"}],"collection":[{"href":"https:\/\/insurancecorp.com.br\/pt\/wp-json\/wp\/v2\/posts"}],"about":[{"href":"https:\/\/insurancecorp.com.br\/pt\/wp-json\/wp\/v2\/types\/post"}],"author":[{"embeddable":true,"href":"https:\/\/insurancecorp.com.br\/pt\/wp-json\/wp\/v2\/users\/2"}],"replies":[{"embeddable":true,"href":"https:\/\/insurancecorp.com.br\/pt\/wp-json\/wp\/v2\/comments?post=31616"}],"version-history":[{"count":2,"href":"https:\/\/insurancecorp.com.br\/pt\/wp-json\/wp\/v2\/posts\/31616\/revisions"}],"predecessor-version":[{"id":31619,"href":"https:\/\/insurancecorp.com.br\/pt\/wp-json\/wp\/v2\/posts\/31616\/revisions\/31619"}],"wp:featuredmedia":[{"embeddable":true,"href":"https:\/\/insurancecorp.com.br\/pt\/wp-json\/wp\/v2\/media\/31617"}],"wp:attachment":[{"href":"https:\/\/insurancecorp.com.br\/pt\/wp-json\/wp\/v2\/media?parent=31616"}],"wp:term":[{"taxonomy":"category","embeddable":true,"href":"https:\/\/insurancecorp.com.br\/pt\/wp-json\/wp\/v2\/categories?post=31616"},{"taxonomy":"post_tag","embeddable":true,"href":"https:\/\/insurancecorp.com.br\/pt\/wp-json\/wp\/v2\/tags?post=31616"}],"curies":[{"name":"wp","href":"https:\/\/api.w.org\/{rel}","templated":true}]}}