{"id":31379,"date":"2021-12-30T15:57:41","date_gmt":"2021-12-30T18:57:41","guid":{"rendered":"https:\/\/insurancecorp.com.br\/pt\/?p=31379"},"modified":"2021-12-30T15:58:12","modified_gmt":"2021-12-30T18:58:12","slug":"zurich-faz-doacao-para-apoiar-familias-no-sul-bahia","status":"publish","type":"post","link":"https:\/\/insurancecorp.com.br\/pt\/2021\/12\/30\/zurich-faz-doacao-para-apoiar-familias-no-sul-bahia\/","title":{"rendered":"Zurich faz doa\u00e7\u00e3o para apoiar fam\u00edlias no Sul Bahia"},"content":{"rendered":"<p>A Zurich no Brasil se uniu ao movimento nacional Uni\u00e3oBR para apoiar as a\u00e7\u00f5es emerg\u00eancias em prol das v\u00edtimas das enchentes no Sul da Bahia. A seguradora fez uma doa\u00e7\u00e3o de R$ 876 mil para a\u00e7\u00f5es de atendimento imediato \u00e0s fam\u00edlias atingidas e para a reconstru\u00e7\u00e3o da infraestrutura das cidades afetadas.<br \/>\nNeste primeiro momento, parte dos recursos ser\u00e3o direcionados para a compra de itens de necessidades b\u00e1sicas como alimentos, roupas, colch\u00f5es e produtos de higiene. Outra parcela ser\u00e1 utilizada para compor os recursos que ser\u00e3o usados na reconstru\u00e7\u00e3o de escolas, creches e postos de sa\u00fade, princ\u00edpio que norteia as a\u00e7\u00f5es de responsabilidade social corporativa da Zurich.<\/p>\n<p>Essa iniciativa da Zurich no Brasil est\u00e1 sendo conduzida em parceria com a ONG Instituto da Crian\u00e7a, gestora dos recursos doados, e com o Movimento Uni\u00e3o BR, que est\u00e1 liderando as a\u00e7\u00f5es locais. Com o apoio de outras empresas e da sociedade civil, j\u00e1 foram distribu\u00eddas 200 toneladas de alimentos para 40 mil fam\u00edlias desabrigadas de 30 cidades do Sul da Bahia.<\/p>\n<p>\u201c\u00c9 um momento dif\u00edcil para todos os moradores da regi\u00e3o e est\u00e1 em nosso DNA a responsabilidade social corporativa de auxiliar as comunidades nos momentos mais adversos, nas situa\u00e7\u00f5es emergenciais e nos momentos de reconstru\u00e7\u00e3o para uma nova vida. Em nome de todos da Zurich deixo aqui uma mensagem de solidariedade \u00e0s fam\u00edlias afetadas e \u00e0 toda a popula\u00e7\u00e3o da Bahia\u201d, diz Edson Franco, CEO da Zurich no Brasil. <\/p>\n<p><strong>Atendimento aos clientes <\/strong><br \/>\nAs a\u00e7\u00f5es locais da Zurich priorizam tamb\u00e9m os seus segurados. Para os clientes residentes na regi\u00e3o, a Zurich preparou uma estrutura exclusiva de monitoramento ativo para oferecer atendimentos emergenciais. \u201cEstamos preparados para atend\u00ea-los em todas as situa\u00e7\u00f5es. Neste momento, nossa prioridade \u00e9 estar ainda mais pr\u00f3ximo dos clientes e oferecer a eles todo suporte necess\u00e1rio\u201d, afirma.  <\/p>\n<p><strong>Conte\u00fado Comunica\u00e7\u00e3o<\/strong><\/p>\n<p>Foto: Edson Franco, CEO da Zurich no Brasil. <\/p>\n","protected":false},"excerpt":{"rendered":"<p>A Zurich no Brasil se uniu ao movimento nacional Uni\u00e3oBR para apoiar as a\u00e7\u00f5es emerg\u00eancias em prol das v\u00edtimas das enchentes no Sul da Bahia. A seguradora fez uma doa\u00e7\u00e3o de R$ 876 mil para a\u00e7\u00f5es de atendimento imediato \u00e0s fam\u00edlias atingidas e para a reconstru\u00e7\u00e3o da infraestrutura das cidades afetadas. Neste primeiro momento, parte [&hellip;]<\/p>\n","protected":false},"author":2,"featured_media":31380,"comment_status":"open","ping_status":"open","sticky":false,"template":"","format":"standard","meta":[],"categories":[523],"tags":[],"jetpack_featured_media_url":"https:\/\/insurancecorp.com.br\/pt\/wp-content\/uploads\/2021\/12\/Amo-minha-turma-9-scaled.jpg","yoast_head":"<!-- This site is optimized with the Yoast SEO plugin v14.8 - https:\/\/yoast.com\/wordpress\/plugins\/seo\/ -->\n<title>Zurich faz doa\u00e7\u00e3o para apoiar fam\u00edlias no Sul Bahia | Revista Insurance Corp | PT-BR<\/title>\n<meta name=\"robots\" content=\"index, follow\" \/>\n<meta name=\"googlebot\" content=\"index, follow, max-snippet:-1, max-image-preview:large, max-video-preview:-1\" \/>\n<meta name=\"bingbot\" content=\"index, follow, max-snippet:-1, max-image-preview:large, max-video-preview:-1\" \/>\n<link rel=\"canonical\" href=\"https:\/\/insurancecorp.com.br\/pt\/2021\/12\/30\/zurich-faz-doacao-para-apoiar-familias-no-sul-bahia\/\" \/>\n<meta property=\"og:locale\" content=\"pt_BR\" \/>\n<meta property=\"og:type\" content=\"article\" \/>\n<meta property=\"og:title\" content=\"Zurich faz doa\u00e7\u00e3o para apoiar fam\u00edlias no Sul Bahia | Revista Insurance Corp | PT-BR\" \/>\n<meta property=\"og:description\" content=\"A Zurich no Brasil se uniu ao movimento nacional Uni\u00e3oBR para apoiar as a\u00e7\u00f5es emerg\u00eancias em prol das v\u00edtimas das enchentes no Sul da Bahia. A seguradora fez uma doa\u00e7\u00e3o de R$ 876 mil para a\u00e7\u00f5es de atendimento imediato \u00e0s fam\u00edlias atingidas e para a reconstru\u00e7\u00e3o da infraestrutura das cidades afetadas. Neste primeiro momento, parte [&hellip;]\" \/>\n<meta property=\"og:url\" content=\"https:\/\/insurancecorp.com.br\/pt\/2021\/12\/30\/zurich-faz-doacao-para-apoiar-familias-no-sul-bahia\/\" \/>\n<meta property=\"og:site_name\" content=\"Revista Insurance Corp | PT-BR\" \/>\n<meta property=\"article:publisher\" content=\"https:\/\/www.facebook.com\/RevistaInsuranceCorp\/\" \/>\n<meta property=\"article:published_time\" content=\"2021-12-30T18:57:41+00:00\" \/>\n<meta property=\"article:modified_time\" content=\"2021-12-30T18:58:12+00:00\" \/>\n<meta property=\"og:image\" content=\"https:\/\/insurancecorp.com.br\/pt\/wp-content\/uploads\/2021\/12\/Amo-minha-turma-9-scaled.jpg\" \/>\n\t<meta property=\"og:image:width\" content=\"2560\" \/>\n\t<meta property=\"og:image:height\" content=\"1707\" \/>\n<meta name=\"twitter:card\" content=\"summary\" \/>\n<script type=\"application\/ld+json\" class=\"yoast-schema-graph\">{\"@context\":\"https:\/\/schema.org\",\"@graph\":[{\"@type\":\"Organization\",\"@id\":\"https:\/\/insurancecorp.com.br\/pt\/#organization\",\"name\":\"Revista Insurance Corp\",\"url\":\"https:\/\/insurancecorp.com.br\/pt\/\",\"sameAs\":[\"https:\/\/www.facebook.com\/RevistaInsuranceCorp\/\"],\"logo\":{\"@type\":\"ImageObject\",\"@id\":\"https:\/\/insurancecorp.com.br\/pt\/#logo\",\"inLanguage\":\"pt-BR\",\"url\":\"\",\"caption\":\"Revista Insurance Corp\"},\"image\":{\"@id\":\"https:\/\/insurancecorp.com.br\/pt\/#logo\"}},{\"@type\":\"WebSite\",\"@id\":\"https:\/\/insurancecorp.com.br\/pt\/#website\",\"url\":\"https:\/\/insurancecorp.com.br\/pt\/\",\"name\":\"Revista Insurance Corp | PT-BR\",\"description\":\"A \\u00fanica revista bil\\u00edngue voltada ao mercado de seguro.\",\"publisher\":{\"@id\":\"https:\/\/insurancecorp.com.br\/pt\/#organization\"},\"potentialAction\":[{\"@type\":\"SearchAction\",\"target\":\"https:\/\/insurancecorp.com.br\/pt\/?s={search_term_string}\",\"query-input\":\"required name=search_term_string\"}],\"inLanguage\":\"pt-BR\"},{\"@type\":\"ImageObject\",\"@id\":\"https:\/\/insurancecorp.com.br\/pt\/2021\/12\/30\/zurich-faz-doacao-para-apoiar-familias-no-sul-bahia\/#primaryimage\",\"inLanguage\":\"pt-BR\",\"url\":\"https:\/\/insurancecorp.com.br\/pt\/wp-content\/uploads\/2021\/12\/Amo-minha-turma-9-scaled.jpg\",\"width\":2560,\"height\":1707,\"caption\":\"Edson Franco\"},{\"@type\":\"WebPage\",\"@id\":\"https:\/\/insurancecorp.com.br\/pt\/2021\/12\/30\/zurich-faz-doacao-para-apoiar-familias-no-sul-bahia\/#webpage\",\"url\":\"https:\/\/insurancecorp.com.br\/pt\/2021\/12\/30\/zurich-faz-doacao-para-apoiar-familias-no-sul-bahia\/\",\"name\":\"Zurich faz doa\\u00e7\\u00e3o para apoiar fam\\u00edlias no Sul Bahia | Revista Insurance Corp | PT-BR\",\"isPartOf\":{\"@id\":\"https:\/\/insurancecorp.com.br\/pt\/#website\"},\"primaryImageOfPage\":{\"@id\":\"https:\/\/insurancecorp.com.br\/pt\/2021\/12\/30\/zurich-faz-doacao-para-apoiar-familias-no-sul-bahia\/#primaryimage\"},\"datePublished\":\"2021-12-30T18:57:41+00:00\",\"dateModified\":\"2021-12-30T18:58:12+00:00\",\"inLanguage\":\"pt-BR\",\"potentialAction\":[{\"@type\":\"ReadAction\",\"target\":[\"https:\/\/insurancecorp.com.br\/pt\/2021\/12\/30\/zurich-faz-doacao-para-apoiar-familias-no-sul-bahia\/\"]}]},{\"@type\":\"Article\",\"@id\":\"https:\/\/insurancecorp.com.br\/pt\/2021\/12\/30\/zurich-faz-doacao-para-apoiar-familias-no-sul-bahia\/#article\",\"isPartOf\":{\"@id\":\"https:\/\/insurancecorp.com.br\/pt\/2021\/12\/30\/zurich-faz-doacao-para-apoiar-familias-no-sul-bahia\/#webpage\"},\"author\":{\"@id\":\"https:\/\/insurancecorp.com.br\/pt\/#\/schema\/person\/1b69c8cf325f0b7167f1b171f52df4af\"},\"headline\":\"Zurich faz doa\\u00e7\\u00e3o para apoiar fam\\u00edlias no Sul Bahia\",\"datePublished\":\"2021-12-30T18:57:41+00:00\",\"dateModified\":\"2021-12-30T18:58:12+00:00\",\"mainEntityOfPage\":{\"@id\":\"https:\/\/insurancecorp.com.br\/pt\/2021\/12\/30\/zurich-faz-doacao-para-apoiar-familias-no-sul-bahia\/#webpage\"},\"commentCount\":0,\"publisher\":{\"@id\":\"https:\/\/insurancecorp.com.br\/pt\/#organization\"},\"image\":{\"@id\":\"https:\/\/insurancecorp.com.br\/pt\/2021\/12\/30\/zurich-faz-doacao-para-apoiar-familias-no-sul-bahia\/#primaryimage\"},\"articleSection\":\"Zurich no Brasil\",\"inLanguage\":\"pt-BR\",\"potentialAction\":[{\"@type\":\"CommentAction\",\"name\":\"Comment\",\"target\":[\"https:\/\/insurancecorp.com.br\/pt\/2021\/12\/30\/zurich-faz-doacao-para-apoiar-familias-no-sul-bahia\/#respond\"]}]},{\"@type\":\"Person\",\"@id\":\"https:\/\/insurancecorp.com.br\/pt\/#\/schema\/person\/1b69c8cf325f0b7167f1b171f52df4af\",\"name\":\"Publica\\u00e7\\u00e3o\",\"image\":{\"@type\":\"ImageObject\",\"@id\":\"https:\/\/insurancecorp.com.br\/pt\/#personlogo\",\"inLanguage\":\"pt-BR\",\"url\":\"https:\/\/secure.gravatar.com\/avatar\/17226f1f60486eb25d4c6b301ffed37f?s=96&d=mm&r=g\",\"caption\":\"Publica\\u00e7\\u00e3o\"}}]}<\/script>\n<!-- \/ Yoast SEO plugin. -->","_links":{"self":[{"href":"https:\/\/insurancecorp.com.br\/pt\/wp-json\/wp\/v2\/posts\/31379"}],"collection":[{"href":"https:\/\/insurancecorp.com.br\/pt\/wp-json\/wp\/v2\/posts"}],"about":[{"href":"https:\/\/insurancecorp.com.br\/pt\/wp-json\/wp\/v2\/types\/post"}],"author":[{"embeddable":true,"href":"https:\/\/insurancecorp.com.br\/pt\/wp-json\/wp\/v2\/users\/2"}],"replies":[{"embeddable":true,"href":"https:\/\/insurancecorp.com.br\/pt\/wp-json\/wp\/v2\/comments?post=31379"}],"version-history":[{"count":2,"href":"https:\/\/insurancecorp.com.br\/pt\/wp-json\/wp\/v2\/posts\/31379\/revisions"}],"predecessor-version":[{"id":31382,"href":"https:\/\/insurancecorp.com.br\/pt\/wp-json\/wp\/v2\/posts\/31379\/revisions\/31382"}],"wp:featuredmedia":[{"embeddable":true,"href":"https:\/\/insurancecorp.com.br\/pt\/wp-json\/wp\/v2\/media\/31380"}],"wp:attachment":[{"href":"https:\/\/insurancecorp.com.br\/pt\/wp-json\/wp\/v2\/media?parent=31379"}],"wp:term":[{"taxonomy":"category","embeddable":true,"href":"https:\/\/insurancecorp.com.br\/pt\/wp-json\/wp\/v2\/categories?post=31379"},{"taxonomy":"post_tag","embeddable":true,"href":"https:\/\/insurancecorp.com.br\/pt\/wp-json\/wp\/v2\/tags?post=31379"}],"curies":[{"name":"wp","href":"https:\/\/api.w.org\/{rel}","templated":true}]}}