{"id":31344,"date":"2021-12-29T10:26:37","date_gmt":"2021-12-29T13:26:37","guid":{"rendered":"https:\/\/insurancecorp.com.br\/pt\/?p=31344"},"modified":"2021-12-29T10:26:37","modified_gmt":"2021-12-29T13:26:37","slug":"csp-mg-entrega-placas-de-adesao-a-novas-benemeritas","status":"publish","type":"post","link":"https:\/\/insurancecorp.com.br\/pt\/2021\/12\/29\/csp-mg-entrega-placas-de-adesao-a-novas-benemeritas\/","title":{"rendered":"CSP-MG entrega placas de ades\u00e3o a novas benem\u00e9ritas"},"content":{"rendered":"<p>O Clube de Seguros de Pessoas de Minas Gerais (CSP-MG) entregou neste fim de ano placas de ades\u00e3o \u00e0s novas benem\u00e9ritas. O presidente da entidade, Jo\u00e3o Paulo Moreira de Mello, acompanhou as homenagens.<br \/>\nA SulAm\u00e9rica, representada pelo head comercial, S\u00e9rgio Ricardo de Souza J\u00fanior, e pelo superintendente comercial em Minas Gerais, Giuliano Alves Baeta, receberam a placa de boas-vindas e a placa comemorativa pelos 125 anos da companhia, completados no ano passado. Em virtude da pandemia, n\u00e3o foi poss\u00edvel realizar a entrega anteriormente.<br \/>\nTamb\u00e9m foram agraciados com as placas de ades\u00e3o o s\u00f3cio-diretor do escrit\u00f3rio Abdalla e Landulfo Advogados, Landulfo de Oliveira Ferreira J\u00fanior; a executiva comercial da seguradora Sabemi, Patr\u00edcia Brand\u00e3o; e o s\u00f3cio-diretor do Grupo BBT, Lu\u00eds Henrique Capanema Pedrosa.<br \/>\nAtualmente, 46 benem\u00e9ritas integram o quadro de mantenedoras do CSP-MG. Para o presidente do Clube, o crescimento do n\u00famero de associadas \u00e9 reflexo do \u201cbom trabalho\u201d desenvolvido pela entidade.<br \/>\n\u201cFicamos muito satisfeitos com a confian\u00e7a das empresas e institui\u00e7\u00f5es benem\u00e9ritas, que apoiam os objetivos e atividades da institui\u00e7\u00e3o. Isso demonstra que estamos no caminho certo\u201d, destaca o presidente Jo\u00e3o Paulo Moreira de Mello.<\/p>\n<p><strong>DG Comunica\u00e7\u00e3o<\/strong><\/p>\n<p>Legenda da Foto: S\u00e9rgio Ricardo de Souza J\u00fanior e Giuliano Alves Baeta (executivos da SulAm\u00e9rica) recebem a placa das m\u00e3os do presidente do CSP-MG, Jo\u00e3o Paulo Moreira de Mello<\/p>\n","protected":false},"excerpt":{"rendered":"<p>O Clube de Seguros de Pessoas de Minas Gerais (CSP-MG) entregou neste fim de ano placas de ades\u00e3o \u00e0s novas benem\u00e9ritas. O presidente da entidade, Jo\u00e3o Paulo Moreira de Mello, acompanhou as homenagens. A SulAm\u00e9rica, representada pelo head comercial, S\u00e9rgio Ricardo de Souza J\u00fanior, e pelo superintendente comercial em Minas Gerais, Giuliano Alves Baeta, receberam [&hellip;]<\/p>\n","protected":false},"author":2,"featured_media":31345,"comment_status":"open","ping_status":"open","sticky":false,"template":"","format":"standard","meta":[],"categories":[279],"tags":[],"jetpack_featured_media_url":"https:\/\/insurancecorp.com.br\/pt\/wp-content\/uploads\/2021\/12\/100-Melhores-Fornecedores-para-RH-13.jpeg","yoast_head":"<!-- This site is optimized with the Yoast SEO plugin v14.8 - https:\/\/yoast.com\/wordpress\/plugins\/seo\/ -->\n<title>CSP-MG entrega placas de ades\u00e3o a novas benem\u00e9ritas | Revista Insurance Corp | PT-BR<\/title>\n<meta name=\"robots\" content=\"index, follow\" \/>\n<meta name=\"googlebot\" content=\"index, follow, max-snippet:-1, max-image-preview:large, max-video-preview:-1\" \/>\n<meta name=\"bingbot\" content=\"index, follow, max-snippet:-1, max-image-preview:large, max-video-preview:-1\" \/>\n<link rel=\"canonical\" href=\"https:\/\/insurancecorp.com.br\/pt\/2021\/12\/29\/csp-mg-entrega-placas-de-adesao-a-novas-benemeritas\/\" \/>\n<meta property=\"og:locale\" content=\"pt_BR\" \/>\n<meta property=\"og:type\" content=\"article\" \/>\n<meta property=\"og:title\" content=\"CSP-MG entrega placas de ades\u00e3o a novas benem\u00e9ritas | Revista Insurance Corp | PT-BR\" \/>\n<meta property=\"og:description\" content=\"O Clube de Seguros de Pessoas de Minas Gerais (CSP-MG) entregou neste fim de ano placas de ades\u00e3o \u00e0s novas benem\u00e9ritas. O presidente da entidade, Jo\u00e3o Paulo Moreira de Mello, acompanhou as homenagens. A SulAm\u00e9rica, representada pelo head comercial, S\u00e9rgio Ricardo de Souza J\u00fanior, e pelo superintendente comercial em Minas Gerais, Giuliano Alves Baeta, receberam [&hellip;]\" \/>\n<meta property=\"og:url\" content=\"https:\/\/insurancecorp.com.br\/pt\/2021\/12\/29\/csp-mg-entrega-placas-de-adesao-a-novas-benemeritas\/\" \/>\n<meta property=\"og:site_name\" content=\"Revista Insurance Corp | PT-BR\" \/>\n<meta property=\"article:publisher\" content=\"https:\/\/www.facebook.com\/RevistaInsuranceCorp\/\" \/>\n<meta property=\"article:published_time\" content=\"2021-12-29T13:26:37+00:00\" \/>\n<meta property=\"og:image\" content=\"https:\/\/insurancecorp.com.br\/pt\/wp-content\/uploads\/2021\/12\/100-Melhores-Fornecedores-para-RH-13.jpeg\" \/>\n\t<meta property=\"og:image:width\" content=\"1247\" \/>\n\t<meta property=\"og:image:height\" content=\"911\" \/>\n<meta name=\"twitter:card\" content=\"summary\" \/>\n<script type=\"application\/ld+json\" class=\"yoast-schema-graph\">{\"@context\":\"https:\/\/schema.org\",\"@graph\":[{\"@type\":\"Organization\",\"@id\":\"https:\/\/insurancecorp.com.br\/pt\/#organization\",\"name\":\"Revista Insurance Corp\",\"url\":\"https:\/\/insurancecorp.com.br\/pt\/\",\"sameAs\":[\"https:\/\/www.facebook.com\/RevistaInsuranceCorp\/\"],\"logo\":{\"@type\":\"ImageObject\",\"@id\":\"https:\/\/insurancecorp.com.br\/pt\/#logo\",\"inLanguage\":\"pt-BR\",\"url\":\"\",\"caption\":\"Revista Insurance Corp\"},\"image\":{\"@id\":\"https:\/\/insurancecorp.com.br\/pt\/#logo\"}},{\"@type\":\"WebSite\",\"@id\":\"https:\/\/insurancecorp.com.br\/pt\/#website\",\"url\":\"https:\/\/insurancecorp.com.br\/pt\/\",\"name\":\"Revista Insurance Corp | PT-BR\",\"description\":\"A \\u00fanica revista bil\\u00edngue voltada ao mercado de seguro.\",\"publisher\":{\"@id\":\"https:\/\/insurancecorp.com.br\/pt\/#organization\"},\"potentialAction\":[{\"@type\":\"SearchAction\",\"target\":\"https:\/\/insurancecorp.com.br\/pt\/?s={search_term_string}\",\"query-input\":\"required name=search_term_string\"}],\"inLanguage\":\"pt-BR\"},{\"@type\":\"ImageObject\",\"@id\":\"https:\/\/insurancecorp.com.br\/pt\/2021\/12\/29\/csp-mg-entrega-placas-de-adesao-a-novas-benemeritas\/#primaryimage\",\"inLanguage\":\"pt-BR\",\"url\":\"https:\/\/insurancecorp.com.br\/pt\/wp-content\/uploads\/2021\/12\/100-Melhores-Fornecedores-para-RH-13.jpeg\",\"width\":1247,\"height\":911},{\"@type\":\"WebPage\",\"@id\":\"https:\/\/insurancecorp.com.br\/pt\/2021\/12\/29\/csp-mg-entrega-placas-de-adesao-a-novas-benemeritas\/#webpage\",\"url\":\"https:\/\/insurancecorp.com.br\/pt\/2021\/12\/29\/csp-mg-entrega-placas-de-adesao-a-novas-benemeritas\/\",\"name\":\"CSP-MG entrega placas de ades\\u00e3o a novas benem\\u00e9ritas | Revista Insurance Corp | PT-BR\",\"isPartOf\":{\"@id\":\"https:\/\/insurancecorp.com.br\/pt\/#website\"},\"primaryImageOfPage\":{\"@id\":\"https:\/\/insurancecorp.com.br\/pt\/2021\/12\/29\/csp-mg-entrega-placas-de-adesao-a-novas-benemeritas\/#primaryimage\"},\"datePublished\":\"2021-12-29T13:26:37+00:00\",\"dateModified\":\"2021-12-29T13:26:37+00:00\",\"inLanguage\":\"pt-BR\",\"potentialAction\":[{\"@type\":\"ReadAction\",\"target\":[\"https:\/\/insurancecorp.com.br\/pt\/2021\/12\/29\/csp-mg-entrega-placas-de-adesao-a-novas-benemeritas\/\"]}]},{\"@type\":\"Article\",\"@id\":\"https:\/\/insurancecorp.com.br\/pt\/2021\/12\/29\/csp-mg-entrega-placas-de-adesao-a-novas-benemeritas\/#article\",\"isPartOf\":{\"@id\":\"https:\/\/insurancecorp.com.br\/pt\/2021\/12\/29\/csp-mg-entrega-placas-de-adesao-a-novas-benemeritas\/#webpage\"},\"author\":{\"@id\":\"https:\/\/insurancecorp.com.br\/pt\/#\/schema\/person\/1b69c8cf325f0b7167f1b171f52df4af\"},\"headline\":\"CSP-MG entrega placas de ades\\u00e3o a novas benem\\u00e9ritas\",\"datePublished\":\"2021-12-29T13:26:37+00:00\",\"dateModified\":\"2021-12-29T13:26:37+00:00\",\"mainEntityOfPage\":{\"@id\":\"https:\/\/insurancecorp.com.br\/pt\/2021\/12\/29\/csp-mg-entrega-placas-de-adesao-a-novas-benemeritas\/#webpage\"},\"commentCount\":0,\"publisher\":{\"@id\":\"https:\/\/insurancecorp.com.br\/pt\/#organization\"},\"image\":{\"@id\":\"https:\/\/insurancecorp.com.br\/pt\/2021\/12\/29\/csp-mg-entrega-placas-de-adesao-a-novas-benemeritas\/#primaryimage\"},\"articleSection\":\"CCSP-MG\",\"inLanguage\":\"pt-BR\",\"potentialAction\":[{\"@type\":\"CommentAction\",\"name\":\"Comment\",\"target\":[\"https:\/\/insurancecorp.com.br\/pt\/2021\/12\/29\/csp-mg-entrega-placas-de-adesao-a-novas-benemeritas\/#respond\"]}]},{\"@type\":\"Person\",\"@id\":\"https:\/\/insurancecorp.com.br\/pt\/#\/schema\/person\/1b69c8cf325f0b7167f1b171f52df4af\",\"name\":\"Publica\\u00e7\\u00e3o\",\"image\":{\"@type\":\"ImageObject\",\"@id\":\"https:\/\/insurancecorp.com.br\/pt\/#personlogo\",\"inLanguage\":\"pt-BR\",\"url\":\"https:\/\/secure.gravatar.com\/avatar\/17226f1f60486eb25d4c6b301ffed37f?s=96&d=mm&r=g\",\"caption\":\"Publica\\u00e7\\u00e3o\"}}]}<\/script>\n<!-- \/ Yoast SEO plugin. -->","_links":{"self":[{"href":"https:\/\/insurancecorp.com.br\/pt\/wp-json\/wp\/v2\/posts\/31344"}],"collection":[{"href":"https:\/\/insurancecorp.com.br\/pt\/wp-json\/wp\/v2\/posts"}],"about":[{"href":"https:\/\/insurancecorp.com.br\/pt\/wp-json\/wp\/v2\/types\/post"}],"author":[{"embeddable":true,"href":"https:\/\/insurancecorp.com.br\/pt\/wp-json\/wp\/v2\/users\/2"}],"replies":[{"embeddable":true,"href":"https:\/\/insurancecorp.com.br\/pt\/wp-json\/wp\/v2\/comments?post=31344"}],"version-history":[{"count":1,"href":"https:\/\/insurancecorp.com.br\/pt\/wp-json\/wp\/v2\/posts\/31344\/revisions"}],"predecessor-version":[{"id":31346,"href":"https:\/\/insurancecorp.com.br\/pt\/wp-json\/wp\/v2\/posts\/31344\/revisions\/31346"}],"wp:featuredmedia":[{"embeddable":true,"href":"https:\/\/insurancecorp.com.br\/pt\/wp-json\/wp\/v2\/media\/31345"}],"wp:attachment":[{"href":"https:\/\/insurancecorp.com.br\/pt\/wp-json\/wp\/v2\/media?parent=31344"}],"wp:term":[{"taxonomy":"category","embeddable":true,"href":"https:\/\/insurancecorp.com.br\/pt\/wp-json\/wp\/v2\/categories?post=31344"},{"taxonomy":"post_tag","embeddable":true,"href":"https:\/\/insurancecorp.com.br\/pt\/wp-json\/wp\/v2\/tags?post=31344"}],"curies":[{"name":"wp","href":"https:\/\/api.w.org\/{rel}","templated":true}]}}