{"id":3134,"date":"2018-09-25T18:01:13","date_gmt":"2018-09-25T21:01:13","guid":{"rendered":"https:\/\/insurancecorp.com.br\/pt\/?p=3134"},"modified":"2018-09-25T18:01:13","modified_gmt":"2018-09-25T21:01:13","slug":"escola-nacional-de-seguros-tera-participacao-destacada-no-18o-conec","status":"publish","type":"post","link":"https:\/\/insurancecorp.com.br\/pt\/2018\/09\/25\/escola-nacional-de-seguros-tera-participacao-destacada-no-18o-conec\/","title":{"rendered":"Escola Nacional de Seguros ter\u00e1 participa\u00e7\u00e3o destacada no 18\u00ba Conec"},"content":{"rendered":"<p class=\"x_MsoNormal\">Entre 27 e 29 de setembro, ser\u00e1 realizado, na capital paulista, o\u00a0<b>18\u00ba Congresso de Corretores de Seguros do Estado de S\u00e3o Paulo (Conec)<\/b>. Tendo como tema central \u201cDistribui\u00e7\u00e3o de Seguros: Essa For\u00e7a \u00e9 Nossa!\u201d, o evento \u00e9 promovido pelo Sincor-SP e busca promover a especializa\u00e7\u00e3o dos profissionais respons\u00e1veis pela distribui\u00e7\u00e3o de seguros no Brasil.<\/p>\n<p class=\"x_MsoNormal\">O presidente da Escola Nacional de Seguros, Robert Bittar, estar\u00e1 na mesa solene de abertura, e ser\u00e1 um dos debatedores do painel \u201cPol\u00edtica e o setor de seguros \u2013 pauta construtiva para o futuro\u201d, que acontecer\u00e1 no dia 28, \u00e0s 14h. O debate ser\u00e1 conduzido pelo jornalista Ricardo Boechat e contar\u00e1 com a participa\u00e7\u00e3o de grandes personalidades do mercado de seguros.<\/p>\n<p class=\"x_MsoNormal\">A Escola tamb\u00e9m estar\u00e1 presente com estande na Exposeg, feira de neg\u00f3cios que acontece simultaneamente ao congresso. No espa\u00e7o, os congressistas ter\u00e3o a oportunidade de conhecer mais sobre produtos educacionais, adquirir publica\u00e7\u00f5es com descontos especiais para o evento e participar de a\u00e7\u00f5es interativas com distribui\u00e7\u00e3o de brindes.<\/p>\n<p class=\"x_MsoNormal\">O 18\u00ba Conec ter\u00e1 como foco o futuro da corretagem de seguros, e abordar\u00e1 assuntos como as mudan\u00e7as no ramo de autom\u00f3vel com a chegada dos carros aut\u00f4nomos, o novo formato de neg\u00f3cios com o advento das\u00a0<em>insurtechs<\/em>\u00a0e os desafios da longevidade nos seguros de pessoas.<\/p>\n<p class=\"x_MsoNormal\">O Transamerica Expo Center sediar\u00e1 o evento.\u00a0A programa\u00e7\u00e3o completa e outras informa\u00e7\u00f5es est\u00e3o dispon\u00edveis no\u00a0<em>site<\/em>\u00a0<b><a href=\"https:\/\/conec2018.com.br\/\" target=\"_blank\" rel=\"noopener noreferrer\" data-auth=\"NotApplicable\"><strong>conec2018.com.br<\/strong><\/a><\/b>.<\/p>\n<p class=\"x_MsoNormal\"><b>Coordenadoria de Comunica\u00e7\u00e3o Social<\/b><\/p>\n","protected":false},"excerpt":{"rendered":"<p>Entre 27 e 29 de setembro, ser\u00e1 realizado, na capital paulista, o\u00a018\u00ba Congresso de Corretores de Seguros do Estado de S\u00e3o Paulo (Conec). Tendo como tema central \u201cDistribui\u00e7\u00e3o de Seguros: Essa For\u00e7a \u00e9 Nossa!\u201d, o evento \u00e9 promovido pelo Sincor-SP e busca promover a especializa\u00e7\u00e3o dos profissionais respons\u00e1veis pela distribui\u00e7\u00e3o de seguros no Brasil. O [&hellip;]<\/p>\n","protected":false},"author":2,"featured_media":3135,"comment_status":"open","ping_status":"open","sticky":false,"template":"","format":"standard","meta":[],"categories":[118],"tags":[],"jetpack_featured_media_url":"https:\/\/insurancecorp.com.br\/pt\/wp-content\/uploads\/2018\/09\/ESCOLA-NACIONAL-DE-SEGUROS.png","yoast_head":"<!-- This site is optimized with the Yoast SEO plugin v14.8 - https:\/\/yoast.com\/wordpress\/plugins\/seo\/ -->\n<title>Escola Nacional de Seguros ter\u00e1 participa\u00e7\u00e3o destacada no 18\u00ba Conec | Revista Insurance Corp | PT-BR<\/title>\n<meta name=\"robots\" content=\"index, follow\" \/>\n<meta name=\"googlebot\" content=\"index, follow, max-snippet:-1, max-image-preview:large, max-video-preview:-1\" \/>\n<meta name=\"bingbot\" content=\"index, follow, max-snippet:-1, max-image-preview:large, max-video-preview:-1\" \/>\n<link rel=\"canonical\" href=\"https:\/\/insurancecorp.com.br\/pt\/2018\/09\/25\/escola-nacional-de-seguros-tera-participacao-destacada-no-18o-conec\/\" \/>\n<meta property=\"og:locale\" content=\"pt_BR\" \/>\n<meta property=\"og:type\" content=\"article\" \/>\n<meta property=\"og:title\" content=\"Escola Nacional de Seguros ter\u00e1 participa\u00e7\u00e3o destacada no 18\u00ba Conec | Revista Insurance Corp | PT-BR\" \/>\n<meta property=\"og:description\" content=\"Entre 27 e 29 de setembro, ser\u00e1 realizado, na capital paulista, o\u00a018\u00ba Congresso de Corretores de Seguros do Estado de S\u00e3o Paulo (Conec). Tendo como tema central \u201cDistribui\u00e7\u00e3o de Seguros: Essa For\u00e7a \u00e9 Nossa!\u201d, o evento \u00e9 promovido pelo Sincor-SP e busca promover a especializa\u00e7\u00e3o dos profissionais respons\u00e1veis pela distribui\u00e7\u00e3o de seguros no Brasil. O [&hellip;]\" \/>\n<meta property=\"og:url\" content=\"https:\/\/insurancecorp.com.br\/pt\/2018\/09\/25\/escola-nacional-de-seguros-tera-participacao-destacada-no-18o-conec\/\" \/>\n<meta property=\"og:site_name\" content=\"Revista Insurance Corp | PT-BR\" \/>\n<meta property=\"article:publisher\" content=\"https:\/\/www.facebook.com\/RevistaInsuranceCorp\/\" \/>\n<meta property=\"article:published_time\" content=\"2018-09-25T21:01:13+00:00\" \/>\n<meta property=\"og:image\" content=\"https:\/\/insurancecorp.com.br\/pt\/wp-content\/uploads\/2018\/09\/ESCOLA-NACIONAL-DE-SEGUROS.png\" \/>\n\t<meta property=\"og:image:width\" content=\"300\" \/>\n\t<meta property=\"og:image:height\" content=\"150\" \/>\n<meta name=\"twitter:card\" content=\"summary\" \/>\n<script type=\"application\/ld+json\" class=\"yoast-schema-graph\">{\"@context\":\"https:\/\/schema.org\",\"@graph\":[{\"@type\":\"Organization\",\"@id\":\"https:\/\/insurancecorp.com.br\/pt\/#organization\",\"name\":\"Revista Insurance Corp\",\"url\":\"https:\/\/insurancecorp.com.br\/pt\/\",\"sameAs\":[\"https:\/\/www.facebook.com\/RevistaInsuranceCorp\/\"],\"logo\":{\"@type\":\"ImageObject\",\"@id\":\"https:\/\/insurancecorp.com.br\/pt\/#logo\",\"inLanguage\":\"pt-BR\",\"url\":\"\",\"caption\":\"Revista Insurance Corp\"},\"image\":{\"@id\":\"https:\/\/insurancecorp.com.br\/pt\/#logo\"}},{\"@type\":\"WebSite\",\"@id\":\"https:\/\/insurancecorp.com.br\/pt\/#website\",\"url\":\"https:\/\/insurancecorp.com.br\/pt\/\",\"name\":\"Revista Insurance Corp | PT-BR\",\"description\":\"A \\u00fanica revista bil\\u00edngue voltada ao mercado de seguro.\",\"publisher\":{\"@id\":\"https:\/\/insurancecorp.com.br\/pt\/#organization\"},\"potentialAction\":[{\"@type\":\"SearchAction\",\"target\":\"https:\/\/insurancecorp.com.br\/pt\/?s={search_term_string}\",\"query-input\":\"required name=search_term_string\"}],\"inLanguage\":\"pt-BR\"},{\"@type\":\"ImageObject\",\"@id\":\"https:\/\/insurancecorp.com.br\/pt\/2018\/09\/25\/escola-nacional-de-seguros-tera-participacao-destacada-no-18o-conec\/#primaryimage\",\"inLanguage\":\"pt-BR\",\"url\":\"https:\/\/insurancecorp.com.br\/pt\/wp-content\/uploads\/2018\/09\/ESCOLA-NACIONAL-DE-SEGUROS.png\",\"width\":300,\"height\":150},{\"@type\":\"WebPage\",\"@id\":\"https:\/\/insurancecorp.com.br\/pt\/2018\/09\/25\/escola-nacional-de-seguros-tera-participacao-destacada-no-18o-conec\/#webpage\",\"url\":\"https:\/\/insurancecorp.com.br\/pt\/2018\/09\/25\/escola-nacional-de-seguros-tera-participacao-destacada-no-18o-conec\/\",\"name\":\"Escola Nacional de Seguros ter\\u00e1 participa\\u00e7\\u00e3o destacada no 18\\u00ba Conec | Revista Insurance Corp | PT-BR\",\"isPartOf\":{\"@id\":\"https:\/\/insurancecorp.com.br\/pt\/#website\"},\"primaryImageOfPage\":{\"@id\":\"https:\/\/insurancecorp.com.br\/pt\/2018\/09\/25\/escola-nacional-de-seguros-tera-participacao-destacada-no-18o-conec\/#primaryimage\"},\"datePublished\":\"2018-09-25T21:01:13+00:00\",\"dateModified\":\"2018-09-25T21:01:13+00:00\",\"inLanguage\":\"pt-BR\",\"potentialAction\":[{\"@type\":\"ReadAction\",\"target\":[\"https:\/\/insurancecorp.com.br\/pt\/2018\/09\/25\/escola-nacional-de-seguros-tera-participacao-destacada-no-18o-conec\/\"]}]},{\"@type\":\"Article\",\"@id\":\"https:\/\/insurancecorp.com.br\/pt\/2018\/09\/25\/escola-nacional-de-seguros-tera-participacao-destacada-no-18o-conec\/#article\",\"isPartOf\":{\"@id\":\"https:\/\/insurancecorp.com.br\/pt\/2018\/09\/25\/escola-nacional-de-seguros-tera-participacao-destacada-no-18o-conec\/#webpage\"},\"author\":{\"@id\":\"https:\/\/insurancecorp.com.br\/pt\/#\/schema\/person\/1b69c8cf325f0b7167f1b171f52df4af\"},\"headline\":\"Escola Nacional de Seguros ter\\u00e1 participa\\u00e7\\u00e3o destacada no 18\\u00ba Conec\",\"datePublished\":\"2018-09-25T21:01:13+00:00\",\"dateModified\":\"2018-09-25T21:01:13+00:00\",\"mainEntityOfPage\":{\"@id\":\"https:\/\/insurancecorp.com.br\/pt\/2018\/09\/25\/escola-nacional-de-seguros-tera-participacao-destacada-no-18o-conec\/#webpage\"},\"commentCount\":0,\"publisher\":{\"@id\":\"https:\/\/insurancecorp.com.br\/pt\/#organization\"},\"image\":{\"@id\":\"https:\/\/insurancecorp.com.br\/pt\/2018\/09\/25\/escola-nacional-de-seguros-tera-participacao-destacada-no-18o-conec\/#primaryimage\"},\"articleSection\":\"Escola Nacional de Seguros\",\"inLanguage\":\"pt-BR\",\"potentialAction\":[{\"@type\":\"CommentAction\",\"name\":\"Comment\",\"target\":[\"https:\/\/insurancecorp.com.br\/pt\/2018\/09\/25\/escola-nacional-de-seguros-tera-participacao-destacada-no-18o-conec\/#respond\"]}]},{\"@type\":\"Person\",\"@id\":\"https:\/\/insurancecorp.com.br\/pt\/#\/schema\/person\/1b69c8cf325f0b7167f1b171f52df4af\",\"name\":\"Publica\\u00e7\\u00e3o\",\"image\":{\"@type\":\"ImageObject\",\"@id\":\"https:\/\/insurancecorp.com.br\/pt\/#personlogo\",\"inLanguage\":\"pt-BR\",\"url\":\"https:\/\/secure.gravatar.com\/avatar\/17226f1f60486eb25d4c6b301ffed37f?s=96&d=mm&r=g\",\"caption\":\"Publica\\u00e7\\u00e3o\"}}]}<\/script>\n<!-- \/ Yoast SEO plugin. -->","_links":{"self":[{"href":"https:\/\/insurancecorp.com.br\/pt\/wp-json\/wp\/v2\/posts\/3134"}],"collection":[{"href":"https:\/\/insurancecorp.com.br\/pt\/wp-json\/wp\/v2\/posts"}],"about":[{"href":"https:\/\/insurancecorp.com.br\/pt\/wp-json\/wp\/v2\/types\/post"}],"author":[{"embeddable":true,"href":"https:\/\/insurancecorp.com.br\/pt\/wp-json\/wp\/v2\/users\/2"}],"replies":[{"embeddable":true,"href":"https:\/\/insurancecorp.com.br\/pt\/wp-json\/wp\/v2\/comments?post=3134"}],"version-history":[{"count":1,"href":"https:\/\/insurancecorp.com.br\/pt\/wp-json\/wp\/v2\/posts\/3134\/revisions"}],"predecessor-version":[{"id":3136,"href":"https:\/\/insurancecorp.com.br\/pt\/wp-json\/wp\/v2\/posts\/3134\/revisions\/3136"}],"wp:featuredmedia":[{"embeddable":true,"href":"https:\/\/insurancecorp.com.br\/pt\/wp-json\/wp\/v2\/media\/3135"}],"wp:attachment":[{"href":"https:\/\/insurancecorp.com.br\/pt\/wp-json\/wp\/v2\/media?parent=3134"}],"wp:term":[{"taxonomy":"category","embeddable":true,"href":"https:\/\/insurancecorp.com.br\/pt\/wp-json\/wp\/v2\/categories?post=3134"},{"taxonomy":"post_tag","embeddable":true,"href":"https:\/\/insurancecorp.com.br\/pt\/wp-json\/wp\/v2\/tags?post=3134"}],"curies":[{"name":"wp","href":"https:\/\/api.w.org\/{rel}","templated":true}]}}