{"id":31287,"date":"2021-12-23T21:11:37","date_gmt":"2021-12-24T00:11:37","guid":{"rendered":"https:\/\/insurancecorp.com.br\/pt\/?p=31287"},"modified":"2021-12-23T21:12:03","modified_gmt":"2021-12-24T00:12:03","slug":"seguradora-reforca-rede-de-atendimento-para-suprir-chamados-durante-o-verao","status":"publish","type":"post","link":"https:\/\/insurancecorp.com.br\/pt\/2021\/12\/23\/seguradora-reforca-rede-de-atendimento-para-suprir-chamados-durante-o-verao\/","title":{"rendered":"Seguradora refor\u00e7a rede de atendimento para suprir chamados durante o ver\u00e3o"},"content":{"rendered":"<p>Com a combina\u00e7\u00e3o entre o aumento da vacina\u00e7\u00e3o contra a Covid-19 na popula\u00e7\u00e3o brasileira, o in\u00edcio do ver\u00e3o, a chegada das Festas de Fim de Ano e as f\u00e9rias, espera-se o aumento no n\u00famero de viagens de carro nas pr\u00f3ximas semanas, sobretudo para as cidades litor\u00e2neas. Da mesma forma, as resid\u00eancias tamb\u00e9m podem precisar de servi\u00e7os de prote\u00e7\u00e3o no per\u00edodo.  <\/p>\n<p>Pensando em garantir a qualidade do atendimento, dado o crescimento esperado dos acionamentos nos seguros auto e residencial nesses dias, a Zurich e a Tempo Assist \u2013 parceira da seguradora na presta\u00e7\u00e3o de servi\u00e7os para esses dois tipos de prote\u00e7\u00f5es \u2013 atuar\u00e3o em conjunto para turbinar ainda mais a infraestrutura de suporte para os clientes dos produtos Zurich Autom\u00f3vel e Zurich Seguro Resid\u00eancia.<\/p>\n<p>A iniciativa consiste em diversas a\u00e7\u00f5es combinadas, como no aumento da capacidade da Central de Atendimento. No caso do seguro auto, especificamente, houve incremento da escala de prestadores de servi\u00e7os, al\u00e9m do deslocamento de guinchos para prestar socorro nas cidades litor\u00e2neas nos estados de S\u00e3o Paulo, Rio de Janeiro, Esp\u00edrito Santo, Santa Catarina, Paran\u00e1, Rio Grande do Sul, Cear\u00e1, Rio Grande do Norte, Bahia, Para\u00edba, Pernambuco, Alagoas e Sergipe. A estrutura contempla, ainda, refor\u00e7o no n\u00famero de caminh\u00f5es-cegonha para transporte de ve\u00edculos.  <\/p>\n<p>J\u00e1 para o seguro residencial, a Tempo Assist tamb\u00e9m promoveu aumento de escala da rede para as ocorr\u00eancias que envolvem servi\u00e7os b\u00e1sicos e de reparo em produtos da linha branca (geladeira e fog\u00f5es, por exemplo), bem como a substitui\u00e7\u00e3o de vidro quebrado ou o atendimento emergencial de um chaveiro, por exemplo. Especificamente para este tipo de prote\u00e7\u00e3o, foram elencados aqueles munic\u00edpios que, historicamente, t\u00eam mais demandas nesta \u00e9poca do ano. S\u00e3o eles: Una\u00ed, em Minas Gerais; Pindamonhangaba, Junqueir\u00f3polis, Louveira, Itanha\u00e9m e Taubat\u00e9, em S\u00e3o Paulo; Viam\u00e3o e Rio Grande, no Rio Grande do Sul; e S\u00e3o Francisco do Sul e Palho\u00e7a, em Santa Catarina.<\/p>\n<p>\u201cToda essa movimenta\u00e7\u00e3o extraordin\u00e1ria tem um \u00fanico objetivo: oferecer a melhor experi\u00eancia ao segurado. Nosso desejo \u00e9 que, aqueles que se deslocarem em viagens de autom\u00f3vel para aproveitar bons momentos com suas fam\u00edlias, n\u00e3o tenham contratempos. O mesmo quando estiverem em suas resid\u00eancias. Mas, se for preciso acionar nossos seguros, ter\u00e3o como contrapartida \u2013 como sempre \u2013 o nosso melhor para atenuar a situa\u00e7\u00e3o\u201d, comenta o Diretor Executivo de Personal Lines da Zurich no Brasil, Rafael Ramalho. <\/p>\n<p><strong>Estrutura de atendimento refor\u00e7ada <\/strong><br \/>\nDenominada Projeto Integrado de Ver\u00e3o (PIV), a opera\u00e7\u00e3o, que se iniciou no dia 17 de dezembro de 2021, durar\u00e1 27 dias \u2013 per\u00edodo que envolve o hiato que antecede o Natal e ultrapassa o R\u00e9veillon \u2013, at\u00e9 chegar ao dia 12 de janeiro, considerando, portanto, os picos de deslocamentos. <\/p>\n<p>Empresa l\u00edder do mercado nacional de servi\u00e7os emergenciais e de conveni\u00eancias, nos segmentos de ve\u00edculos, im\u00f3veis e pessoas, a Tempo Assist estima um aumento consider\u00e1vel no volume de assist\u00eancias prestadas, em compara\u00e7\u00e3o ao mesmo per\u00edodo do ano anterior. Por isso, a empresa montou o PIV para suprir a demanda e garantir o atendimento aos usu\u00e1rios dos servi\u00e7os.<\/p>\n<p>\u201cA estrutura cuidadosamente concebida contempla todas as etapas de atendimento ao cliente: do momento em que ele aciona at\u00e9 a presta\u00e7\u00e3o do servi\u00e7o que ele necessita e que \u00e9 coberta pelo seguro, tudo para proporcionar a melhor experi\u00eancia poss\u00edvel. S\u00e3o cerca de 450 prestadores de servi\u00e7os que refor\u00e7am a estrutura atual de parceiros em todo o pa\u00eds, que ficar\u00e3o a postos para essa miss\u00e3o\u201d, conclui Jo\u00e3o Carlos Armesto, Diretor Executivo Comercial da Tempo Assist.<\/p>\n<p>Foto : Rafael Ramalho, Diretor Executivo de Personal Lines da Zurich no Brasil<\/p>\n","protected":false},"excerpt":{"rendered":"<p>Com a combina\u00e7\u00e3o entre o aumento da vacina\u00e7\u00e3o contra a Covid-19 na popula\u00e7\u00e3o brasileira, o in\u00edcio do ver\u00e3o, a chegada das Festas de Fim de Ano e as f\u00e9rias, espera-se o aumento no n\u00famero de viagens de carro nas pr\u00f3ximas semanas, sobretudo para as cidades litor\u00e2neas. Da mesma forma, as resid\u00eancias tamb\u00e9m podem precisar de [&hellip;]<\/p>\n","protected":false},"author":2,"featured_media":31288,"comment_status":"open","ping_status":"open","sticky":false,"template":"","format":"standard","meta":[],"categories":[523],"tags":[],"jetpack_featured_media_url":"https:\/\/insurancecorp.com.br\/pt\/wp-content\/uploads\/2021\/12\/barreira1-5-scaled.jpg","yoast_head":"<!-- This site is optimized with the Yoast SEO plugin v14.8 - https:\/\/yoast.com\/wordpress\/plugins\/seo\/ -->\n<title>Seguradora refor\u00e7a rede de atendimento para suprir chamados durante o ver\u00e3o | Revista Insurance Corp | PT-BR<\/title>\n<meta name=\"robots\" content=\"index, follow\" \/>\n<meta name=\"googlebot\" content=\"index, follow, max-snippet:-1, max-image-preview:large, max-video-preview:-1\" \/>\n<meta name=\"bingbot\" content=\"index, follow, max-snippet:-1, max-image-preview:large, max-video-preview:-1\" \/>\n<link rel=\"canonical\" href=\"https:\/\/insurancecorp.com.br\/pt\/2021\/12\/23\/seguradora-reforca-rede-de-atendimento-para-suprir-chamados-durante-o-verao\/\" \/>\n<meta property=\"og:locale\" content=\"pt_BR\" \/>\n<meta property=\"og:type\" content=\"article\" \/>\n<meta property=\"og:title\" content=\"Seguradora refor\u00e7a rede de atendimento para suprir chamados durante o ver\u00e3o | Revista Insurance Corp | PT-BR\" \/>\n<meta property=\"og:description\" content=\"Com a combina\u00e7\u00e3o entre o aumento da vacina\u00e7\u00e3o contra a Covid-19 na popula\u00e7\u00e3o brasileira, o in\u00edcio do ver\u00e3o, a chegada das Festas de Fim de Ano e as f\u00e9rias, espera-se o aumento no n\u00famero de viagens de carro nas pr\u00f3ximas semanas, sobretudo para as cidades litor\u00e2neas. Da mesma forma, as resid\u00eancias tamb\u00e9m podem precisar de [&hellip;]\" \/>\n<meta property=\"og:url\" content=\"https:\/\/insurancecorp.com.br\/pt\/2021\/12\/23\/seguradora-reforca-rede-de-atendimento-para-suprir-chamados-durante-o-verao\/\" \/>\n<meta property=\"og:site_name\" content=\"Revista Insurance Corp | PT-BR\" \/>\n<meta property=\"article:publisher\" content=\"https:\/\/www.facebook.com\/RevistaInsuranceCorp\/\" \/>\n<meta property=\"article:published_time\" content=\"2021-12-24T00:11:37+00:00\" \/>\n<meta property=\"article:modified_time\" content=\"2021-12-24T00:12:03+00:00\" \/>\n<meta property=\"og:image\" content=\"https:\/\/insurancecorp.com.br\/pt\/wp-content\/uploads\/2021\/12\/barreira1-5-scaled.jpg\" \/>\n\t<meta property=\"og:image:width\" content=\"2560\" \/>\n\t<meta property=\"og:image:height\" content=\"1707\" \/>\n<meta name=\"twitter:card\" content=\"summary\" \/>\n<script type=\"application\/ld+json\" class=\"yoast-schema-graph\">{\"@context\":\"https:\/\/schema.org\",\"@graph\":[{\"@type\":\"Organization\",\"@id\":\"https:\/\/insurancecorp.com.br\/pt\/#organization\",\"name\":\"Revista Insurance Corp\",\"url\":\"https:\/\/insurancecorp.com.br\/pt\/\",\"sameAs\":[\"https:\/\/www.facebook.com\/RevistaInsuranceCorp\/\"],\"logo\":{\"@type\":\"ImageObject\",\"@id\":\"https:\/\/insurancecorp.com.br\/pt\/#logo\",\"inLanguage\":\"pt-BR\",\"url\":\"\",\"caption\":\"Revista Insurance Corp\"},\"image\":{\"@id\":\"https:\/\/insurancecorp.com.br\/pt\/#logo\"}},{\"@type\":\"WebSite\",\"@id\":\"https:\/\/insurancecorp.com.br\/pt\/#website\",\"url\":\"https:\/\/insurancecorp.com.br\/pt\/\",\"name\":\"Revista Insurance Corp | PT-BR\",\"description\":\"A \\u00fanica revista bil\\u00edngue voltada ao mercado de seguro.\",\"publisher\":{\"@id\":\"https:\/\/insurancecorp.com.br\/pt\/#organization\"},\"potentialAction\":[{\"@type\":\"SearchAction\",\"target\":\"https:\/\/insurancecorp.com.br\/pt\/?s={search_term_string}\",\"query-input\":\"required name=search_term_string\"}],\"inLanguage\":\"pt-BR\"},{\"@type\":\"ImageObject\",\"@id\":\"https:\/\/insurancecorp.com.br\/pt\/2021\/12\/23\/seguradora-reforca-rede-de-atendimento-para-suprir-chamados-durante-o-verao\/#primaryimage\",\"inLanguage\":\"pt-BR\",\"url\":\"https:\/\/insurancecorp.com.br\/pt\/wp-content\/uploads\/2021\/12\/barreira1-5-scaled.jpg\",\"width\":2560,\"height\":1707},{\"@type\":\"WebPage\",\"@id\":\"https:\/\/insurancecorp.com.br\/pt\/2021\/12\/23\/seguradora-reforca-rede-de-atendimento-para-suprir-chamados-durante-o-verao\/#webpage\",\"url\":\"https:\/\/insurancecorp.com.br\/pt\/2021\/12\/23\/seguradora-reforca-rede-de-atendimento-para-suprir-chamados-durante-o-verao\/\",\"name\":\"Seguradora refor\\u00e7a rede de atendimento para suprir chamados durante o ver\\u00e3o | Revista Insurance Corp | PT-BR\",\"isPartOf\":{\"@id\":\"https:\/\/insurancecorp.com.br\/pt\/#website\"},\"primaryImageOfPage\":{\"@id\":\"https:\/\/insurancecorp.com.br\/pt\/2021\/12\/23\/seguradora-reforca-rede-de-atendimento-para-suprir-chamados-durante-o-verao\/#primaryimage\"},\"datePublished\":\"2021-12-24T00:11:37+00:00\",\"dateModified\":\"2021-12-24T00:12:03+00:00\",\"inLanguage\":\"pt-BR\",\"potentialAction\":[{\"@type\":\"ReadAction\",\"target\":[\"https:\/\/insurancecorp.com.br\/pt\/2021\/12\/23\/seguradora-reforca-rede-de-atendimento-para-suprir-chamados-durante-o-verao\/\"]}]},{\"@type\":\"Article\",\"@id\":\"https:\/\/insurancecorp.com.br\/pt\/2021\/12\/23\/seguradora-reforca-rede-de-atendimento-para-suprir-chamados-durante-o-verao\/#article\",\"isPartOf\":{\"@id\":\"https:\/\/insurancecorp.com.br\/pt\/2021\/12\/23\/seguradora-reforca-rede-de-atendimento-para-suprir-chamados-durante-o-verao\/#webpage\"},\"author\":{\"@id\":\"https:\/\/insurancecorp.com.br\/pt\/#\/schema\/person\/1b69c8cf325f0b7167f1b171f52df4af\"},\"headline\":\"Seguradora refor\\u00e7a rede de atendimento para suprir chamados durante o ver\\u00e3o\",\"datePublished\":\"2021-12-24T00:11:37+00:00\",\"dateModified\":\"2021-12-24T00:12:03+00:00\",\"mainEntityOfPage\":{\"@id\":\"https:\/\/insurancecorp.com.br\/pt\/2021\/12\/23\/seguradora-reforca-rede-de-atendimento-para-suprir-chamados-durante-o-verao\/#webpage\"},\"commentCount\":0,\"publisher\":{\"@id\":\"https:\/\/insurancecorp.com.br\/pt\/#organization\"},\"image\":{\"@id\":\"https:\/\/insurancecorp.com.br\/pt\/2021\/12\/23\/seguradora-reforca-rede-de-atendimento-para-suprir-chamados-durante-o-verao\/#primaryimage\"},\"articleSection\":\"Zurich no Brasil\",\"inLanguage\":\"pt-BR\",\"potentialAction\":[{\"@type\":\"CommentAction\",\"name\":\"Comment\",\"target\":[\"https:\/\/insurancecorp.com.br\/pt\/2021\/12\/23\/seguradora-reforca-rede-de-atendimento-para-suprir-chamados-durante-o-verao\/#respond\"]}]},{\"@type\":\"Person\",\"@id\":\"https:\/\/insurancecorp.com.br\/pt\/#\/schema\/person\/1b69c8cf325f0b7167f1b171f52df4af\",\"name\":\"Publica\\u00e7\\u00e3o\",\"image\":{\"@type\":\"ImageObject\",\"@id\":\"https:\/\/insurancecorp.com.br\/pt\/#personlogo\",\"inLanguage\":\"pt-BR\",\"url\":\"https:\/\/secure.gravatar.com\/avatar\/17226f1f60486eb25d4c6b301ffed37f?s=96&d=mm&r=g\",\"caption\":\"Publica\\u00e7\\u00e3o\"}}]}<\/script>\n<!-- \/ Yoast SEO plugin. -->","_links":{"self":[{"href":"https:\/\/insurancecorp.com.br\/pt\/wp-json\/wp\/v2\/posts\/31287"}],"collection":[{"href":"https:\/\/insurancecorp.com.br\/pt\/wp-json\/wp\/v2\/posts"}],"about":[{"href":"https:\/\/insurancecorp.com.br\/pt\/wp-json\/wp\/v2\/types\/post"}],"author":[{"embeddable":true,"href":"https:\/\/insurancecorp.com.br\/pt\/wp-json\/wp\/v2\/users\/2"}],"replies":[{"embeddable":true,"href":"https:\/\/insurancecorp.com.br\/pt\/wp-json\/wp\/v2\/comments?post=31287"}],"version-history":[{"count":2,"href":"https:\/\/insurancecorp.com.br\/pt\/wp-json\/wp\/v2\/posts\/31287\/revisions"}],"predecessor-version":[{"id":31290,"href":"https:\/\/insurancecorp.com.br\/pt\/wp-json\/wp\/v2\/posts\/31287\/revisions\/31290"}],"wp:featuredmedia":[{"embeddable":true,"href":"https:\/\/insurancecorp.com.br\/pt\/wp-json\/wp\/v2\/media\/31288"}],"wp:attachment":[{"href":"https:\/\/insurancecorp.com.br\/pt\/wp-json\/wp\/v2\/media?parent=31287"}],"wp:term":[{"taxonomy":"category","embeddable":true,"href":"https:\/\/insurancecorp.com.br\/pt\/wp-json\/wp\/v2\/categories?post=31287"},{"taxonomy":"post_tag","embeddable":true,"href":"https:\/\/insurancecorp.com.br\/pt\/wp-json\/wp\/v2\/tags?post=31287"}],"curies":[{"name":"wp","href":"https:\/\/api.w.org\/{rel}","templated":true}]}}