{"id":31251,"date":"2021-12-22T12:08:02","date_gmt":"2021-12-22T15:08:02","guid":{"rendered":"https:\/\/insurancecorp.com.br\/pt\/?p=31251"},"modified":"2021-12-22T12:56:18","modified_gmt":"2021-12-22T15:56:18","slug":"zurich-tem-dois-de-seus-executivos-reconhecidos-na-premiacao-do-grupo-gestao-rh","status":"publish","type":"post","link":"https:\/\/insurancecorp.com.br\/pt\/2021\/12\/22\/zurich-tem-dois-de-seus-executivos-reconhecidos-na-premiacao-do-grupo-gestao-rh\/","title":{"rendered":"Zurich tem dois de seus executivos reconhecidos na premia\u00e7\u00e3o do Grupo Gest\u00e3o RH"},"content":{"rendered":"<p>A seguradora Zurich acaba de ter um reconhecimento duplo, de extens\u00e3o nacional, pela relev\u00e2ncia de sua atua\u00e7\u00e3o no pa\u00eds. Edson Franco, CEO da companhia no Brasil, e Carlos Toledo, Diretor Executivo de Recursos Humanos, foram reconhecidos na edi\u00e7\u00e3o 2021 da pesquisa realizada pelo Grupo Gest\u00e3o RH. Ambos foram destaque, respectivamente, do \u201cOs CEOs Mais Admirados pelos RHs\u201d e do \u201cOs RHs Mais Admirados do Brasil e da Am\u00e9rica Latina\u201d.  <\/p>\n<p>Desde 2006, o Grupo Gest\u00e3o RH promove a pesquisa anual \u201cOs RHs Mais Admirados do Brasil e da Am\u00e9rica Latina\u201d, visando valorizar executivos de Recursos Humanos cuja atua\u00e7\u00e3o seja refer\u00eancia para o mercado. A partir de 2019, a pesquisa passou a incluir \u201cOs CEOs Mais Admirados pelos RHs\u201d, com o intuito de identificar e destacar os l\u00edderes de empresas que valorizam a gest\u00e3o de pessoas na estrat\u00e9gia do neg\u00f3cio e, por essa raz\u00e3o, contam com a admira\u00e7\u00e3o dos pr\u00f3prios profissionais da \u00e1rea de RH.<\/p>\n<p>Diz Edson Franco, que entrou na lista dos 70 CEOs mais admirados entre mais de 800 previamente selecionados na atual edi\u00e7\u00e3o: \u201cA Zurich \u00e9 uma empresa inclusiva, que promove a equidade e conta com diversas iniciativas para fortalecer a diversidade em seus quadros e se preocupa com o bem-estar deles \u2013 algo que ganhou ainda mais relev\u00e2ncia com a decreta\u00e7\u00e3o da pandemia, com praticamente 100% do quadro atuando em home office\u201d.<\/p>\n<p>O executivo ressalta que a Zurich tamb\u00e9m \u00e9 uma empresa orientada pelas pessoas, que s\u00e3o um importante pilar estrat\u00e9gico da companhia, uma vez que representam um elemento essencial na busca pela excel\u00eancia no atendimento aos clientes e parceiros de neg\u00f3cios. \u201cNesse cen\u00e1rio, adaptar-se \u00e0 nova realidade, observando a sa\u00fade f\u00edsica e mental dos colaboradores, mas mantendo o funcionamento da opera\u00e7\u00e3o, foi um desafio que todo o time venceu, porque tem algo em comum, o Jeito Z\u201d, diz Edson.<\/p>\n<p>Complementa Carlos Toledo: \u201cO Jeito Z \u00e9 a ess\u00eancia de como somos e agimos. Sempre que defendemos o que \u00e9 certo, cumprimos o que prometemos, valorizamos a diversidade, promovemos a inclus\u00e3o, celebramos e incentivamos o potencial de cada indiv\u00edduo, colaboramos e fazemos acontecer, desenvolvemos os profissionais e fornecemos orienta\u00e7\u00f5es claras, estamos alinhados com esse Jeito Z\u201d.<\/p>\n<p>Sobre figurar no grupo dos mais admirados pelos profissionais de RH, Carlos diz que \u00e9 uma grande honra. \u201cPrimeiro porque esse reconhecimento me motiva, pois reflete tamb\u00e9m a alegria de pertencer que eu os \u2018zurichers\u2019, como nos chamamos internamente, sentimos, j\u00e1 que o pr\u00eamio reconhece a atua\u00e7\u00e3o dos especialistas de RH de grandes companhias, bem como as a\u00e7\u00f5es que est\u00e3o fazendo a diferen\u00e7a no mercado. Segundo porque denota que a Zurich continua olhando \u00e0 frente e destaca-se por valorizar a cultura de diversidade e de inclus\u00e3o, sintetizada justamente nesse Jeito Z\u201d.<\/p>\n<p><strong>Um pouco mais sobre Jeito Z<\/strong><br \/>\nComo disse o seu CEO no Brasil, a Zurich, que tem cerca de 1.500 funcion\u00e1rios no pa\u00eds, \u00e9 uma empresa inclusiva, que promove a equidade e conta com iniciativas para fortalecer a diversidade em seus quadros.<br \/>\n\u201cValorizamos e defendemos o que \u00e9 certo e promovemos oportunidades para equidade entre nossos profissionais, contemplando as diversidades de g\u00eanero, defici\u00eancia f\u00edsica, LGBTQIA+, ra\u00e7a, etnia, gera\u00e7\u00f5es, cren\u00e7a etc. Nossos processos seletivos respeitam este compromisso\u201d, conta o diretor de Recursos Humanos da Zurich, Carlos Toledo.<br \/>\nCarlos refor\u00e7a a prioridade que a empresa d\u00e1 ao bem-estar do funcion\u00e1rio, raz\u00e3o pela qual a seguradora tamb\u00e9m possui um programa chamado Equil\u00edbrio Z, que promove a\u00e7\u00f5es como gin\u00e1stica laboral, orienta\u00e7\u00e3o nutricional, yoga, medita\u00e7\u00e3o guiada e aconselhamento psicol\u00f3gico, para estimular o equil\u00edbrio entre a vida profissional e pessoal. O programa conta com diversas iniciativas que apoiam o colaborador em quatro dimens\u00f5es da sa\u00fade: f\u00edsica, emocional, financeira e social.<\/p>\n<p><strong>Um pouco mais sobre a pesquisa do Grupo Gest\u00e3o RH <\/strong><br \/>\nUma das premia\u00e7\u00f5es mais conceituadas do setor, a iniciativa do Grupo Gest\u00e3o RH existe h\u00e1 15 anos e foca exclusivamente nas Maiores e Melhores Empresas do Brasil e\/ou Nas Melhores Empresas para Trabalhar. O processo tem duas etapas. Na primeira, foram selecionados e-mails de l\u00edderes de cerca de 1.500 companhias atuantes no pa\u00eds.<br \/>\nAp\u00f3s a indica\u00e7\u00e3o, este grupo pode receber at\u00e9 100 votos de colaboradores das companhias em que trabalham. Mas o processo \u00e9 feito tamb\u00e9m pelos pr\u00f3prios profissionais da \u00e1rea e do mercado, por meio de vota\u00e7\u00e3o eletr\u00f4nica. Assim, nesta primeira etapa foram definidos os RHs Mais Admirados do Brasil e os CEOs Mais Admirados pelos RHs.<br \/>\nJ\u00e1 na segunda fase do pr\u00eamio, participaram da vota\u00e7\u00e3o apenas os finalistas. Em 2021, tal como em 2020, por conta da pandemia, que exigiu a necessidade de distanciamento social, os organizadores realizaram um evento de premia\u00e7\u00e3o. O evento aconteceu no dia 15 de novembro e foi transmitido pela internet. <\/p>\n<p>A lista completa dos finalistas pode ser conferida neste link: https:\/\/www.gestaoerh.com.br\/rhs-mais-admirados\/vencedores\/9. <\/p>\n<p><strong>Conte\u00fado Comunica\u00e7\u00e3o<\/strong><\/p>\n<p>Foto: Carlos Toledo, Diretor Executivo de Recursos Humanos da Zurich<\/p>\n","protected":false},"excerpt":{"rendered":"<p>A seguradora Zurich acaba de ter um reconhecimento duplo, de extens\u00e3o nacional, pela relev\u00e2ncia de sua atua\u00e7\u00e3o no pa\u00eds. Edson Franco, CEO da companhia no Brasil, e Carlos Toledo, Diretor Executivo de Recursos Humanos, foram reconhecidos na edi\u00e7\u00e3o 2021 da pesquisa realizada pelo Grupo Gest\u00e3o RH. Ambos foram destaque, respectivamente, do \u201cOs CEOs Mais Admirados [&hellip;]<\/p>\n","protected":false},"author":2,"featured_media":31252,"comment_status":"open","ping_status":"open","sticky":false,"template":"","format":"standard","meta":[],"categories":[523],"tags":[],"jetpack_featured_media_url":"https:\/\/insurancecorp.com.br\/pt\/wp-content\/uploads\/2021\/12\/barreira1-3-scaled.jpg","yoast_head":"<!-- This site is optimized with the Yoast SEO plugin v14.8 - https:\/\/yoast.com\/wordpress\/plugins\/seo\/ -->\n<title>Zurich tem dois de seus executivos reconhecidos na premia\u00e7\u00e3o do Grupo Gest\u00e3o RH | Revista Insurance Corp | PT-BR<\/title>\n<meta name=\"robots\" content=\"index, follow\" \/>\n<meta name=\"googlebot\" content=\"index, follow, max-snippet:-1, max-image-preview:large, max-video-preview:-1\" \/>\n<meta name=\"bingbot\" content=\"index, follow, max-snippet:-1, max-image-preview:large, max-video-preview:-1\" \/>\n<link rel=\"canonical\" href=\"https:\/\/insurancecorp.com.br\/pt\/2021\/12\/22\/zurich-tem-dois-de-seus-executivos-reconhecidos-na-premiacao-do-grupo-gestao-rh\/\" \/>\n<meta property=\"og:locale\" content=\"pt_BR\" \/>\n<meta property=\"og:type\" content=\"article\" \/>\n<meta property=\"og:title\" content=\"Zurich tem dois de seus executivos reconhecidos na premia\u00e7\u00e3o do Grupo Gest\u00e3o RH | Revista Insurance Corp | PT-BR\" \/>\n<meta property=\"og:description\" content=\"A seguradora Zurich acaba de ter um reconhecimento duplo, de extens\u00e3o nacional, pela relev\u00e2ncia de sua atua\u00e7\u00e3o no pa\u00eds. Edson Franco, CEO da companhia no Brasil, e Carlos Toledo, Diretor Executivo de Recursos Humanos, foram reconhecidos na edi\u00e7\u00e3o 2021 da pesquisa realizada pelo Grupo Gest\u00e3o RH. Ambos foram destaque, respectivamente, do \u201cOs CEOs Mais Admirados [&hellip;]\" \/>\n<meta property=\"og:url\" content=\"https:\/\/insurancecorp.com.br\/pt\/2021\/12\/22\/zurich-tem-dois-de-seus-executivos-reconhecidos-na-premiacao-do-grupo-gestao-rh\/\" \/>\n<meta property=\"og:site_name\" content=\"Revista Insurance Corp | PT-BR\" \/>\n<meta property=\"article:publisher\" content=\"https:\/\/www.facebook.com\/RevistaInsuranceCorp\/\" \/>\n<meta property=\"article:published_time\" content=\"2021-12-22T15:08:02+00:00\" \/>\n<meta property=\"article:modified_time\" content=\"2021-12-22T15:56:18+00:00\" \/>\n<meta property=\"og:image\" content=\"https:\/\/insurancecorp.com.br\/pt\/wp-content\/uploads\/2021\/12\/barreira1-3-scaled.jpg\" \/>\n\t<meta property=\"og:image:width\" content=\"2560\" \/>\n\t<meta property=\"og:image:height\" content=\"1707\" \/>\n<meta name=\"twitter:card\" content=\"summary\" \/>\n<script type=\"application\/ld+json\" class=\"yoast-schema-graph\">{\"@context\":\"https:\/\/schema.org\",\"@graph\":[{\"@type\":\"Organization\",\"@id\":\"https:\/\/insurancecorp.com.br\/pt\/#organization\",\"name\":\"Revista Insurance Corp\",\"url\":\"https:\/\/insurancecorp.com.br\/pt\/\",\"sameAs\":[\"https:\/\/www.facebook.com\/RevistaInsuranceCorp\/\"],\"logo\":{\"@type\":\"ImageObject\",\"@id\":\"https:\/\/insurancecorp.com.br\/pt\/#logo\",\"inLanguage\":\"pt-BR\",\"url\":\"\",\"caption\":\"Revista Insurance Corp\"},\"image\":{\"@id\":\"https:\/\/insurancecorp.com.br\/pt\/#logo\"}},{\"@type\":\"WebSite\",\"@id\":\"https:\/\/insurancecorp.com.br\/pt\/#website\",\"url\":\"https:\/\/insurancecorp.com.br\/pt\/\",\"name\":\"Revista Insurance Corp | PT-BR\",\"description\":\"A \\u00fanica revista bil\\u00edngue voltada ao mercado de seguro.\",\"publisher\":{\"@id\":\"https:\/\/insurancecorp.com.br\/pt\/#organization\"},\"potentialAction\":[{\"@type\":\"SearchAction\",\"target\":\"https:\/\/insurancecorp.com.br\/pt\/?s={search_term_string}\",\"query-input\":\"required name=search_term_string\"}],\"inLanguage\":\"pt-BR\"},{\"@type\":\"ImageObject\",\"@id\":\"https:\/\/insurancecorp.com.br\/pt\/2021\/12\/22\/zurich-tem-dois-de-seus-executivos-reconhecidos-na-premiacao-do-grupo-gestao-rh\/#primaryimage\",\"inLanguage\":\"pt-BR\",\"url\":\"https:\/\/insurancecorp.com.br\/pt\/wp-content\/uploads\/2021\/12\/barreira1-3-scaled.jpg\",\"width\":2560,\"height\":1707,\"caption\":\"Carlos Toledo\"},{\"@type\":\"WebPage\",\"@id\":\"https:\/\/insurancecorp.com.br\/pt\/2021\/12\/22\/zurich-tem-dois-de-seus-executivos-reconhecidos-na-premiacao-do-grupo-gestao-rh\/#webpage\",\"url\":\"https:\/\/insurancecorp.com.br\/pt\/2021\/12\/22\/zurich-tem-dois-de-seus-executivos-reconhecidos-na-premiacao-do-grupo-gestao-rh\/\",\"name\":\"Zurich tem dois de seus executivos reconhecidos na premia\\u00e7\\u00e3o do Grupo Gest\\u00e3o RH | Revista Insurance Corp | PT-BR\",\"isPartOf\":{\"@id\":\"https:\/\/insurancecorp.com.br\/pt\/#website\"},\"primaryImageOfPage\":{\"@id\":\"https:\/\/insurancecorp.com.br\/pt\/2021\/12\/22\/zurich-tem-dois-de-seus-executivos-reconhecidos-na-premiacao-do-grupo-gestao-rh\/#primaryimage\"},\"datePublished\":\"2021-12-22T15:08:02+00:00\",\"dateModified\":\"2021-12-22T15:56:18+00:00\",\"inLanguage\":\"pt-BR\",\"potentialAction\":[{\"@type\":\"ReadAction\",\"target\":[\"https:\/\/insurancecorp.com.br\/pt\/2021\/12\/22\/zurich-tem-dois-de-seus-executivos-reconhecidos-na-premiacao-do-grupo-gestao-rh\/\"]}]},{\"@type\":\"Article\",\"@id\":\"https:\/\/insurancecorp.com.br\/pt\/2021\/12\/22\/zurich-tem-dois-de-seus-executivos-reconhecidos-na-premiacao-do-grupo-gestao-rh\/#article\",\"isPartOf\":{\"@id\":\"https:\/\/insurancecorp.com.br\/pt\/2021\/12\/22\/zurich-tem-dois-de-seus-executivos-reconhecidos-na-premiacao-do-grupo-gestao-rh\/#webpage\"},\"author\":{\"@id\":\"https:\/\/insurancecorp.com.br\/pt\/#\/schema\/person\/1b69c8cf325f0b7167f1b171f52df4af\"},\"headline\":\"Zurich tem dois de seus executivos reconhecidos na premia\\u00e7\\u00e3o do Grupo Gest\\u00e3o RH\",\"datePublished\":\"2021-12-22T15:08:02+00:00\",\"dateModified\":\"2021-12-22T15:56:18+00:00\",\"mainEntityOfPage\":{\"@id\":\"https:\/\/insurancecorp.com.br\/pt\/2021\/12\/22\/zurich-tem-dois-de-seus-executivos-reconhecidos-na-premiacao-do-grupo-gestao-rh\/#webpage\"},\"commentCount\":0,\"publisher\":{\"@id\":\"https:\/\/insurancecorp.com.br\/pt\/#organization\"},\"image\":{\"@id\":\"https:\/\/insurancecorp.com.br\/pt\/2021\/12\/22\/zurich-tem-dois-de-seus-executivos-reconhecidos-na-premiacao-do-grupo-gestao-rh\/#primaryimage\"},\"articleSection\":\"Zurich no Brasil\",\"inLanguage\":\"pt-BR\",\"potentialAction\":[{\"@type\":\"CommentAction\",\"name\":\"Comment\",\"target\":[\"https:\/\/insurancecorp.com.br\/pt\/2021\/12\/22\/zurich-tem-dois-de-seus-executivos-reconhecidos-na-premiacao-do-grupo-gestao-rh\/#respond\"]}]},{\"@type\":\"Person\",\"@id\":\"https:\/\/insurancecorp.com.br\/pt\/#\/schema\/person\/1b69c8cf325f0b7167f1b171f52df4af\",\"name\":\"Publica\\u00e7\\u00e3o\",\"image\":{\"@type\":\"ImageObject\",\"@id\":\"https:\/\/insurancecorp.com.br\/pt\/#personlogo\",\"inLanguage\":\"pt-BR\",\"url\":\"https:\/\/secure.gravatar.com\/avatar\/17226f1f60486eb25d4c6b301ffed37f?s=96&d=mm&r=g\",\"caption\":\"Publica\\u00e7\\u00e3o\"}}]}<\/script>\n<!-- \/ Yoast SEO plugin. -->","_links":{"self":[{"href":"https:\/\/insurancecorp.com.br\/pt\/wp-json\/wp\/v2\/posts\/31251"}],"collection":[{"href":"https:\/\/insurancecorp.com.br\/pt\/wp-json\/wp\/v2\/posts"}],"about":[{"href":"https:\/\/insurancecorp.com.br\/pt\/wp-json\/wp\/v2\/types\/post"}],"author":[{"embeddable":true,"href":"https:\/\/insurancecorp.com.br\/pt\/wp-json\/wp\/v2\/users\/2"}],"replies":[{"embeddable":true,"href":"https:\/\/insurancecorp.com.br\/pt\/wp-json\/wp\/v2\/comments?post=31251"}],"version-history":[{"count":1,"href":"https:\/\/insurancecorp.com.br\/pt\/wp-json\/wp\/v2\/posts\/31251\/revisions"}],"predecessor-version":[{"id":31253,"href":"https:\/\/insurancecorp.com.br\/pt\/wp-json\/wp\/v2\/posts\/31251\/revisions\/31253"}],"wp:featuredmedia":[{"embeddable":true,"href":"https:\/\/insurancecorp.com.br\/pt\/wp-json\/wp\/v2\/media\/31252"}],"wp:attachment":[{"href":"https:\/\/insurancecorp.com.br\/pt\/wp-json\/wp\/v2\/media?parent=31251"}],"wp:term":[{"taxonomy":"category","embeddable":true,"href":"https:\/\/insurancecorp.com.br\/pt\/wp-json\/wp\/v2\/categories?post=31251"},{"taxonomy":"post_tag","embeddable":true,"href":"https:\/\/insurancecorp.com.br\/pt\/wp-json\/wp\/v2\/tags?post=31251"}],"curies":[{"name":"wp","href":"https:\/\/api.w.org\/{rel}","templated":true}]}}