{"id":31235,"date":"2021-12-22T11:47:26","date_gmt":"2021-12-22T14:47:26","guid":{"rendered":"https:\/\/insurancecorp.com.br\/pt\/?p=31235"},"modified":"2021-12-22T11:48:46","modified_gmt":"2021-12-22T14:48:46","slug":"bradesco-seguros-lanca-musica-exclusiva-com-mensagem-de-esperanca-para-2022","status":"publish","type":"post","link":"https:\/\/insurancecorp.com.br\/pt\/2021\/12\/22\/bradesco-seguros-lanca-musica-exclusiva-com-mensagem-de-esperanca-para-2022\/","title":{"rendered":"Bradesco Seguros lan\u00e7a m\u00fasica exclusiva com mensagem de esperan\u00e7a para 2022"},"content":{"rendered":"<p>Com o intuito de celebrar o final de ano, desejar boas festas e trazer esperan\u00e7as para 2022, o Grupo Bradesco Seguros lan\u00e7ou na \u00faltima sexta-feira, 17, o seu novo filme de final de ano. A pe\u00e7a apresenta a m\u00fasica \u201cCom voc\u00ea. Sempre\u201d, criada pela Musickeria exclusivamente para ser a trilha sonora do v\u00eddeo. Interpretada pela compositora e cantora Manda, a can\u00e7\u00e3o celebra os abra\u00e7os e reencontros que estavam guardados desde o in\u00edcio da pandemia. A campanha \u00e9 assinada pela AlmapBBDO, focada nos meios digitais, com filmes de 60\u2019\u2019, 45\u2019\u2019 e 30\u2019\u2019, al\u00e9m de spots de r\u00e1dio e DOOH.<br \/>\n\u201cA proposta \u00e9 trazer para o p\u00fablico um conte\u00fado que expresse o momento atual de reencontros que teremos neste final de ano e a oportunidade de olhar para 2022 com esperan\u00e7a. Al\u00e9m de ressaltar a miss\u00e3o da Seguradora que \u00e9 expressada pela assinatura do Grupo \u201cCom voc\u00ea. Sempre\u201d, refor\u00e7ando que aos segurados podem continuar contando com o Grupo Bradesco Seguros nesse recome\u00e7o. destaca Alexandre Nogueira, diretor de Marketing do Grupo Segurador.<\/p>\n<p>O conceito criativo do v\u00eddeo traz cenas que simbolizam essa viabiliza\u00e7\u00e3o de reencontros. Todas as imagens foram gravadas antes do in\u00edcio da pandemia de Covid-19.<\/p>\n<p><strong>Ideal H+K Strategies<\/strong><\/p>\n<p>Foto: Cantora e compositora, Manda<\/p>\n","protected":false},"excerpt":{"rendered":"<p>Com o intuito de celebrar o final de ano, desejar boas festas e trazer esperan\u00e7as para 2022, o Grupo Bradesco Seguros lan\u00e7ou na \u00faltima sexta-feira, 17, o seu novo filme de final de ano. A pe\u00e7a apresenta a m\u00fasica \u201cCom voc\u00ea. Sempre\u201d, criada pela Musickeria exclusivamente para ser a trilha sonora do v\u00eddeo. Interpretada pela [&hellip;]<\/p>\n","protected":false},"author":2,"featured_media":31245,"comment_status":"open","ping_status":"open","sticky":false,"template":"","format":"standard","meta":[],"categories":[413],"tags":[],"jetpack_featured_media_url":"https:\/\/insurancecorp.com.br\/pt\/wp-content\/uploads\/2021\/12\/barreira-2.jpg","yoast_head":"<!-- This site is optimized with the Yoast SEO plugin v14.8 - https:\/\/yoast.com\/wordpress\/plugins\/seo\/ -->\n<title>Bradesco Seguros lan\u00e7a m\u00fasica exclusiva com mensagem de esperan\u00e7a para 2022 | Revista Insurance Corp | PT-BR<\/title>\n<meta name=\"robots\" content=\"index, follow\" \/>\n<meta name=\"googlebot\" content=\"index, follow, max-snippet:-1, max-image-preview:large, max-video-preview:-1\" \/>\n<meta name=\"bingbot\" content=\"index, follow, max-snippet:-1, max-image-preview:large, max-video-preview:-1\" \/>\n<link rel=\"canonical\" href=\"https:\/\/insurancecorp.com.br\/pt\/2021\/12\/22\/bradesco-seguros-lanca-musica-exclusiva-com-mensagem-de-esperanca-para-2022\/\" \/>\n<meta property=\"og:locale\" content=\"pt_BR\" \/>\n<meta property=\"og:type\" content=\"article\" \/>\n<meta property=\"og:title\" content=\"Bradesco Seguros lan\u00e7a m\u00fasica exclusiva com mensagem de esperan\u00e7a para 2022 | Revista Insurance Corp | PT-BR\" \/>\n<meta property=\"og:description\" content=\"Com o intuito de celebrar o final de ano, desejar boas festas e trazer esperan\u00e7as para 2022, o Grupo Bradesco Seguros lan\u00e7ou na \u00faltima sexta-feira, 17, o seu novo filme de final de ano. A pe\u00e7a apresenta a m\u00fasica \u201cCom voc\u00ea. Sempre\u201d, criada pela Musickeria exclusivamente para ser a trilha sonora do v\u00eddeo. Interpretada pela [&hellip;]\" \/>\n<meta property=\"og:url\" content=\"https:\/\/insurancecorp.com.br\/pt\/2021\/12\/22\/bradesco-seguros-lanca-musica-exclusiva-com-mensagem-de-esperanca-para-2022\/\" \/>\n<meta property=\"og:site_name\" content=\"Revista Insurance Corp | PT-BR\" \/>\n<meta property=\"article:publisher\" content=\"https:\/\/www.facebook.com\/RevistaInsuranceCorp\/\" \/>\n<meta property=\"article:published_time\" content=\"2021-12-22T14:47:26+00:00\" \/>\n<meta property=\"article:modified_time\" content=\"2021-12-22T14:48:46+00:00\" \/>\n<meta property=\"og:image\" content=\"https:\/\/insurancecorp.com.br\/pt\/wp-content\/uploads\/2021\/12\/barreira-2.jpg\" \/>\n\t<meta property=\"og:image:width\" content=\"1920\" \/>\n\t<meta property=\"og:image:height\" content=\"1080\" \/>\n<meta name=\"twitter:card\" content=\"summary\" \/>\n<script type=\"application\/ld+json\" class=\"yoast-schema-graph\">{\"@context\":\"https:\/\/schema.org\",\"@graph\":[{\"@type\":\"Organization\",\"@id\":\"https:\/\/insurancecorp.com.br\/pt\/#organization\",\"name\":\"Revista Insurance Corp\",\"url\":\"https:\/\/insurancecorp.com.br\/pt\/\",\"sameAs\":[\"https:\/\/www.facebook.com\/RevistaInsuranceCorp\/\"],\"logo\":{\"@type\":\"ImageObject\",\"@id\":\"https:\/\/insurancecorp.com.br\/pt\/#logo\",\"inLanguage\":\"pt-BR\",\"url\":\"\",\"caption\":\"Revista Insurance Corp\"},\"image\":{\"@id\":\"https:\/\/insurancecorp.com.br\/pt\/#logo\"}},{\"@type\":\"WebSite\",\"@id\":\"https:\/\/insurancecorp.com.br\/pt\/#website\",\"url\":\"https:\/\/insurancecorp.com.br\/pt\/\",\"name\":\"Revista Insurance Corp | PT-BR\",\"description\":\"A \\u00fanica revista bil\\u00edngue voltada ao mercado de seguro.\",\"publisher\":{\"@id\":\"https:\/\/insurancecorp.com.br\/pt\/#organization\"},\"potentialAction\":[{\"@type\":\"SearchAction\",\"target\":\"https:\/\/insurancecorp.com.br\/pt\/?s={search_term_string}\",\"query-input\":\"required name=search_term_string\"}],\"inLanguage\":\"pt-BR\"},{\"@type\":\"ImageObject\",\"@id\":\"https:\/\/insurancecorp.com.br\/pt\/2021\/12\/22\/bradesco-seguros-lanca-musica-exclusiva-com-mensagem-de-esperanca-para-2022\/#primaryimage\",\"inLanguage\":\"pt-BR\",\"url\":\"https:\/\/insurancecorp.com.br\/pt\/wp-content\/uploads\/2021\/12\/barreira-2.jpg\",\"width\":1920,\"height\":1080},{\"@type\":\"WebPage\",\"@id\":\"https:\/\/insurancecorp.com.br\/pt\/2021\/12\/22\/bradesco-seguros-lanca-musica-exclusiva-com-mensagem-de-esperanca-para-2022\/#webpage\",\"url\":\"https:\/\/insurancecorp.com.br\/pt\/2021\/12\/22\/bradesco-seguros-lanca-musica-exclusiva-com-mensagem-de-esperanca-para-2022\/\",\"name\":\"Bradesco Seguros lan\\u00e7a m\\u00fasica exclusiva com mensagem de esperan\\u00e7a para 2022 | Revista Insurance Corp | PT-BR\",\"isPartOf\":{\"@id\":\"https:\/\/insurancecorp.com.br\/pt\/#website\"},\"primaryImageOfPage\":{\"@id\":\"https:\/\/insurancecorp.com.br\/pt\/2021\/12\/22\/bradesco-seguros-lanca-musica-exclusiva-com-mensagem-de-esperanca-para-2022\/#primaryimage\"},\"datePublished\":\"2021-12-22T14:47:26+00:00\",\"dateModified\":\"2021-12-22T14:48:46+00:00\",\"inLanguage\":\"pt-BR\",\"potentialAction\":[{\"@type\":\"ReadAction\",\"target\":[\"https:\/\/insurancecorp.com.br\/pt\/2021\/12\/22\/bradesco-seguros-lanca-musica-exclusiva-com-mensagem-de-esperanca-para-2022\/\"]}]},{\"@type\":\"Article\",\"@id\":\"https:\/\/insurancecorp.com.br\/pt\/2021\/12\/22\/bradesco-seguros-lanca-musica-exclusiva-com-mensagem-de-esperanca-para-2022\/#article\",\"isPartOf\":{\"@id\":\"https:\/\/insurancecorp.com.br\/pt\/2021\/12\/22\/bradesco-seguros-lanca-musica-exclusiva-com-mensagem-de-esperanca-para-2022\/#webpage\"},\"author\":{\"@id\":\"https:\/\/insurancecorp.com.br\/pt\/#\/schema\/person\/1b69c8cf325f0b7167f1b171f52df4af\"},\"headline\":\"Bradesco Seguros lan\\u00e7a m\\u00fasica exclusiva com mensagem de esperan\\u00e7a para 2022\",\"datePublished\":\"2021-12-22T14:47:26+00:00\",\"dateModified\":\"2021-12-22T14:48:46+00:00\",\"mainEntityOfPage\":{\"@id\":\"https:\/\/insurancecorp.com.br\/pt\/2021\/12\/22\/bradesco-seguros-lanca-musica-exclusiva-com-mensagem-de-esperanca-para-2022\/#webpage\"},\"commentCount\":0,\"publisher\":{\"@id\":\"https:\/\/insurancecorp.com.br\/pt\/#organization\"},\"image\":{\"@id\":\"https:\/\/insurancecorp.com.br\/pt\/2021\/12\/22\/bradesco-seguros-lanca-musica-exclusiva-com-mensagem-de-esperanca-para-2022\/#primaryimage\"},\"articleSection\":\"Bradesco Seguros\",\"inLanguage\":\"pt-BR\",\"potentialAction\":[{\"@type\":\"CommentAction\",\"name\":\"Comment\",\"target\":[\"https:\/\/insurancecorp.com.br\/pt\/2021\/12\/22\/bradesco-seguros-lanca-musica-exclusiva-com-mensagem-de-esperanca-para-2022\/#respond\"]}]},{\"@type\":\"Person\",\"@id\":\"https:\/\/insurancecorp.com.br\/pt\/#\/schema\/person\/1b69c8cf325f0b7167f1b171f52df4af\",\"name\":\"Publica\\u00e7\\u00e3o\",\"image\":{\"@type\":\"ImageObject\",\"@id\":\"https:\/\/insurancecorp.com.br\/pt\/#personlogo\",\"inLanguage\":\"pt-BR\",\"url\":\"https:\/\/secure.gravatar.com\/avatar\/17226f1f60486eb25d4c6b301ffed37f?s=96&d=mm&r=g\",\"caption\":\"Publica\\u00e7\\u00e3o\"}}]}<\/script>\n<!-- \/ Yoast SEO plugin. -->","_links":{"self":[{"href":"https:\/\/insurancecorp.com.br\/pt\/wp-json\/wp\/v2\/posts\/31235"}],"collection":[{"href":"https:\/\/insurancecorp.com.br\/pt\/wp-json\/wp\/v2\/posts"}],"about":[{"href":"https:\/\/insurancecorp.com.br\/pt\/wp-json\/wp\/v2\/types\/post"}],"author":[{"embeddable":true,"href":"https:\/\/insurancecorp.com.br\/pt\/wp-json\/wp\/v2\/users\/2"}],"replies":[{"embeddable":true,"href":"https:\/\/insurancecorp.com.br\/pt\/wp-json\/wp\/v2\/comments?post=31235"}],"version-history":[{"count":3,"href":"https:\/\/insurancecorp.com.br\/pt\/wp-json\/wp\/v2\/posts\/31235\/revisions"}],"predecessor-version":[{"id":31247,"href":"https:\/\/insurancecorp.com.br\/pt\/wp-json\/wp\/v2\/posts\/31235\/revisions\/31247"}],"wp:featuredmedia":[{"embeddable":true,"href":"https:\/\/insurancecorp.com.br\/pt\/wp-json\/wp\/v2\/media\/31245"}],"wp:attachment":[{"href":"https:\/\/insurancecorp.com.br\/pt\/wp-json\/wp\/v2\/media?parent=31235"}],"wp:term":[{"taxonomy":"category","embeddable":true,"href":"https:\/\/insurancecorp.com.br\/pt\/wp-json\/wp\/v2\/categories?post=31235"},{"taxonomy":"post_tag","embeddable":true,"href":"https:\/\/insurancecorp.com.br\/pt\/wp-json\/wp\/v2\/tags?post=31235"}],"curies":[{"name":"wp","href":"https:\/\/api.w.org\/{rel}","templated":true}]}}