{"id":3111,"date":"2018-09-25T09:34:00","date_gmt":"2018-09-25T12:34:00","guid":{"rendered":"https:\/\/insurancecorp.com.br\/pt\/?p=3111"},"modified":"2018-09-25T09:34:11","modified_gmt":"2018-09-25T12:34:11","slug":"na-semana-nacional-de-transito-dados-da-seguradora-lider-revelam-que-nos-ultimos-dois-anos-ocorreram-mais-de-560-mil-acidentes-no-pais","status":"publish","type":"post","link":"https:\/\/insurancecorp.com.br\/pt\/2018\/09\/25\/na-semana-nacional-de-transito-dados-da-seguradora-lider-revelam-que-nos-ultimos-dois-anos-ocorreram-mais-de-560-mil-acidentes-no-pais\/","title":{"rendered":"Na Semana Nacional de Tr\u00e2nsito, dados da Seguradora L\u00edder revelam que, nos \u00faltimos dois anos, ocorreram mais de 560 mil acidentes no pa\u00eds"},"content":{"rendered":"<p class=\"x_MsoNormal\" align=\"center\">Boletim especial mostra que jovens entre 18 e 34 anos representam maior parte das v\u00edtimas indenizadas pelo Seguro DPVAT em 2017<\/p>\n<p class=\"x_MsoNormal\">At\u00e9 o pr\u00f3ximo dia 25, a Semana Nacional de Tr\u00e2nsito levanta o debate sobre a import\u00e2ncia da seguran\u00e7a nas ruas e da conscientiza\u00e7\u00e3o da popula\u00e7\u00e3o de suas responsabilidades, seja motorista ou pedestre. Dados da Seguradora L\u00edder mostram que, nos \u00faltimos dois anos, mais de 560 mil acidentes ocorreram no pa\u00eds e foram indenizados pelo Seguro DPVAT. Como parte da mobiliza\u00e7\u00e3o nacional, a Seguradora L\u00edder preparou um boletim especial mostrando as ocorr\u00eancias de 2016 e 2017, um perfil detalhado dos envolvidos nos acidentes no \u00faltimo ano, al\u00e9m de apresentar as regi\u00f5es com tr\u00e2nsito mais violento.<\/p>\n<p class=\"x_MsoNormal\">O documento especial tamb\u00e9m traz um cap\u00edtulo com os resultados da pesquisa que a Seguradora L\u00edder encomendou ao Instituto Datafolha para avaliar a percep\u00e7\u00e3o da popula\u00e7\u00e3o sobre o comportamento do brasileiro no tr\u00e2nsito. O objetivo \u00e9 que essas estat\u00edsticas sirvam de instrumento para o desenvolvimento de a\u00e7\u00f5es de educa\u00e7\u00e3o e pol\u00edticas p\u00fablicas de preven\u00e7\u00e3o de acidentes em todo o Brasil.<\/p>\n<p class=\"x_MsoNormal\">De acordo com o levantamento, os jovens de 18 a 34 anos, faixa et\u00e1ria economicamente ativa, s\u00e3o as maiores v\u00edtimas do tr\u00e2nsito brasileiro, representando 49% das ocorr\u00eancias. O boletim re\u00fane n\u00fameros de acidentes ocorridos no per\u00edodo e j\u00e1 indenizados pelo Seguro DPVAT. Apenas em 2017, foram mais de 245 mil acidentes registrados no pa\u00eds. Na maior parte dos casos (68%), as v\u00edtimas ficaram com algum tipo de sequela permanente.<\/p>\n<p class=\"x_MsoNormal\">Entre os acidentes fatais, chama a aten\u00e7\u00e3o tamb\u00e9m o elevado n\u00famero de v\u00edtimas pedestres: 22% dos casos. J\u00e1 em rela\u00e7\u00e3o ao tipo de ve\u00edculo, seguindo a mesma tend\u00eancia dos anos anteriores, a motocicleta foi a respons\u00e1vel pela maior parte das ocorr\u00eancias, 76%, apesar de representar apenas 27% da frota nacional.<\/p>\n<p class=\"x_MsoNormal\">As regi\u00f5es Nordeste e Sudeste lideram o ranking dos acidentes. Entre as capitais, S\u00e3o Paulo, Fortaleza, Goi\u00e2nia e Rio de Janeiro s\u00e3o as cidades que mais registraram ocorr\u00eancias e apresentam o tr\u00e2nsito mais violento no pa\u00eds.<\/p>\n<p class=\"x_MsoNormal\">A pesquisa, realizada em parceria com o Instituto Datafolha, com uma avalia\u00e7\u00e3o da percep\u00e7\u00e3o da popula\u00e7\u00e3o sobre o comportamento do brasileiro no tr\u00e2nsito. O estudo ouviu 2.606 homens e mulheres, que apontaram o uso do celular ao dirigir o grande vil\u00e3o do tr\u00e2nsito. Os entrevistados tamb\u00e9m acreditam que, apesar do endurecimento das leis, o consumo de \u00e1lcool ainda \u00e9 uma das principais causas de acidentes.<\/p>\n<p class=\"x_MsoNormal\">Segundo 63% dos brasileiros, a maioria dos motociclistas n\u00e3o respeita as regras de tr\u00e2nsito e est\u00e1 sempre em alta velocidade. Outros 55% disseram que os pedestres n\u00e3o prestam aten\u00e7\u00e3o nos sem\u00e1foros na hora de atravessar as ruas e n\u00e3o usam as faixas de pedestre. Ainda de acordo com a pesquisa, a maior parte da popula\u00e7\u00e3o brasileira (cerca de 80%) acredita que as penas deveriam ser mais duras e considera que a fiscaliza\u00e7\u00e3o de tr\u00e2nsito ainda \u00e9 ineficiente.<\/p>\n<p class=\"x_MsoNormal\">Considerando a realidade da viol\u00eancia nas vias brasileiras, o Conselho Nacional de Tr\u00e2nsito (Contran) estabeleceu como meta a redu\u00e7\u00e3o, pela metade, do \u00edndice de mortes por grupos de habitantes e o \u00edndice de mortos no tr\u00e2nsito por grupos de ve\u00edculos, nos pr\u00f3ximos dez anos. Isso significa diminuir a propor\u00e7\u00e3o de v\u00edtimas fatais em rela\u00e7\u00e3o \u00e0 popula\u00e7\u00e3o e ao n\u00famero de ve\u00edculos de cada localidade. A meta integra o Plano Nacional de Redu\u00e7\u00e3o de Mortes e Les\u00f5es no Tr\u00e2nsito (Pnatrans), criado em janeiro deste ano.<\/p>\n<p class=\"x_MsoNormal\">Boletim especial:\u00a0<a href=\"https:\/\/urldefense.proofpoint.com\/v2\/url?u=http-3A__www.seguradoralider.com.br_Centro-2Dde-2DDados-2De-2DEstatisticas_Boletim-2DEstatistico&amp;d=DwMFAw&amp;c=63k7DFQ5NS45K8Wu5uX9Pd1gEa70c_pznLjIw3OxEiE&amp;r=xSKOGRaV4BigS2hI6T1dLQ&amp;m=9USDuEUFbdm76AJhDlwlzNs39B1XmqipgnADxQ7WWXg&amp;s=JVl51rMh_f7sL-f5yKVUrq3kIRqATxyEe4laUqDtW_w&amp;e=\" target=\"_blank\" rel=\"noopener noreferrer\" data-auth=\"NotApplicable\">https:\/\/www.seguradoralider.com.br\/Centro-de-Dados-e-Estatisticas\/Boletim-Estatistico<\/a><\/p>\n<p class=\"x_MsoNormal\"><strong>CDN Comunica\u00e7\u00e3o<\/strong><\/p>\n<p>Foto: G1. Globo.com<\/p>\n<p>&nbsp;<\/p>\n","protected":false},"excerpt":{"rendered":"<p>Boletim especial mostra que jovens entre 18 e 34 anos representam maior parte das v\u00edtimas indenizadas pelo Seguro DPVAT em 2017 At\u00e9 o pr\u00f3ximo dia 25, a Semana Nacional de Tr\u00e2nsito levanta o debate sobre a import\u00e2ncia da seguran\u00e7a nas ruas e da conscientiza\u00e7\u00e3o da popula\u00e7\u00e3o de suas responsabilidades, seja motorista ou pedestre. Dados da [&hellip;]<\/p>\n","protected":false},"author":2,"featured_media":3113,"comment_status":"open","ping_status":"open","sticky":false,"template":"","format":"standard","meta":[],"categories":[147],"tags":[],"jetpack_featured_media_url":"https:\/\/insurancecorp.com.br\/pt\/wp-content\/uploads\/2018\/09\/acidentes-g1.jpg","yoast_head":"<!-- This site is optimized with the Yoast SEO plugin v14.8 - https:\/\/yoast.com\/wordpress\/plugins\/seo\/ -->\n<title>Na Semana Nacional de Tr\u00e2nsito, dados da Seguradora L\u00edder revelam que, nos \u00faltimos dois anos, ocorreram mais de 560 mil acidentes no pa\u00eds | Revista Insurance Corp | PT-BR<\/title>\n<meta name=\"robots\" content=\"index, follow\" \/>\n<meta name=\"googlebot\" content=\"index, follow, max-snippet:-1, max-image-preview:large, max-video-preview:-1\" \/>\n<meta name=\"bingbot\" content=\"index, follow, max-snippet:-1, max-image-preview:large, max-video-preview:-1\" \/>\n<link rel=\"canonical\" href=\"https:\/\/insurancecorp.com.br\/pt\/2018\/09\/25\/na-semana-nacional-de-transito-dados-da-seguradora-lider-revelam-que-nos-ultimos-dois-anos-ocorreram-mais-de-560-mil-acidentes-no-pais\/\" \/>\n<meta property=\"og:locale\" content=\"pt_BR\" \/>\n<meta property=\"og:type\" content=\"article\" \/>\n<meta property=\"og:title\" content=\"Na Semana Nacional de Tr\u00e2nsito, dados da Seguradora L\u00edder revelam que, nos \u00faltimos dois anos, ocorreram mais de 560 mil acidentes no pa\u00eds | Revista Insurance Corp | PT-BR\" \/>\n<meta property=\"og:description\" content=\"Boletim especial mostra que jovens entre 18 e 34 anos representam maior parte das v\u00edtimas indenizadas pelo Seguro DPVAT em 2017 At\u00e9 o pr\u00f3ximo dia 25, a Semana Nacional de Tr\u00e2nsito levanta o debate sobre a import\u00e2ncia da seguran\u00e7a nas ruas e da conscientiza\u00e7\u00e3o da popula\u00e7\u00e3o de suas responsabilidades, seja motorista ou pedestre. Dados da [&hellip;]\" \/>\n<meta property=\"og:url\" content=\"https:\/\/insurancecorp.com.br\/pt\/2018\/09\/25\/na-semana-nacional-de-transito-dados-da-seguradora-lider-revelam-que-nos-ultimos-dois-anos-ocorreram-mais-de-560-mil-acidentes-no-pais\/\" \/>\n<meta property=\"og:site_name\" content=\"Revista Insurance Corp | PT-BR\" \/>\n<meta property=\"article:publisher\" content=\"https:\/\/www.facebook.com\/RevistaInsuranceCorp\/\" \/>\n<meta property=\"article:published_time\" content=\"2018-09-25T12:34:00+00:00\" \/>\n<meta property=\"article:modified_time\" content=\"2018-09-25T12:34:11+00:00\" \/>\n<meta property=\"og:image\" content=\"https:\/\/insurancecorp.com.br\/pt\/wp-content\/uploads\/2018\/09\/acidentes-g1.jpg\" \/>\n\t<meta property=\"og:image:width\" content=\"620\" \/>\n\t<meta property=\"og:image:height\" content=\"350\" \/>\n<meta name=\"twitter:card\" content=\"summary\" \/>\n<script type=\"application\/ld+json\" class=\"yoast-schema-graph\">{\"@context\":\"https:\/\/schema.org\",\"@graph\":[{\"@type\":\"Organization\",\"@id\":\"https:\/\/insurancecorp.com.br\/pt\/#organization\",\"name\":\"Revista Insurance Corp\",\"url\":\"https:\/\/insurancecorp.com.br\/pt\/\",\"sameAs\":[\"https:\/\/www.facebook.com\/RevistaInsuranceCorp\/\"],\"logo\":{\"@type\":\"ImageObject\",\"@id\":\"https:\/\/insurancecorp.com.br\/pt\/#logo\",\"inLanguage\":\"pt-BR\",\"url\":\"\",\"caption\":\"Revista Insurance Corp\"},\"image\":{\"@id\":\"https:\/\/insurancecorp.com.br\/pt\/#logo\"}},{\"@type\":\"WebSite\",\"@id\":\"https:\/\/insurancecorp.com.br\/pt\/#website\",\"url\":\"https:\/\/insurancecorp.com.br\/pt\/\",\"name\":\"Revista Insurance Corp | PT-BR\",\"description\":\"A \\u00fanica revista bil\\u00edngue voltada ao mercado de seguro.\",\"publisher\":{\"@id\":\"https:\/\/insurancecorp.com.br\/pt\/#organization\"},\"potentialAction\":[{\"@type\":\"SearchAction\",\"target\":\"https:\/\/insurancecorp.com.br\/pt\/?s={search_term_string}\",\"query-input\":\"required name=search_term_string\"}],\"inLanguage\":\"pt-BR\"},{\"@type\":\"ImageObject\",\"@id\":\"https:\/\/insurancecorp.com.br\/pt\/2018\/09\/25\/na-semana-nacional-de-transito-dados-da-seguradora-lider-revelam-que-nos-ultimos-dois-anos-ocorreram-mais-de-560-mil-acidentes-no-pais\/#primaryimage\",\"inLanguage\":\"pt-BR\",\"url\":\"https:\/\/insurancecorp.com.br\/pt\/wp-content\/uploads\/2018\/09\/acidentes-g1.jpg\",\"width\":620,\"height\":350},{\"@type\":\"WebPage\",\"@id\":\"https:\/\/insurancecorp.com.br\/pt\/2018\/09\/25\/na-semana-nacional-de-transito-dados-da-seguradora-lider-revelam-que-nos-ultimos-dois-anos-ocorreram-mais-de-560-mil-acidentes-no-pais\/#webpage\",\"url\":\"https:\/\/insurancecorp.com.br\/pt\/2018\/09\/25\/na-semana-nacional-de-transito-dados-da-seguradora-lider-revelam-que-nos-ultimos-dois-anos-ocorreram-mais-de-560-mil-acidentes-no-pais\/\",\"name\":\"Na Semana Nacional de Tr\\u00e2nsito, dados da Seguradora L\\u00edder revelam que, nos \\u00faltimos dois anos, ocorreram mais de 560 mil acidentes no pa\\u00eds | Revista Insurance Corp | PT-BR\",\"isPartOf\":{\"@id\":\"https:\/\/insurancecorp.com.br\/pt\/#website\"},\"primaryImageOfPage\":{\"@id\":\"https:\/\/insurancecorp.com.br\/pt\/2018\/09\/25\/na-semana-nacional-de-transito-dados-da-seguradora-lider-revelam-que-nos-ultimos-dois-anos-ocorreram-mais-de-560-mil-acidentes-no-pais\/#primaryimage\"},\"datePublished\":\"2018-09-25T12:34:00+00:00\",\"dateModified\":\"2018-09-25T12:34:11+00:00\",\"inLanguage\":\"pt-BR\",\"potentialAction\":[{\"@type\":\"ReadAction\",\"target\":[\"https:\/\/insurancecorp.com.br\/pt\/2018\/09\/25\/na-semana-nacional-de-transito-dados-da-seguradora-lider-revelam-que-nos-ultimos-dois-anos-ocorreram-mais-de-560-mil-acidentes-no-pais\/\"]}]},{\"@type\":\"Article\",\"@id\":\"https:\/\/insurancecorp.com.br\/pt\/2018\/09\/25\/na-semana-nacional-de-transito-dados-da-seguradora-lider-revelam-que-nos-ultimos-dois-anos-ocorreram-mais-de-560-mil-acidentes-no-pais\/#article\",\"isPartOf\":{\"@id\":\"https:\/\/insurancecorp.com.br\/pt\/2018\/09\/25\/na-semana-nacional-de-transito-dados-da-seguradora-lider-revelam-que-nos-ultimos-dois-anos-ocorreram-mais-de-560-mil-acidentes-no-pais\/#webpage\"},\"author\":{\"@id\":\"https:\/\/insurancecorp.com.br\/pt\/#\/schema\/person\/1b69c8cf325f0b7167f1b171f52df4af\"},\"headline\":\"Na Semana Nacional de Tr\\u00e2nsito, dados da Seguradora L\\u00edder revelam que, nos \\u00faltimos dois anos, ocorreram mais de 560 mil acidentes no pa\\u00eds\",\"datePublished\":\"2018-09-25T12:34:00+00:00\",\"dateModified\":\"2018-09-25T12:34:11+00:00\",\"mainEntityOfPage\":{\"@id\":\"https:\/\/insurancecorp.com.br\/pt\/2018\/09\/25\/na-semana-nacional-de-transito-dados-da-seguradora-lider-revelam-que-nos-ultimos-dois-anos-ocorreram-mais-de-560-mil-acidentes-no-pais\/#webpage\"},\"commentCount\":0,\"publisher\":{\"@id\":\"https:\/\/insurancecorp.com.br\/pt\/#organization\"},\"image\":{\"@id\":\"https:\/\/insurancecorp.com.br\/pt\/2018\/09\/25\/na-semana-nacional-de-transito-dados-da-seguradora-lider-revelam-que-nos-ultimos-dois-anos-ocorreram-mais-de-560-mil-acidentes-no-pais\/#primaryimage\"},\"articleSection\":\"L\\u00edder\",\"inLanguage\":\"pt-BR\",\"potentialAction\":[{\"@type\":\"CommentAction\",\"name\":\"Comment\",\"target\":[\"https:\/\/insurancecorp.com.br\/pt\/2018\/09\/25\/na-semana-nacional-de-transito-dados-da-seguradora-lider-revelam-que-nos-ultimos-dois-anos-ocorreram-mais-de-560-mil-acidentes-no-pais\/#respond\"]}]},{\"@type\":\"Person\",\"@id\":\"https:\/\/insurancecorp.com.br\/pt\/#\/schema\/person\/1b69c8cf325f0b7167f1b171f52df4af\",\"name\":\"Publica\\u00e7\\u00e3o\",\"image\":{\"@type\":\"ImageObject\",\"@id\":\"https:\/\/insurancecorp.com.br\/pt\/#personlogo\",\"inLanguage\":\"pt-BR\",\"url\":\"https:\/\/secure.gravatar.com\/avatar\/17226f1f60486eb25d4c6b301ffed37f?s=96&d=mm&r=g\",\"caption\":\"Publica\\u00e7\\u00e3o\"}}]}<\/script>\n<!-- \/ Yoast SEO plugin. -->","_links":{"self":[{"href":"https:\/\/insurancecorp.com.br\/pt\/wp-json\/wp\/v2\/posts\/3111"}],"collection":[{"href":"https:\/\/insurancecorp.com.br\/pt\/wp-json\/wp\/v2\/posts"}],"about":[{"href":"https:\/\/insurancecorp.com.br\/pt\/wp-json\/wp\/v2\/types\/post"}],"author":[{"embeddable":true,"href":"https:\/\/insurancecorp.com.br\/pt\/wp-json\/wp\/v2\/users\/2"}],"replies":[{"embeddable":true,"href":"https:\/\/insurancecorp.com.br\/pt\/wp-json\/wp\/v2\/comments?post=3111"}],"version-history":[{"count":2,"href":"https:\/\/insurancecorp.com.br\/pt\/wp-json\/wp\/v2\/posts\/3111\/revisions"}],"predecessor-version":[{"id":3114,"href":"https:\/\/insurancecorp.com.br\/pt\/wp-json\/wp\/v2\/posts\/3111\/revisions\/3114"}],"wp:featuredmedia":[{"embeddable":true,"href":"https:\/\/insurancecorp.com.br\/pt\/wp-json\/wp\/v2\/media\/3113"}],"wp:attachment":[{"href":"https:\/\/insurancecorp.com.br\/pt\/wp-json\/wp\/v2\/media?parent=3111"}],"wp:term":[{"taxonomy":"category","embeddable":true,"href":"https:\/\/insurancecorp.com.br\/pt\/wp-json\/wp\/v2\/categories?post=3111"},{"taxonomy":"post_tag","embeddable":true,"href":"https:\/\/insurancecorp.com.br\/pt\/wp-json\/wp\/v2\/tags?post=3111"}],"curies":[{"name":"wp","href":"https:\/\/api.w.org\/{rel}","templated":true}]}}