{"id":30972,"date":"2021-12-08T20:32:31","date_gmt":"2021-12-08T23:32:31","guid":{"rendered":"https:\/\/insurancecorp.com.br\/pt\/?p=30972"},"modified":"2021-12-08T20:32:31","modified_gmt":"2021-12-08T23:32:31","slug":"zurich-promove-mudancas-na-diretoria-de-seguros-corporativos","status":"publish","type":"post","link":"https:\/\/insurancecorp.com.br\/pt\/2021\/12\/08\/zurich-promove-mudancas-na-diretoria-de-seguros-corporativos\/","title":{"rendered":"Zurich promove mudan\u00e7as na Diretoria de Seguros Corporativos"},"content":{"rendered":"<p>Por conta dos novos desafios de expans\u00e3o comercial e sustentabilidade junto aos clientes, a Zurich, que \u00e9 uma seguradora multilinha e multiproduto, realiza promo\u00e7\u00f5es em sua diretoria de seguros corporativos. Fernando Saccon, at\u00e9 ent\u00e3o Superintendente de Linhas Financeiras e Seguro Garantia, assume o cargo de Diretor Comercial de Seguros Corporativos. Sua antiga posi\u00e7\u00e3o passa a ser ocupada por Marck S\u00e1, que atuava como Gerente Executivo de Linhas Financeiras. <\/p>\n<p>Fernando Saccon \u00e9 formado em direito pela Universidade Presbiteriana Mackenzie e com especializa\u00e7\u00f5es pela Funda\u00e7\u00e3o Getulio Vargas (FGV). Com mais de 17 anos de experi\u00eancia no mercado securit\u00e1rio e com passagens em empresas como Tokio Marine, Metlife e Mapfre, trabalha na Zurich desde 2009, onde acumula experi\u00eancia nas \u00e1reas jur\u00eddicas, compliance e subscri\u00e7\u00e3o na gest\u00e3o das carteiras e equipes de linhas financeiras e seguro garantia. <\/p>\n<p>Marck S\u00e1, que \u00e9 formado em direito pelo Pontif\u00edcia Universidade Cat\u00f3lica de S\u00e3o Paulo (PUC-SP), atuou como advogado na \u00e1rea de mercado de capitais por cerca de tr\u00eas anos. Possui especializa\u00e7\u00f5es em Direito do Seguro e Resseguro, Contratos de Seguro e Responsabilidade Civil, tamb\u00e9m pela FGV. No setor de seguros, trabalhou como analista de risco no setor de linhas financeiras na AIG Seguros e, na Zurich, at\u00e9 ser promovido era Gerente Executivo de Linhas Financeiras.<\/p>\n<p><strong>Outra promo\u00e7\u00e3o na \u00e1rea <\/strong><br \/>\nOutra movimenta\u00e7\u00e3o da Diretora de Seguros Coorporativos da Zurich no Brasil deu-se com Guilherme Ramiro. Ele, que at\u00e9 ent\u00e3o era Gerente de Seguro Garantia, passa a ser Gerente Executivo de Subscri\u00e7\u00e3o de Seguro Garantia. Formado em Administra\u00e7\u00e3o de Empresas pela Universidade Presbiteriana Mackenzie, possui uma especializa\u00e7\u00e3o em Produtos Financeiros e Gest\u00e3o de Riscos pela Funda\u00e7\u00e3o Instituto de Administra\u00e7\u00e3o (FIA). Antes de ingressar na Zurich, Guilherme atuou com riscos de cr\u00e9dito na Ford e no Banco Santander. <\/p>\n<p><strong>Conte\u00fado Comunica\u00e7\u00e3o<\/strong><\/p>\n<p>Foto: Fernando Saccon, assume o cargo de Diretor Comercial de Seguros Corporativos<\/p>\n","protected":false},"excerpt":{"rendered":"<p>Por conta dos novos desafios de expans\u00e3o comercial e sustentabilidade junto aos clientes, a Zurich, que \u00e9 uma seguradora multilinha e multiproduto, realiza promo\u00e7\u00f5es em sua diretoria de seguros corporativos. Fernando Saccon, at\u00e9 ent\u00e3o Superintendente de Linhas Financeiras e Seguro Garantia, assume o cargo de Diretor Comercial de Seguros Corporativos. Sua antiga posi\u00e7\u00e3o passa a [&hellip;]<\/p>\n","protected":false},"author":2,"featured_media":30973,"comment_status":"open","ping_status":"open","sticky":false,"template":"","format":"standard","meta":[],"categories":[523],"tags":[],"jetpack_featured_media_url":"https:\/\/insurancecorp.com.br\/pt\/wp-content\/uploads\/2021\/12\/Amo-minha-turma-2-scaled.jpg","yoast_head":"<!-- This site is optimized with the Yoast SEO plugin v14.8 - https:\/\/yoast.com\/wordpress\/plugins\/seo\/ -->\n<title>Zurich promove mudan\u00e7as na Diretoria de Seguros Corporativos | Revista Insurance Corp | PT-BR<\/title>\n<meta name=\"robots\" content=\"index, follow\" \/>\n<meta name=\"googlebot\" content=\"index, follow, max-snippet:-1, max-image-preview:large, max-video-preview:-1\" \/>\n<meta name=\"bingbot\" content=\"index, follow, max-snippet:-1, max-image-preview:large, max-video-preview:-1\" \/>\n<link rel=\"canonical\" href=\"https:\/\/insurancecorp.com.br\/pt\/2021\/12\/08\/zurich-promove-mudancas-na-diretoria-de-seguros-corporativos\/\" \/>\n<meta property=\"og:locale\" content=\"pt_BR\" \/>\n<meta property=\"og:type\" content=\"article\" \/>\n<meta property=\"og:title\" content=\"Zurich promove mudan\u00e7as na Diretoria de Seguros Corporativos | Revista Insurance Corp | PT-BR\" \/>\n<meta property=\"og:description\" content=\"Por conta dos novos desafios de expans\u00e3o comercial e sustentabilidade junto aos clientes, a Zurich, que \u00e9 uma seguradora multilinha e multiproduto, realiza promo\u00e7\u00f5es em sua diretoria de seguros corporativos. Fernando Saccon, at\u00e9 ent\u00e3o Superintendente de Linhas Financeiras e Seguro Garantia, assume o cargo de Diretor Comercial de Seguros Corporativos. Sua antiga posi\u00e7\u00e3o passa a [&hellip;]\" \/>\n<meta property=\"og:url\" content=\"https:\/\/insurancecorp.com.br\/pt\/2021\/12\/08\/zurich-promove-mudancas-na-diretoria-de-seguros-corporativos\/\" \/>\n<meta property=\"og:site_name\" content=\"Revista Insurance Corp | PT-BR\" \/>\n<meta property=\"article:publisher\" content=\"https:\/\/www.facebook.com\/RevistaInsuranceCorp\/\" \/>\n<meta property=\"article:published_time\" content=\"2021-12-08T23:32:31+00:00\" \/>\n<meta property=\"og:image\" content=\"https:\/\/insurancecorp.com.br\/pt\/wp-content\/uploads\/2021\/12\/Amo-minha-turma-2-scaled.jpg\" \/>\n\t<meta property=\"og:image:width\" content=\"2560\" \/>\n\t<meta property=\"og:image:height\" content=\"1707\" \/>\n<meta name=\"twitter:card\" content=\"summary\" \/>\n<script type=\"application\/ld+json\" class=\"yoast-schema-graph\">{\"@context\":\"https:\/\/schema.org\",\"@graph\":[{\"@type\":\"Organization\",\"@id\":\"https:\/\/insurancecorp.com.br\/pt\/#organization\",\"name\":\"Revista Insurance Corp\",\"url\":\"https:\/\/insurancecorp.com.br\/pt\/\",\"sameAs\":[\"https:\/\/www.facebook.com\/RevistaInsuranceCorp\/\"],\"logo\":{\"@type\":\"ImageObject\",\"@id\":\"https:\/\/insurancecorp.com.br\/pt\/#logo\",\"inLanguage\":\"pt-BR\",\"url\":\"\",\"caption\":\"Revista Insurance Corp\"},\"image\":{\"@id\":\"https:\/\/insurancecorp.com.br\/pt\/#logo\"}},{\"@type\":\"WebSite\",\"@id\":\"https:\/\/insurancecorp.com.br\/pt\/#website\",\"url\":\"https:\/\/insurancecorp.com.br\/pt\/\",\"name\":\"Revista Insurance Corp | PT-BR\",\"description\":\"A \\u00fanica revista bil\\u00edngue voltada ao mercado de seguro.\",\"publisher\":{\"@id\":\"https:\/\/insurancecorp.com.br\/pt\/#organization\"},\"potentialAction\":[{\"@type\":\"SearchAction\",\"target\":\"https:\/\/insurancecorp.com.br\/pt\/?s={search_term_string}\",\"query-input\":\"required name=search_term_string\"}],\"inLanguage\":\"pt-BR\"},{\"@type\":\"ImageObject\",\"@id\":\"https:\/\/insurancecorp.com.br\/pt\/2021\/12\/08\/zurich-promove-mudancas-na-diretoria-de-seguros-corporativos\/#primaryimage\",\"inLanguage\":\"pt-BR\",\"url\":\"https:\/\/insurancecorp.com.br\/pt\/wp-content\/uploads\/2021\/12\/Amo-minha-turma-2-scaled.jpg\",\"width\":2560,\"height\":1707,\"caption\":\"Fernando Saccon\"},{\"@type\":\"WebPage\",\"@id\":\"https:\/\/insurancecorp.com.br\/pt\/2021\/12\/08\/zurich-promove-mudancas-na-diretoria-de-seguros-corporativos\/#webpage\",\"url\":\"https:\/\/insurancecorp.com.br\/pt\/2021\/12\/08\/zurich-promove-mudancas-na-diretoria-de-seguros-corporativos\/\",\"name\":\"Zurich promove mudan\\u00e7as na Diretoria de Seguros Corporativos | Revista Insurance Corp | PT-BR\",\"isPartOf\":{\"@id\":\"https:\/\/insurancecorp.com.br\/pt\/#website\"},\"primaryImageOfPage\":{\"@id\":\"https:\/\/insurancecorp.com.br\/pt\/2021\/12\/08\/zurich-promove-mudancas-na-diretoria-de-seguros-corporativos\/#primaryimage\"},\"datePublished\":\"2021-12-08T23:32:31+00:00\",\"dateModified\":\"2021-12-08T23:32:31+00:00\",\"inLanguage\":\"pt-BR\",\"potentialAction\":[{\"@type\":\"ReadAction\",\"target\":[\"https:\/\/insurancecorp.com.br\/pt\/2021\/12\/08\/zurich-promove-mudancas-na-diretoria-de-seguros-corporativos\/\"]}]},{\"@type\":\"Article\",\"@id\":\"https:\/\/insurancecorp.com.br\/pt\/2021\/12\/08\/zurich-promove-mudancas-na-diretoria-de-seguros-corporativos\/#article\",\"isPartOf\":{\"@id\":\"https:\/\/insurancecorp.com.br\/pt\/2021\/12\/08\/zurich-promove-mudancas-na-diretoria-de-seguros-corporativos\/#webpage\"},\"author\":{\"@id\":\"https:\/\/insurancecorp.com.br\/pt\/#\/schema\/person\/1b69c8cf325f0b7167f1b171f52df4af\"},\"headline\":\"Zurich promove mudan\\u00e7as na Diretoria de Seguros Corporativos\",\"datePublished\":\"2021-12-08T23:32:31+00:00\",\"dateModified\":\"2021-12-08T23:32:31+00:00\",\"mainEntityOfPage\":{\"@id\":\"https:\/\/insurancecorp.com.br\/pt\/2021\/12\/08\/zurich-promove-mudancas-na-diretoria-de-seguros-corporativos\/#webpage\"},\"commentCount\":0,\"publisher\":{\"@id\":\"https:\/\/insurancecorp.com.br\/pt\/#organization\"},\"image\":{\"@id\":\"https:\/\/insurancecorp.com.br\/pt\/2021\/12\/08\/zurich-promove-mudancas-na-diretoria-de-seguros-corporativos\/#primaryimage\"},\"articleSection\":\"Zurich no Brasil\",\"inLanguage\":\"pt-BR\",\"potentialAction\":[{\"@type\":\"CommentAction\",\"name\":\"Comment\",\"target\":[\"https:\/\/insurancecorp.com.br\/pt\/2021\/12\/08\/zurich-promove-mudancas-na-diretoria-de-seguros-corporativos\/#respond\"]}]},{\"@type\":\"Person\",\"@id\":\"https:\/\/insurancecorp.com.br\/pt\/#\/schema\/person\/1b69c8cf325f0b7167f1b171f52df4af\",\"name\":\"Publica\\u00e7\\u00e3o\",\"image\":{\"@type\":\"ImageObject\",\"@id\":\"https:\/\/insurancecorp.com.br\/pt\/#personlogo\",\"inLanguage\":\"pt-BR\",\"url\":\"https:\/\/secure.gravatar.com\/avatar\/17226f1f60486eb25d4c6b301ffed37f?s=96&d=mm&r=g\",\"caption\":\"Publica\\u00e7\\u00e3o\"}}]}<\/script>\n<!-- \/ Yoast SEO plugin. -->","_links":{"self":[{"href":"https:\/\/insurancecorp.com.br\/pt\/wp-json\/wp\/v2\/posts\/30972"}],"collection":[{"href":"https:\/\/insurancecorp.com.br\/pt\/wp-json\/wp\/v2\/posts"}],"about":[{"href":"https:\/\/insurancecorp.com.br\/pt\/wp-json\/wp\/v2\/types\/post"}],"author":[{"embeddable":true,"href":"https:\/\/insurancecorp.com.br\/pt\/wp-json\/wp\/v2\/users\/2"}],"replies":[{"embeddable":true,"href":"https:\/\/insurancecorp.com.br\/pt\/wp-json\/wp\/v2\/comments?post=30972"}],"version-history":[{"count":2,"href":"https:\/\/insurancecorp.com.br\/pt\/wp-json\/wp\/v2\/posts\/30972\/revisions"}],"predecessor-version":[{"id":30975,"href":"https:\/\/insurancecorp.com.br\/pt\/wp-json\/wp\/v2\/posts\/30972\/revisions\/30975"}],"wp:featuredmedia":[{"embeddable":true,"href":"https:\/\/insurancecorp.com.br\/pt\/wp-json\/wp\/v2\/media\/30973"}],"wp:attachment":[{"href":"https:\/\/insurancecorp.com.br\/pt\/wp-json\/wp\/v2\/media?parent=30972"}],"wp:term":[{"taxonomy":"category","embeddable":true,"href":"https:\/\/insurancecorp.com.br\/pt\/wp-json\/wp\/v2\/categories?post=30972"},{"taxonomy":"post_tag","embeddable":true,"href":"https:\/\/insurancecorp.com.br\/pt\/wp-json\/wp\/v2\/tags?post=30972"}],"curies":[{"name":"wp","href":"https:\/\/api.w.org\/{rel}","templated":true}]}}