{"id":30771,"date":"2021-11-30T11:53:13","date_gmt":"2021-11-30T14:53:13","guid":{"rendered":"https:\/\/insurancecorp.com.br\/pt\/?p=30771"},"modified":"2021-11-30T11:56:05","modified_gmt":"2021-11-30T14:56:05","slug":"bradesco-seguros-participa-do-evento-neurotrends-do-brasil","status":"publish","type":"post","link":"https:\/\/insurancecorp.com.br\/pt\/2021\/11\/30\/bradesco-seguros-participa-do-evento-neurotrends-do-brasil\/","title":{"rendered":"Bradesco Seguros participa do evento Neurotrends Brasil"},"content":{"rendered":"<p>A Bradesco Seguros marca presen\u00e7a na 1\u00aa edi\u00e7\u00e3o do Neurotrends Brasil, evento organizado pelo Neurotech, em formato online, que acontece no dia 1\u00ba de dezembro, das 9h \u00e0s 13h, e re\u00fane grandes especialistas para discutir os desafios e as tend\u00eancias do mercado de seguros e outros setores diante das inova\u00e7\u00f5es tecnol\u00f3gicas e das demandas de consumidores cada vez mais exigentes.<br \/>\nRepresentante do setor segurador, o diretor da Bradesco Seguros, Saint\u00b4Clair Lima, debater\u00e1 temas de relev\u00e2ncia para o setor, como novas tecnologias e conquistas na estrutura\u00e7\u00e3o de dados e transforma\u00e7\u00e3o digital, concorr\u00eancia e regula\u00e7\u00e3o de novas normas, experi\u00eancia do consumidor, vantagens de uma precifica\u00e7\u00e3o mais justa e eficiente para clientes, entre outros assuntos.<br \/>\n\u201cO atendimento baseado na experi\u00eancia do consumidor \u00e9 uma realidade, e as empresas precisam estimular o uso de tecnologias para aperfei\u00e7oar essa jornada. Investir na inova\u00e7\u00e3o de produtos e servi\u00e7os, com foco em maximizar a experi\u00eancia digital do segurado, deve estar no DNA das companhias nos pr\u00f3ximos anos\u201d, destaca.<br \/>\nPara acompanhar o evento ao vivo, acesse: https:\/\/lnkd.in\/dnjwFia7 <\/p>\n<p><strong>Approach Comunica\u00e7\u00e3o<\/strong><\/p>\n","protected":false},"excerpt":{"rendered":"<p>A Bradesco Seguros marca presen\u00e7a na 1\u00aa edi\u00e7\u00e3o do Neurotrends Brasil, evento organizado pelo Neurotech, em formato online, que acontece no dia 1\u00ba de dezembro, das 9h \u00e0s 13h, e re\u00fane grandes especialistas para discutir os desafios e as tend\u00eancias do mercado de seguros e outros setores diante das inova\u00e7\u00f5es tecnol\u00f3gicas e das demandas de [&hellip;]<\/p>\n","protected":false},"author":2,"featured_media":30773,"comment_status":"open","ping_status":"open","sticky":false,"template":"","format":"standard","meta":[],"categories":[413],"tags":[],"jetpack_featured_media_url":"https:\/\/insurancecorp.com.br\/pt\/wp-content\/uploads\/2021\/11\/100-Melhores-Fornecedores-para-RH-11.jpeg","yoast_head":"<!-- This site is optimized with the Yoast SEO plugin v14.8 - https:\/\/yoast.com\/wordpress\/plugins\/seo\/ -->\n<title>Bradesco Seguros participa do evento Neurotrends Brasil | Revista Insurance Corp | PT-BR<\/title>\n<meta name=\"robots\" content=\"index, follow\" \/>\n<meta name=\"googlebot\" content=\"index, follow, max-snippet:-1, max-image-preview:large, max-video-preview:-1\" \/>\n<meta name=\"bingbot\" content=\"index, follow, max-snippet:-1, max-image-preview:large, max-video-preview:-1\" \/>\n<link rel=\"canonical\" href=\"https:\/\/insurancecorp.com.br\/pt\/2021\/11\/30\/bradesco-seguros-participa-do-evento-neurotrends-do-brasil\/\" \/>\n<meta property=\"og:locale\" content=\"pt_BR\" \/>\n<meta property=\"og:type\" content=\"article\" \/>\n<meta property=\"og:title\" content=\"Bradesco Seguros participa do evento Neurotrends Brasil | Revista Insurance Corp | PT-BR\" \/>\n<meta property=\"og:description\" content=\"A Bradesco Seguros marca presen\u00e7a na 1\u00aa edi\u00e7\u00e3o do Neurotrends Brasil, evento organizado pelo Neurotech, em formato online, que acontece no dia 1\u00ba de dezembro, das 9h \u00e0s 13h, e re\u00fane grandes especialistas para discutir os desafios e as tend\u00eancias do mercado de seguros e outros setores diante das inova\u00e7\u00f5es tecnol\u00f3gicas e das demandas de [&hellip;]\" \/>\n<meta property=\"og:url\" content=\"https:\/\/insurancecorp.com.br\/pt\/2021\/11\/30\/bradesco-seguros-participa-do-evento-neurotrends-do-brasil\/\" \/>\n<meta property=\"og:site_name\" content=\"Revista Insurance Corp | PT-BR\" \/>\n<meta property=\"article:publisher\" content=\"https:\/\/www.facebook.com\/RevistaInsuranceCorp\/\" \/>\n<meta property=\"article:published_time\" content=\"2021-11-30T14:53:13+00:00\" \/>\n<meta property=\"article:modified_time\" content=\"2021-11-30T14:56:05+00:00\" \/>\n<meta property=\"og:image\" content=\"https:\/\/insurancecorp.com.br\/pt\/wp-content\/uploads\/2021\/11\/100-Melhores-Fornecedores-para-RH-11.jpeg\" \/>\n\t<meta property=\"og:image:width\" content=\"1280\" \/>\n\t<meta property=\"og:image:height\" content=\"853\" \/>\n<meta name=\"twitter:card\" content=\"summary\" \/>\n<script type=\"application\/ld+json\" class=\"yoast-schema-graph\">{\"@context\":\"https:\/\/schema.org\",\"@graph\":[{\"@type\":\"Organization\",\"@id\":\"https:\/\/insurancecorp.com.br\/pt\/#organization\",\"name\":\"Revista Insurance Corp\",\"url\":\"https:\/\/insurancecorp.com.br\/pt\/\",\"sameAs\":[\"https:\/\/www.facebook.com\/RevistaInsuranceCorp\/\"],\"logo\":{\"@type\":\"ImageObject\",\"@id\":\"https:\/\/insurancecorp.com.br\/pt\/#logo\",\"inLanguage\":\"pt-BR\",\"url\":\"\",\"caption\":\"Revista Insurance Corp\"},\"image\":{\"@id\":\"https:\/\/insurancecorp.com.br\/pt\/#logo\"}},{\"@type\":\"WebSite\",\"@id\":\"https:\/\/insurancecorp.com.br\/pt\/#website\",\"url\":\"https:\/\/insurancecorp.com.br\/pt\/\",\"name\":\"Revista Insurance Corp | PT-BR\",\"description\":\"A \\u00fanica revista bil\\u00edngue voltada ao mercado de seguro.\",\"publisher\":{\"@id\":\"https:\/\/insurancecorp.com.br\/pt\/#organization\"},\"potentialAction\":[{\"@type\":\"SearchAction\",\"target\":\"https:\/\/insurancecorp.com.br\/pt\/?s={search_term_string}\",\"query-input\":\"required name=search_term_string\"}],\"inLanguage\":\"pt-BR\"},{\"@type\":\"ImageObject\",\"@id\":\"https:\/\/insurancecorp.com.br\/pt\/2021\/11\/30\/bradesco-seguros-participa-do-evento-neurotrends-do-brasil\/#primaryimage\",\"inLanguage\":\"pt-BR\",\"url\":\"https:\/\/insurancecorp.com.br\/pt\/wp-content\/uploads\/2021\/11\/100-Melhores-Fornecedores-para-RH-11.jpeg\",\"width\":1280,\"height\":853},{\"@type\":\"WebPage\",\"@id\":\"https:\/\/insurancecorp.com.br\/pt\/2021\/11\/30\/bradesco-seguros-participa-do-evento-neurotrends-do-brasil\/#webpage\",\"url\":\"https:\/\/insurancecorp.com.br\/pt\/2021\/11\/30\/bradesco-seguros-participa-do-evento-neurotrends-do-brasil\/\",\"name\":\"Bradesco Seguros participa do evento Neurotrends Brasil | Revista Insurance Corp | PT-BR\",\"isPartOf\":{\"@id\":\"https:\/\/insurancecorp.com.br\/pt\/#website\"},\"primaryImageOfPage\":{\"@id\":\"https:\/\/insurancecorp.com.br\/pt\/2021\/11\/30\/bradesco-seguros-participa-do-evento-neurotrends-do-brasil\/#primaryimage\"},\"datePublished\":\"2021-11-30T14:53:13+00:00\",\"dateModified\":\"2021-11-30T14:56:05+00:00\",\"inLanguage\":\"pt-BR\",\"potentialAction\":[{\"@type\":\"ReadAction\",\"target\":[\"https:\/\/insurancecorp.com.br\/pt\/2021\/11\/30\/bradesco-seguros-participa-do-evento-neurotrends-do-brasil\/\"]}]},{\"@type\":\"Article\",\"@id\":\"https:\/\/insurancecorp.com.br\/pt\/2021\/11\/30\/bradesco-seguros-participa-do-evento-neurotrends-do-brasil\/#article\",\"isPartOf\":{\"@id\":\"https:\/\/insurancecorp.com.br\/pt\/2021\/11\/30\/bradesco-seguros-participa-do-evento-neurotrends-do-brasil\/#webpage\"},\"author\":{\"@id\":\"https:\/\/insurancecorp.com.br\/pt\/#\/schema\/person\/1b69c8cf325f0b7167f1b171f52df4af\"},\"headline\":\"Bradesco Seguros participa do evento Neurotrends Brasil\",\"datePublished\":\"2021-11-30T14:53:13+00:00\",\"dateModified\":\"2021-11-30T14:56:05+00:00\",\"mainEntityOfPage\":{\"@id\":\"https:\/\/insurancecorp.com.br\/pt\/2021\/11\/30\/bradesco-seguros-participa-do-evento-neurotrends-do-brasil\/#webpage\"},\"commentCount\":0,\"publisher\":{\"@id\":\"https:\/\/insurancecorp.com.br\/pt\/#organization\"},\"image\":{\"@id\":\"https:\/\/insurancecorp.com.br\/pt\/2021\/11\/30\/bradesco-seguros-participa-do-evento-neurotrends-do-brasil\/#primaryimage\"},\"articleSection\":\"Bradesco Seguros\",\"inLanguage\":\"pt-BR\",\"potentialAction\":[{\"@type\":\"CommentAction\",\"name\":\"Comment\",\"target\":[\"https:\/\/insurancecorp.com.br\/pt\/2021\/11\/30\/bradesco-seguros-participa-do-evento-neurotrends-do-brasil\/#respond\"]}]},{\"@type\":\"Person\",\"@id\":\"https:\/\/insurancecorp.com.br\/pt\/#\/schema\/person\/1b69c8cf325f0b7167f1b171f52df4af\",\"name\":\"Publica\\u00e7\\u00e3o\",\"image\":{\"@type\":\"ImageObject\",\"@id\":\"https:\/\/insurancecorp.com.br\/pt\/#personlogo\",\"inLanguage\":\"pt-BR\",\"url\":\"https:\/\/secure.gravatar.com\/avatar\/17226f1f60486eb25d4c6b301ffed37f?s=96&d=mm&r=g\",\"caption\":\"Publica\\u00e7\\u00e3o\"}}]}<\/script>\n<!-- \/ Yoast SEO plugin. -->","_links":{"self":[{"href":"https:\/\/insurancecorp.com.br\/pt\/wp-json\/wp\/v2\/posts\/30771"}],"collection":[{"href":"https:\/\/insurancecorp.com.br\/pt\/wp-json\/wp\/v2\/posts"}],"about":[{"href":"https:\/\/insurancecorp.com.br\/pt\/wp-json\/wp\/v2\/types\/post"}],"author":[{"embeddable":true,"href":"https:\/\/insurancecorp.com.br\/pt\/wp-json\/wp\/v2\/users\/2"}],"replies":[{"embeddable":true,"href":"https:\/\/insurancecorp.com.br\/pt\/wp-json\/wp\/v2\/comments?post=30771"}],"version-history":[{"count":2,"href":"https:\/\/insurancecorp.com.br\/pt\/wp-json\/wp\/v2\/posts\/30771\/revisions"}],"predecessor-version":[{"id":30775,"href":"https:\/\/insurancecorp.com.br\/pt\/wp-json\/wp\/v2\/posts\/30771\/revisions\/30775"}],"wp:featuredmedia":[{"embeddable":true,"href":"https:\/\/insurancecorp.com.br\/pt\/wp-json\/wp\/v2\/media\/30773"}],"wp:attachment":[{"href":"https:\/\/insurancecorp.com.br\/pt\/wp-json\/wp\/v2\/media?parent=30771"}],"wp:term":[{"taxonomy":"category","embeddable":true,"href":"https:\/\/insurancecorp.com.br\/pt\/wp-json\/wp\/v2\/categories?post=30771"},{"taxonomy":"post_tag","embeddable":true,"href":"https:\/\/insurancecorp.com.br\/pt\/wp-json\/wp\/v2\/tags?post=30771"}],"curies":[{"name":"wp","href":"https:\/\/api.w.org\/{rel}","templated":true}]}}