{"id":30210,"date":"2021-11-08T18:04:07","date_gmt":"2021-11-08T21:04:07","guid":{"rendered":"https:\/\/insurancecorp.com.br\/pt\/?p=30210"},"modified":"2021-11-08T18:11:14","modified_gmt":"2021-11-08T21:11:14","slug":"zurich-promove-discussoes-sobre-a-sociedade-junto-a-instituicoes-apoiadas-pela-seguradora","status":"publish","type":"post","link":"https:\/\/insurancecorp.com.br\/pt\/2021\/11\/08\/zurich-promove-discussoes-sobre-a-sociedade-junto-a-instituicoes-apoiadas-pela-seguradora\/","title":{"rendered":"Zurich promove discuss\u00f5es sobre a sociedade junto a institui\u00e7\u00f5es apoiadas pela seguradora"},"content":{"rendered":"<p>Desde o come\u00e7o de 2020, o mundo passou por muitas mudan\u00e7as por conta da pandemia. A forma como trabalhamos, vemos e interagimos com o planeta, entendemos a sociedade e at\u00e9 mesmo como usamos e lidamos com a tecnologia j\u00e1 n\u00e3o \u00e9 mais a mesma. Aos poucos, estamos aprendendo a viver nessa nova fase p\u00f3s-Covid-19. Um caminho sem volta e que aponta para novos desafios.<\/p>\n<p>Pensando nesta transi\u00e7\u00e3o que est\u00e1 em pleno curso, recentemente a seguradora Zurich promoveu um evento online chamado \u201cMaratona Social Zurich\u201d, com palestras, bate-papos e consultorias pensadas para ajudar institui\u00e7\u00f5es e seus assistidos a ficarem por dentro das inova\u00e7\u00f5es e das necessidades do mercado de trabalho, do meio ambiente e das rela\u00e7\u00f5es entre as pessoas numa sociedade em constante transforma\u00e7\u00e3o.<\/p>\n<p>O evento contou com confer\u00eancias e discuss\u00f5es sobre diferentes tem\u00e1ticas, como empreendedorismo, educa\u00e7\u00e3o financeira, futuro do consumo, confian\u00e7a na sociedade digital (com dicas sobre cyber bulling e golpes virtuais, por exemplo), diversidade e inclus\u00e3o e at\u00e9 as compet\u00eancias que ser\u00e3o valorizadas no ambiente de trabalho nos pr\u00f3ximos anos \u2013 por meio das quais os participantes puderam ter consultorias sobre carreira, primeiro emprego e elabora\u00e7\u00e3o de curr\u00edculo. <\/p>\n<p>A Maratona Social \u00e9 apenas uma das muitas iniciativas de empreendedorismo e quest\u00f5es sociais que a Zurich vem promovendo. No final de 2020, por exemplo, a empresa realizou uma palestra como Instituto Locomotiva, que tamb\u00e9m esteve presente na \u201cMaratona\u201d, por\u00e9m, voltada especificamente \u00e0 educa\u00e7\u00e3o financeira \u2013 que \u00e9 uma bandeira que a seguradora defende e se preocupa.<\/p>\n<p>\u201cAcreditamos que nosso papel vai muito al\u00e9m de oferecer seguros; precisamos tamb\u00e9m promover as mudan\u00e7as necess\u00e1rias para transformar o mundo. Atrav\u00e9s desse tipo de evento, conseguimos difundir o conhecimento interno e alcan\u00e7ar diversos tipos de pessoas, em todos os lugares e especialmente junto a institui\u00e7\u00f5es cuja atua\u00e7\u00e3o j\u00e1 \u00e9, por si s\u00f3, transformadora\u201d, diz Superintendente de Marketing e Comunica\u00e7\u00e3o da Zurich no Brasil, Ana Quintela (foto). <\/p>\n<p>Participaram do evento as seguintes institui\u00e7\u00f5es: Instituto de Pesquisas e Projetos Empreendedores (IPPE), Instituto Locomotiva, Instituto Techmail, GRAAC e a Orquestra Sinf\u00f4nica de S\u00e3o Paulo (OSESP). A seguir, confira um resumo sobre algumas palestras, bem como depoimentos de membros de algumas das institui\u00e7\u00f5es apoiadas pela Zurich que participaram do evento.<\/p>\n<p><strong>Futuro do consumo<\/strong><br \/>\nCom apresenta\u00e7\u00f5es de Luc\u00eda Sarraceno e Ismael Andrade, respectivamente Superintendente de Canais Digitais e Relacionamento com o Cliente e Superintendente de Seguros Massificados na Zurich do Brasil, a palestra \u201cFuturo do Consumo\u201d teve como foco principal discutir o desenvolvimento tecnol\u00f3gico e mostrar como os produtos no mercado mudam de acordo com a necessidade social.<\/p>\n<p>\u201cO futuro do consumo demonstra o foco cada vez maior consumidor. Nesse contexto, pode-se esperar que os desejos, anseios, dificuldades e particularidades desse p\u00fablico tornam-se elementos ainda mais poderosos tanto para marcas quanto para os pr\u00f3prios clientes\u201d, constatou Clarice Tolentino, do IPPE (Instituto de Pesquisas e Projetos Empreendedores), uma das participantes da audi\u00eancia da palestra sobre o Futuro do Consumo.<\/p>\n<p><strong>Confian\u00e7a na sociedade digital<\/strong><br \/>\nCom o objetivo de instruir como as pessoas precisam se comportar e se proteger no meio digital, a palestra \u201cConfian\u00e7a na Sociedade Digital\u201d foi comandada por F\u00e1bio Souza e Roberto Kazuhisa, respectivamente Especialista em Sistemas e Gerente de Projetos na Zurich do Brasil. Alta exposi\u00e7\u00e3o, golpes na internet, cyber bullyng e fakes news foram termas discutidos ao longo do painel, que contou tamb\u00e9m com dicas de como ter mais seguran\u00e7a no meio digital para crian\u00e7as, adolescentes, pais, educadores, idosos e t\u00e9cnicos.<\/p>\n<p>Nickson Baldoino, colaborador na GRAACC que assistiu \u00e0s palestras, contou como esse tema foi importante para seu desenvolvimento pessoal e profissional. \u201cPoder participar das discuss\u00f5es com especialistas, trocando informa\u00e7\u00f5es e d\u00favidas com outras pessoas e organiza\u00e7\u00f5es, contribuiu ainda mais para a experi\u00eancia da maratona, em especial na palestra sobre \u2018Confian\u00e7a na Sociedade Digital\u2019. Mais que atual, este tema tem impacto direto na forma em que constru\u00edmos rela\u00e7\u00f5es e evolu\u00edmos enquanto cidad\u00e3os, conectados e compartilhando informa\u00e7\u00f5es constantemente\u201d, relatou. <\/p>\n<p><strong>Diversidade e Inclus\u00e3o<\/strong><br \/>\nCaio Gama, da \u00e1rea de recursos humanos da Zurich do Brasil, ficou respons\u00e1vel pelo tema \u201cDiversidade e Inclus\u00e3o\u201d, que discutiu as diferen\u00e7as entre identidade de g\u00eanero, orienta\u00e7\u00e3o sexual, sexo biol\u00f3gico e express\u00e3o de g\u00eanero. Al\u00e9m disso, ressaltou a import\u00e2ncia da inclus\u00e3o dentro do ambiente do trabalho. O colaborador explicou as diferen\u00e7as de cada identidade de g\u00eanero e o significado da sigla LGBTQIA+, bem como os benef\u00edcios da ades\u00e3o a uma linguagem neutra, que garante respeito aos n\u00e3o-bin\u00e1rios. <\/p>\n<p>Ester Neves, aluna do Instituto Techmail, participou da palestra e contou o quanto o tema a tocou. \u201cAprendi que o conhecimento derruba a barreira do preconceito, porque te faz entender a outra pessoa, ter a dimens\u00e3o do seu dia a dia, das suas viv\u00eancias e lutas. A empatia e o respeito nos fazem humanos e n\u00e3o h\u00e1 nada que desejamos mais que a paz de sermos livres e o poder de expressarmos nossa sexualidade, sem o medo de sermos discriminados. Caio nos mostrou como a Zurich combate o preconceito e vai al\u00e9m, proporcionando oportunidades\u201d.<\/p>\n<p><strong>Conte\u00fado Comunica\u00e7\u00e3o<\/strong><\/p>\n<p>Foto: Ana Quintela, Superintendente de Marketing e Comunica\u00e7\u00e3o da Zurich no Brasil<\/p>\n","protected":false},"excerpt":{"rendered":"<p>Desde o come\u00e7o de 2020, o mundo passou por muitas mudan\u00e7as por conta da pandemia. A forma como trabalhamos, vemos e interagimos com o planeta, entendemos a sociedade e at\u00e9 mesmo como usamos e lidamos com a tecnologia j\u00e1 n\u00e3o \u00e9 mais a mesma. Aos poucos, estamos aprendendo a viver nessa nova fase p\u00f3s-Covid-19. Um [&hellip;]<\/p>\n","protected":false},"author":2,"featured_media":30211,"comment_status":"open","ping_status":"open","sticky":false,"template":"","format":"standard","meta":[],"categories":[523],"tags":[],"jetpack_featured_media_url":"https:\/\/insurancecorp.com.br\/pt\/wp-content\/uploads\/2021\/11\/aida-2-1.jpg","yoast_head":"<!-- This site is optimized with the Yoast SEO plugin v14.8 - https:\/\/yoast.com\/wordpress\/plugins\/seo\/ -->\n<title>Zurich promove discuss\u00f5es sobre a sociedade junto a institui\u00e7\u00f5es apoiadas pela seguradora | Revista Insurance Corp | PT-BR<\/title>\n<meta name=\"robots\" content=\"index, follow\" \/>\n<meta name=\"googlebot\" content=\"index, follow, max-snippet:-1, max-image-preview:large, max-video-preview:-1\" \/>\n<meta name=\"bingbot\" content=\"index, follow, max-snippet:-1, max-image-preview:large, max-video-preview:-1\" \/>\n<link rel=\"canonical\" href=\"https:\/\/insurancecorp.com.br\/pt\/2021\/11\/08\/zurich-promove-discussoes-sobre-a-sociedade-junto-a-instituicoes-apoiadas-pela-seguradora\/\" \/>\n<meta property=\"og:locale\" content=\"pt_BR\" \/>\n<meta property=\"og:type\" content=\"article\" \/>\n<meta property=\"og:title\" content=\"Zurich promove discuss\u00f5es sobre a sociedade junto a institui\u00e7\u00f5es apoiadas pela seguradora | Revista Insurance Corp | PT-BR\" \/>\n<meta property=\"og:description\" content=\"Desde o come\u00e7o de 2020, o mundo passou por muitas mudan\u00e7as por conta da pandemia. A forma como trabalhamos, vemos e interagimos com o planeta, entendemos a sociedade e at\u00e9 mesmo como usamos e lidamos com a tecnologia j\u00e1 n\u00e3o \u00e9 mais a mesma. Aos poucos, estamos aprendendo a viver nessa nova fase p\u00f3s-Covid-19. Um [&hellip;]\" \/>\n<meta property=\"og:url\" content=\"https:\/\/insurancecorp.com.br\/pt\/2021\/11\/08\/zurich-promove-discussoes-sobre-a-sociedade-junto-a-instituicoes-apoiadas-pela-seguradora\/\" \/>\n<meta property=\"og:site_name\" content=\"Revista Insurance Corp | PT-BR\" \/>\n<meta property=\"article:publisher\" content=\"https:\/\/www.facebook.com\/RevistaInsuranceCorp\/\" \/>\n<meta property=\"article:published_time\" content=\"2021-11-08T21:04:07+00:00\" \/>\n<meta property=\"article:modified_time\" content=\"2021-11-08T21:11:14+00:00\" \/>\n<meta property=\"og:image\" content=\"https:\/\/insurancecorp.com.br\/pt\/wp-content\/uploads\/2021\/11\/aida-2-1.jpg\" \/>\n\t<meta property=\"og:image:width\" content=\"2067\" \/>\n\t<meta property=\"og:image:height\" content=\"1378\" \/>\n<meta name=\"twitter:card\" content=\"summary\" \/>\n<script type=\"application\/ld+json\" class=\"yoast-schema-graph\">{\"@context\":\"https:\/\/schema.org\",\"@graph\":[{\"@type\":\"Organization\",\"@id\":\"https:\/\/insurancecorp.com.br\/pt\/#organization\",\"name\":\"Revista Insurance Corp\",\"url\":\"https:\/\/insurancecorp.com.br\/pt\/\",\"sameAs\":[\"https:\/\/www.facebook.com\/RevistaInsuranceCorp\/\"],\"logo\":{\"@type\":\"ImageObject\",\"@id\":\"https:\/\/insurancecorp.com.br\/pt\/#logo\",\"inLanguage\":\"pt-BR\",\"url\":\"\",\"caption\":\"Revista Insurance Corp\"},\"image\":{\"@id\":\"https:\/\/insurancecorp.com.br\/pt\/#logo\"}},{\"@type\":\"WebSite\",\"@id\":\"https:\/\/insurancecorp.com.br\/pt\/#website\",\"url\":\"https:\/\/insurancecorp.com.br\/pt\/\",\"name\":\"Revista Insurance Corp | PT-BR\",\"description\":\"A \\u00fanica revista bil\\u00edngue voltada ao mercado de seguro.\",\"publisher\":{\"@id\":\"https:\/\/insurancecorp.com.br\/pt\/#organization\"},\"potentialAction\":[{\"@type\":\"SearchAction\",\"target\":\"https:\/\/insurancecorp.com.br\/pt\/?s={search_term_string}\",\"query-input\":\"required name=search_term_string\"}],\"inLanguage\":\"pt-BR\"},{\"@type\":\"ImageObject\",\"@id\":\"https:\/\/insurancecorp.com.br\/pt\/2021\/11\/08\/zurich-promove-discussoes-sobre-a-sociedade-junto-a-instituicoes-apoiadas-pela-seguradora\/#primaryimage\",\"inLanguage\":\"pt-BR\",\"url\":\"https:\/\/insurancecorp.com.br\/pt\/wp-content\/uploads\/2021\/11\/aida-2-1.jpg\",\"width\":2067,\"height\":1378,\"caption\":\"fotos Ricardo Benichio\/divulga\\u00e7ao\"},{\"@type\":\"WebPage\",\"@id\":\"https:\/\/insurancecorp.com.br\/pt\/2021\/11\/08\/zurich-promove-discussoes-sobre-a-sociedade-junto-a-instituicoes-apoiadas-pela-seguradora\/#webpage\",\"url\":\"https:\/\/insurancecorp.com.br\/pt\/2021\/11\/08\/zurich-promove-discussoes-sobre-a-sociedade-junto-a-instituicoes-apoiadas-pela-seguradora\/\",\"name\":\"Zurich promove discuss\\u00f5es sobre a sociedade junto a institui\\u00e7\\u00f5es apoiadas pela seguradora | Revista Insurance Corp | PT-BR\",\"isPartOf\":{\"@id\":\"https:\/\/insurancecorp.com.br\/pt\/#website\"},\"primaryImageOfPage\":{\"@id\":\"https:\/\/insurancecorp.com.br\/pt\/2021\/11\/08\/zurich-promove-discussoes-sobre-a-sociedade-junto-a-instituicoes-apoiadas-pela-seguradora\/#primaryimage\"},\"datePublished\":\"2021-11-08T21:04:07+00:00\",\"dateModified\":\"2021-11-08T21:11:14+00:00\",\"inLanguage\":\"pt-BR\",\"potentialAction\":[{\"@type\":\"ReadAction\",\"target\":[\"https:\/\/insurancecorp.com.br\/pt\/2021\/11\/08\/zurich-promove-discussoes-sobre-a-sociedade-junto-a-instituicoes-apoiadas-pela-seguradora\/\"]}]},{\"@type\":\"Article\",\"@id\":\"https:\/\/insurancecorp.com.br\/pt\/2021\/11\/08\/zurich-promove-discussoes-sobre-a-sociedade-junto-a-instituicoes-apoiadas-pela-seguradora\/#article\",\"isPartOf\":{\"@id\":\"https:\/\/insurancecorp.com.br\/pt\/2021\/11\/08\/zurich-promove-discussoes-sobre-a-sociedade-junto-a-instituicoes-apoiadas-pela-seguradora\/#webpage\"},\"author\":{\"@id\":\"https:\/\/insurancecorp.com.br\/pt\/#\/schema\/person\/1b69c8cf325f0b7167f1b171f52df4af\"},\"headline\":\"Zurich promove discuss\\u00f5es sobre a sociedade junto a institui\\u00e7\\u00f5es apoiadas pela seguradora\",\"datePublished\":\"2021-11-08T21:04:07+00:00\",\"dateModified\":\"2021-11-08T21:11:14+00:00\",\"mainEntityOfPage\":{\"@id\":\"https:\/\/insurancecorp.com.br\/pt\/2021\/11\/08\/zurich-promove-discussoes-sobre-a-sociedade-junto-a-instituicoes-apoiadas-pela-seguradora\/#webpage\"},\"commentCount\":0,\"publisher\":{\"@id\":\"https:\/\/insurancecorp.com.br\/pt\/#organization\"},\"image\":{\"@id\":\"https:\/\/insurancecorp.com.br\/pt\/2021\/11\/08\/zurich-promove-discussoes-sobre-a-sociedade-junto-a-instituicoes-apoiadas-pela-seguradora\/#primaryimage\"},\"articleSection\":\"Zurich no Brasil\",\"inLanguage\":\"pt-BR\",\"potentialAction\":[{\"@type\":\"CommentAction\",\"name\":\"Comment\",\"target\":[\"https:\/\/insurancecorp.com.br\/pt\/2021\/11\/08\/zurich-promove-discussoes-sobre-a-sociedade-junto-a-instituicoes-apoiadas-pela-seguradora\/#respond\"]}]},{\"@type\":\"Person\",\"@id\":\"https:\/\/insurancecorp.com.br\/pt\/#\/schema\/person\/1b69c8cf325f0b7167f1b171f52df4af\",\"name\":\"Publica\\u00e7\\u00e3o\",\"image\":{\"@type\":\"ImageObject\",\"@id\":\"https:\/\/insurancecorp.com.br\/pt\/#personlogo\",\"inLanguage\":\"pt-BR\",\"url\":\"https:\/\/secure.gravatar.com\/avatar\/17226f1f60486eb25d4c6b301ffed37f?s=96&d=mm&r=g\",\"caption\":\"Publica\\u00e7\\u00e3o\"}}]}<\/script>\n<!-- \/ Yoast SEO plugin. -->","_links":{"self":[{"href":"https:\/\/insurancecorp.com.br\/pt\/wp-json\/wp\/v2\/posts\/30210"}],"collection":[{"href":"https:\/\/insurancecorp.com.br\/pt\/wp-json\/wp\/v2\/posts"}],"about":[{"href":"https:\/\/insurancecorp.com.br\/pt\/wp-json\/wp\/v2\/types\/post"}],"author":[{"embeddable":true,"href":"https:\/\/insurancecorp.com.br\/pt\/wp-json\/wp\/v2\/users\/2"}],"replies":[{"embeddable":true,"href":"https:\/\/insurancecorp.com.br\/pt\/wp-json\/wp\/v2\/comments?post=30210"}],"version-history":[{"count":2,"href":"https:\/\/insurancecorp.com.br\/pt\/wp-json\/wp\/v2\/posts\/30210\/revisions"}],"predecessor-version":[{"id":30213,"href":"https:\/\/insurancecorp.com.br\/pt\/wp-json\/wp\/v2\/posts\/30210\/revisions\/30213"}],"wp:featuredmedia":[{"embeddable":true,"href":"https:\/\/insurancecorp.com.br\/pt\/wp-json\/wp\/v2\/media\/30211"}],"wp:attachment":[{"href":"https:\/\/insurancecorp.com.br\/pt\/wp-json\/wp\/v2\/media?parent=30210"}],"wp:term":[{"taxonomy":"category","embeddable":true,"href":"https:\/\/insurancecorp.com.br\/pt\/wp-json\/wp\/v2\/categories?post=30210"},{"taxonomy":"post_tag","embeddable":true,"href":"https:\/\/insurancecorp.com.br\/pt\/wp-json\/wp\/v2\/tags?post=30210"}],"curies":[{"name":"wp","href":"https:\/\/api.w.org\/{rel}","templated":true}]}}