{"id":30049,"date":"2021-10-29T17:18:18","date_gmt":"2021-10-29T20:18:18","guid":{"rendered":"https:\/\/insurancecorp.com.br\/pt\/?p=30049"},"modified":"2021-10-29T17:18:18","modified_gmt":"2021-10-29T20:18:18","slug":"novembro-azul-internacao-por-cancer-de-prostata-cai-16-durante-a-pandemia","status":"publish","type":"post","link":"https:\/\/insurancecorp.com.br\/pt\/2021\/10\/29\/novembro-azul-internacao-por-cancer-de-prostata-cai-16-durante-a-pandemia\/","title":{"rendered":"Novembro Azul: Interna\u00e7\u00e3o por c\u00e2ncer de pr\u00f3stata cai 16% durante a pandemia"},"content":{"rendered":"<p>Novembro Azul: Interna\u00e7\u00e3o por c\u00e2ncer de pr\u00f3stata cai 16% durante a pandemia<br \/>\nN\u00famero de hospitaliza\u00e7\u00f5es para diagn\u00f3stico e tratamento da doen\u00e7a na sa\u00fade suplementar reduziu de 14 mil para 11,7 mil entre 2019 e 2020<br \/>\nDados das operadoras de planos privados de assist\u00eancia \u00e0 sa\u00fade mostram que o n\u00famero de interna\u00e7\u00f5es para a realiza\u00e7\u00e3o de diagn\u00f3stico, tratamento e acompanhamento de c\u00e2ncer de pr\u00f3stata caiu de 14 mil para 11,7 mil (-16%) entre 2019 e 2020. As informa\u00e7\u00f5es est\u00e3o no estudo especial: &#8220;Novembro Azul e o c\u00e2ncer de pr\u00f3stata em benefici\u00e1rios de planos privados de sa\u00fade&#8221;, do Instituto de Estudos de Sa\u00fade Suplementar (IESS), produzido a partir de dados da Ag\u00eancia Nacional de Sa\u00fade Suplementar (ANS).<br \/>\nNo intervalo analisado, a quantidade de interna\u00e7\u00f5es para a realiza\u00e7\u00e3o de procedimentos empregados no tratamento do c\u00e2ncer de pr\u00f3stata, como prostatavesiculectomia radical e prostatectomia a c\u00e9u aberto, tiveram retra\u00e7\u00e3o de 6,5 mil para 4,9 mil (-24,3%).<br \/>\n&#8220;A redu\u00e7\u00e3o nas taxas de diagn\u00f3stico, acompanhamento e tratamento da doen\u00e7a por conta da pandemia de Covid-19 deve ser analisada de perto nos pr\u00f3ximos meses, especialmente porque casos graves do c\u00e2ncer de pr\u00f3stata podem se desenvolver de forma silenciosa e comprometer a sa\u00fade do paciente. O acompanhamento peri\u00f3dico \u00e9 essencial&#8221;, alerta Jos\u00e9 Cechin, superintendente executivo do IESS.<br \/>\nA idade \u00e9 um fator de risco que deve ser levado em considera\u00e7\u00e3o, especialmente porque, segundo o Instituto Nacional de C\u00e2ncer (INCA), 9 em cada 10 homens diagnosticados com c\u00e2ncer de pr\u00f3stata no Brasil t\u00eam mais de 55 anos. Entre os benefici\u00e1rios de planos m\u00e9dico-hospitalares do sexo masculino, essa faixa et\u00e1ria mais do que dobrou entre 2000 e 2020, passou de 1,9 milh\u00e3o para 3,8 milh\u00f5es.<br \/>\nOutro dado que representa um risco \u00e9 o aumento na preval\u00eancia de sobrepeso no p\u00fablico masculino na sa\u00fade suplementar. Os n\u00fameros mais recentes do Vigitel Brasil, de 2018, mostram que 63,2% dos benefici\u00e1rios com mais de 18 anos, residentes das capitais brasileiras, tinham excesso de peso e 20,5% estavam com obesidade, e a preval\u00eancia que vem aumentando a cada ano desde 2008. Acesse a \u00edntegra do estudo especial do IESS: https:\/\/www.iess.org.br\/biblioteca\/tds-e-estudos\/estudos-especiais-do-iess\/falando-sobre-novembro-azul-e-o-cancer-de<\/p>\n<p><strong>LetraCerta Intelig\u00eancia em Comunica\u00e7\u00e3o <\/strong><\/p>\n<p>Foto: Abc do Abc<\/p>\n","protected":false},"excerpt":{"rendered":"<p>Novembro Azul: Interna\u00e7\u00e3o por c\u00e2ncer de pr\u00f3stata cai 16% durante a pandemia N\u00famero de hospitaliza\u00e7\u00f5es para diagn\u00f3stico e tratamento da doen\u00e7a na sa\u00fade suplementar reduziu de 14 mil para 11,7 mil entre 2019 e 2020 Dados das operadoras de planos privados de assist\u00eancia \u00e0 sa\u00fade mostram que o n\u00famero de interna\u00e7\u00f5es para a realiza\u00e7\u00e3o de [&hellip;]<\/p>\n","protected":false},"author":2,"featured_media":30050,"comment_status":"open","ping_status":"open","sticky":false,"template":"","format":"standard","meta":[],"categories":[31],"tags":[],"jetpack_featured_media_url":"https:\/\/insurancecorp.com.br\/pt\/wp-content\/uploads\/2021\/10\/Arcos-Olimpicos-4.jpg","yoast_head":"<!-- This site is optimized with the Yoast SEO plugin v14.8 - https:\/\/yoast.com\/wordpress\/plugins\/seo\/ -->\n<title>Novembro Azul: Interna\u00e7\u00e3o por c\u00e2ncer de pr\u00f3stata cai 16% durante a pandemia | Revista Insurance Corp | PT-BR<\/title>\n<meta name=\"robots\" content=\"index, follow\" \/>\n<meta name=\"googlebot\" content=\"index, follow, max-snippet:-1, max-image-preview:large, max-video-preview:-1\" \/>\n<meta name=\"bingbot\" content=\"index, follow, max-snippet:-1, max-image-preview:large, max-video-preview:-1\" \/>\n<link rel=\"canonical\" href=\"https:\/\/insurancecorp.com.br\/pt\/2021\/10\/29\/novembro-azul-internacao-por-cancer-de-prostata-cai-16-durante-a-pandemia\/\" \/>\n<meta property=\"og:locale\" content=\"pt_BR\" \/>\n<meta property=\"og:type\" content=\"article\" \/>\n<meta property=\"og:title\" content=\"Novembro Azul: Interna\u00e7\u00e3o por c\u00e2ncer de pr\u00f3stata cai 16% durante a pandemia | Revista Insurance Corp | PT-BR\" \/>\n<meta property=\"og:description\" content=\"Novembro Azul: Interna\u00e7\u00e3o por c\u00e2ncer de pr\u00f3stata cai 16% durante a pandemia N\u00famero de hospitaliza\u00e7\u00f5es para diagn\u00f3stico e tratamento da doen\u00e7a na sa\u00fade suplementar reduziu de 14 mil para 11,7 mil entre 2019 e 2020 Dados das operadoras de planos privados de assist\u00eancia \u00e0 sa\u00fade mostram que o n\u00famero de interna\u00e7\u00f5es para a realiza\u00e7\u00e3o de [&hellip;]\" \/>\n<meta property=\"og:url\" content=\"https:\/\/insurancecorp.com.br\/pt\/2021\/10\/29\/novembro-azul-internacao-por-cancer-de-prostata-cai-16-durante-a-pandemia\/\" \/>\n<meta property=\"og:site_name\" content=\"Revista Insurance Corp | PT-BR\" \/>\n<meta property=\"article:publisher\" content=\"https:\/\/www.facebook.com\/RevistaInsuranceCorp\/\" \/>\n<meta property=\"article:published_time\" content=\"2021-10-29T20:18:18+00:00\" \/>\n<meta property=\"og:image\" content=\"https:\/\/insurancecorp.com.br\/pt\/wp-content\/uploads\/2021\/10\/Arcos-Olimpicos-4.jpg\" \/>\n\t<meta property=\"og:image:width\" content=\"550\" \/>\n\t<meta property=\"og:image:height\" content=\"350\" \/>\n<meta name=\"twitter:card\" content=\"summary\" \/>\n<script type=\"application\/ld+json\" class=\"yoast-schema-graph\">{\"@context\":\"https:\/\/schema.org\",\"@graph\":[{\"@type\":\"Organization\",\"@id\":\"https:\/\/insurancecorp.com.br\/pt\/#organization\",\"name\":\"Revista Insurance Corp\",\"url\":\"https:\/\/insurancecorp.com.br\/pt\/\",\"sameAs\":[\"https:\/\/www.facebook.com\/RevistaInsuranceCorp\/\"],\"logo\":{\"@type\":\"ImageObject\",\"@id\":\"https:\/\/insurancecorp.com.br\/pt\/#logo\",\"inLanguage\":\"pt-BR\",\"url\":\"\",\"caption\":\"Revista Insurance Corp\"},\"image\":{\"@id\":\"https:\/\/insurancecorp.com.br\/pt\/#logo\"}},{\"@type\":\"WebSite\",\"@id\":\"https:\/\/insurancecorp.com.br\/pt\/#website\",\"url\":\"https:\/\/insurancecorp.com.br\/pt\/\",\"name\":\"Revista Insurance Corp | PT-BR\",\"description\":\"A \\u00fanica revista bil\\u00edngue voltada ao mercado de seguro.\",\"publisher\":{\"@id\":\"https:\/\/insurancecorp.com.br\/pt\/#organization\"},\"potentialAction\":[{\"@type\":\"SearchAction\",\"target\":\"https:\/\/insurancecorp.com.br\/pt\/?s={search_term_string}\",\"query-input\":\"required name=search_term_string\"}],\"inLanguage\":\"pt-BR\"},{\"@type\":\"ImageObject\",\"@id\":\"https:\/\/insurancecorp.com.br\/pt\/2021\/10\/29\/novembro-azul-internacao-por-cancer-de-prostata-cai-16-durante-a-pandemia\/#primaryimage\",\"inLanguage\":\"pt-BR\",\"url\":\"https:\/\/insurancecorp.com.br\/pt\/wp-content\/uploads\/2021\/10\/Arcos-Olimpicos-4.jpg\",\"width\":550,\"height\":350},{\"@type\":\"WebPage\",\"@id\":\"https:\/\/insurancecorp.com.br\/pt\/2021\/10\/29\/novembro-azul-internacao-por-cancer-de-prostata-cai-16-durante-a-pandemia\/#webpage\",\"url\":\"https:\/\/insurancecorp.com.br\/pt\/2021\/10\/29\/novembro-azul-internacao-por-cancer-de-prostata-cai-16-durante-a-pandemia\/\",\"name\":\"Novembro Azul: Interna\\u00e7\\u00e3o por c\\u00e2ncer de pr\\u00f3stata cai 16% durante a pandemia | Revista Insurance Corp | PT-BR\",\"isPartOf\":{\"@id\":\"https:\/\/insurancecorp.com.br\/pt\/#website\"},\"primaryImageOfPage\":{\"@id\":\"https:\/\/insurancecorp.com.br\/pt\/2021\/10\/29\/novembro-azul-internacao-por-cancer-de-prostata-cai-16-durante-a-pandemia\/#primaryimage\"},\"datePublished\":\"2021-10-29T20:18:18+00:00\",\"dateModified\":\"2021-10-29T20:18:18+00:00\",\"inLanguage\":\"pt-BR\",\"potentialAction\":[{\"@type\":\"ReadAction\",\"target\":[\"https:\/\/insurancecorp.com.br\/pt\/2021\/10\/29\/novembro-azul-internacao-por-cancer-de-prostata-cai-16-durante-a-pandemia\/\"]}]},{\"@type\":\"Article\",\"@id\":\"https:\/\/insurancecorp.com.br\/pt\/2021\/10\/29\/novembro-azul-internacao-por-cancer-de-prostata-cai-16-durante-a-pandemia\/#article\",\"isPartOf\":{\"@id\":\"https:\/\/insurancecorp.com.br\/pt\/2021\/10\/29\/novembro-azul-internacao-por-cancer-de-prostata-cai-16-durante-a-pandemia\/#webpage\"},\"author\":{\"@id\":\"https:\/\/insurancecorp.com.br\/pt\/#\/schema\/person\/1b69c8cf325f0b7167f1b171f52df4af\"},\"headline\":\"Novembro Azul: Interna\\u00e7\\u00e3o por c\\u00e2ncer de pr\\u00f3stata cai 16% durante a pandemia\",\"datePublished\":\"2021-10-29T20:18:18+00:00\",\"dateModified\":\"2021-10-29T20:18:18+00:00\",\"mainEntityOfPage\":{\"@id\":\"https:\/\/insurancecorp.com.br\/pt\/2021\/10\/29\/novembro-azul-internacao-por-cancer-de-prostata-cai-16-durante-a-pandemia\/#webpage\"},\"commentCount\":0,\"publisher\":{\"@id\":\"https:\/\/insurancecorp.com.br\/pt\/#organization\"},\"image\":{\"@id\":\"https:\/\/insurancecorp.com.br\/pt\/2021\/10\/29\/novembro-azul-internacao-por-cancer-de-prostata-cai-16-durante-a-pandemia\/#primaryimage\"},\"articleSection\":\"Interesse P\\u00fablico\",\"inLanguage\":\"pt-BR\",\"potentialAction\":[{\"@type\":\"CommentAction\",\"name\":\"Comment\",\"target\":[\"https:\/\/insurancecorp.com.br\/pt\/2021\/10\/29\/novembro-azul-internacao-por-cancer-de-prostata-cai-16-durante-a-pandemia\/#respond\"]}]},{\"@type\":\"Person\",\"@id\":\"https:\/\/insurancecorp.com.br\/pt\/#\/schema\/person\/1b69c8cf325f0b7167f1b171f52df4af\",\"name\":\"Publica\\u00e7\\u00e3o\",\"image\":{\"@type\":\"ImageObject\",\"@id\":\"https:\/\/insurancecorp.com.br\/pt\/#personlogo\",\"inLanguage\":\"pt-BR\",\"url\":\"https:\/\/secure.gravatar.com\/avatar\/17226f1f60486eb25d4c6b301ffed37f?s=96&d=mm&r=g\",\"caption\":\"Publica\\u00e7\\u00e3o\"}}]}<\/script>\n<!-- \/ Yoast SEO plugin. -->","_links":{"self":[{"href":"https:\/\/insurancecorp.com.br\/pt\/wp-json\/wp\/v2\/posts\/30049"}],"collection":[{"href":"https:\/\/insurancecorp.com.br\/pt\/wp-json\/wp\/v2\/posts"}],"about":[{"href":"https:\/\/insurancecorp.com.br\/pt\/wp-json\/wp\/v2\/types\/post"}],"author":[{"embeddable":true,"href":"https:\/\/insurancecorp.com.br\/pt\/wp-json\/wp\/v2\/users\/2"}],"replies":[{"embeddable":true,"href":"https:\/\/insurancecorp.com.br\/pt\/wp-json\/wp\/v2\/comments?post=30049"}],"version-history":[{"count":1,"href":"https:\/\/insurancecorp.com.br\/pt\/wp-json\/wp\/v2\/posts\/30049\/revisions"}],"predecessor-version":[{"id":30051,"href":"https:\/\/insurancecorp.com.br\/pt\/wp-json\/wp\/v2\/posts\/30049\/revisions\/30051"}],"wp:featuredmedia":[{"embeddable":true,"href":"https:\/\/insurancecorp.com.br\/pt\/wp-json\/wp\/v2\/media\/30050"}],"wp:attachment":[{"href":"https:\/\/insurancecorp.com.br\/pt\/wp-json\/wp\/v2\/media?parent=30049"}],"wp:term":[{"taxonomy":"category","embeddable":true,"href":"https:\/\/insurancecorp.com.br\/pt\/wp-json\/wp\/v2\/categories?post=30049"},{"taxonomy":"post_tag","embeddable":true,"href":"https:\/\/insurancecorp.com.br\/pt\/wp-json\/wp\/v2\/tags?post=30049"}],"curies":[{"name":"wp","href":"https:\/\/api.w.org\/{rel}","templated":true}]}}