{"id":29954,"date":"2021-10-27T18:27:24","date_gmt":"2021-10-27T21:27:24","guid":{"rendered":"https:\/\/insurancecorp.com.br\/pt\/?p=29954"},"modified":"2021-10-27T18:45:05","modified_gmt":"2021-10-27T21:45:05","slug":"zurich-lanca-mundialmente-documento-que-sugere-acoes-para-frearmos-os-impactos-das-mudancas-climaticas","status":"publish","type":"post","link":"https:\/\/insurancecorp.com.br\/pt\/2021\/10\/27\/zurich-lanca-mundialmente-documento-que-sugere-acoes-para-frearmos-os-impactos-das-mudancas-climaticas\/","title":{"rendered":"Zurich lan\u00e7a ocumento que sugere a\u00e7\u00f5es para frearmos os impactos das mudan\u00e7as clim\u00e1ticas"},"content":{"rendered":"<p>A Zurich lan\u00e7a mundialmente o relat\u00f3rio \u201cPodemos juntos limitar o aquecimento global a 1,5\u00b0C?\u201d, documento que traz o contexto atual dos temas sociais, ambientais e econ\u00f4micos relacionados \u00e0s mudan\u00e7as clim\u00e1ticas, com sugest\u00f5es e direcionamentos de como podemos frear os impactos dessas transforma\u00e7\u00f5es em nosso planeta. O paper ajuda a esclarecer os compromissos dos governos no Acordo de Paris, em 2015, e destaca que o homem \u00e9 o respons\u00e1vel pelos danos \u00e0 natureza por conta de velhas pr\u00e1ticas.<br \/>\nUm dos destaques do documento \u00e9 o Scorecard de Mudan\u00e7as Clim\u00e1ticas da Zurich que, por meio de 12 m\u00e9tricas clim\u00e1ticas, aponta como estamos evoluindo para reduzir o aquecimento global a menos de 2\u00b0 C \u2013 o que evitaria que o mundo chegasse num ponto sem retorno no qual n\u00e3o haver\u00e1 mais como evitar uma situa\u00e7\u00e3o catastr\u00f3fica. Este Scorecard d\u00e1 um panorama da evolu\u00e7\u00e3o das dimens\u00f5es que impactam diretamente o clima desde 2019.<\/p>\n<p>Segundo Luc\u00eda Sarraceno, superintendente respons\u00e1vel por Sustentabilidade na Zurich no Brasil (foto), o papel principal do relat\u00f3rio \u00e9 mostrar o que podemos fazer para limitar o aquecimento global a 1,5\u00b0\u2013 e principalmente, refor\u00e7ar que isso \u00e9 poss\u00edvel.<\/p>\n<p>\u201cO paper apresenta solu\u00e7\u00f5es para governos, empresas e institui\u00e7\u00f5es diminu\u00edrem os riscos das mudan\u00e7as clim\u00e1ticas, com investimentos em novas tecnologias de energias renov\u00e1veis, redu\u00e7\u00e3o\/elimina\u00e7\u00e3o do consumo de combust\u00edveis f\u00f3sseis e inova\u00e7\u00f5es para a captura de carbono\u201d, pontua a executiva. \u201cE alerta que, para que tudo isso seja feito em tempo h\u00e1bil, ser\u00e3o necess\u00e1rios investimentos anuais de US$ 6,9 trilh\u00f5es at\u00e9 2030. Faz, portanto, um balan\u00e7o da situa\u00e7\u00e3o entre a COP21, h\u00e1 cinco anos, e a COP26, que acontece em Glasglow, na Esc\u00f3cia, em novembro\u201d, complementa. <\/p>\n<p>Intimamente comprometida com a causa, em 2019, a Zurich aderiu \u00e0 Net-Zero Asset Owner Alliance e vem fazendo investimentos globais de impacto que deveriam totalizar US$ 5 bilh\u00f5es at\u00e9 2022 \u2013 a companhia superou esse valor em 2020, quando registrou US$ 5,8 bilh\u00f5es em investimentos de impacto, com a\u00e7\u00f5es que incluem investimentos em green bonds e em infraestrutura limpa, como parques e\u00f3licos e solares. A empresa tamb\u00e9m foi a primeira seguradora a se inscrever no Business Ambition, em junho de 2019, com a meta de limitar o aumento da temperatura m\u00e9dia global a 1,5\u00b0C acima dos n\u00edveis pr\u00e9-industriais \u2013 que \u00e9 um ponto central que o paper discute.<br \/>\nJunto com o relat\u00f3rio, a companhia anunciou novas medidas globais com rela\u00e7\u00e3o \u00e0 sustentabilidade, com o objetivo principal de reduzir as emiss\u00f5es de carbono em at\u00e9 70% at\u00e9 2029 \u2013 ser\u00e3o 40 mil toneladas de emiss\u00f5es de CO2 a menos por ano. Diminui\u00e7\u00e3o das viagens a\u00e9reas em 70% em rela\u00e7\u00e3o aos n\u00edveis pr\u00e9-pandemia, ado\u00e7\u00e3o de uma frota de carros el\u00e9trica ou h\u00edbrida at\u00e9 2025 e a estrutura\u00e7\u00e3o de uma comunica\u00e7\u00e3o 100% digital com os clientes no mesmo prazo s\u00e3o exemplos dessas a\u00e7\u00f5es.<\/p>\n<p>Alinhada aos compromissos globais da seguradora, a Zurich no Brasil vem incorporando as quest\u00f5es sustent\u00e1veis em diversos produtos, servi\u00e7os e projetos, bem como na sua estrat\u00e9gia de aloca\u00e7\u00e3o de recursos nos chamados t\u00edtulos verdes. Essas a\u00e7\u00f5es envolvem todos os p\u00fablicos com os quais a seguradora se relaciona: funcion\u00e1rios, clientes, parceiros de neg\u00f3cios e comunidades apoiadas pela empresa. Entre as iniciativas, est\u00e3o: <\/p>\n<p>\u2022\tGreen Bonds \u2013 A aloca\u00e7\u00e3o destinada em \u201ct\u00edtulos verdes\u201d atingiu um montante pr\u00f3ximo \u00e0 meta estabelecida pela Zurich para 2022, que \u00e9 de R$ 170 milh\u00f5es. Atualmente, a companhia soma R$ 150 milh\u00f5es em Green Bonds, que correspondem a 5% do total de ativos da seguradora.<\/p>\n<p>\u2022\tZurich4Power \u2013 Trata-se da cobertura abrangente e inovadora para os riscos relacionados \u00e0 instala\u00e7\u00e3o, montagem e opera\u00e7\u00e3o de pain\u00e9is solares, tanto para pessoas f\u00edsicas como jur\u00eddicas. Ou seja, o projeto, que foi lan\u00e7ado no come\u00e7o de 2021, est\u00e1 relacionado \u00e0 gera\u00e7\u00e3o de energia renov\u00e1vel e tem como prop\u00f3sito apoiar os clientes, donos do novo equipamento, integradores ou mesmo fabricantes, em seus desafios de sustentabilidade.<\/p>\n<p>\u2022\tSeguro para ve\u00edculos el\u00e9tricos e h\u00edbridos \u2013 Lan\u00e7ado em 2019, al\u00e9m de coberturas tradicionais relacionadas aos casos de colis\u00e3o, roubo e inc\u00eandio, o produto conta com diferenciais, como assist\u00eancia 24 horas com atendimento concierge, rede de oficinas especializadas e cobertura para os cabos de carregamento em caso de furto\/roubo. A iniciativa reflete a aposta da companhia na mudan\u00e7a inevit\u00e1vel pela qual a sociedade est\u00e1 passando e que tamb\u00e9m \u00e9 tema do relat\u00f3rio lan\u00e7ado pela Zurich.<\/p>\n<p>\u2022\tDescarte respons\u00e1vel de celulares \u2013 Com o objetivo de reduzir ao m\u00e1ximo a emiss\u00e3o de CO2 na opera\u00e7\u00e3o de sinistros da Zurich de forma certificada, o processo de descarte respons\u00e1vel de celulares e inform\u00e1tica visa a reciclar os res\u00edduos da opera\u00e7\u00e3o de reparo desses equipamentos, tais como pe\u00e7as danificadas, acess\u00f3rios e baterias \u2013 que s\u00e3o altamente danosos ao meio ambiente. Os res\u00edduos passam por um processo inicial de separa\u00e7\u00e3o de materiais em: pl\u00e1stico, vidro, metais e placas eletr\u00f4nicas, descaracteriza\u00e7\u00e3o e decomposi\u00e7\u00e3o em partes menores que s\u00e3o destinados \u00e0s ind\u00fastrias espec\u00edficas para reciclagem. Em 2021, j\u00e1 foi processado 576,22 Kg de res\u00edduos \u2013 ou seja, mais de 1\/2 tonelada \u2013 coletados em urnas para descarte sustent\u00e1vel de celulares, inform\u00e1tica, pilhas e baterias espalhadas por todo o territ\u00f3rio nacional. <\/p>\n<p>\u2022\tCertifica\u00e7\u00e3o Selo Verde e pagamento 100% digital \u00e0s oficinas mec\u00e2nicas \u2013 Para esses parceiros, a seguradora criou, no primeiro semestre de 2021, uma certifica\u00e7\u00e3o para que elas melhorem sua efici\u00eancia ambiental e de gest\u00e3o e, assim, recebam a Certifica\u00e7\u00e3o Selo Verde \u2013 a primeira do g\u00eanero no mercado segurador brasileiro, desenvolvida em conjunto com o Instituto da Qualidade Automotiva (IQA). A expectativa \u00e9 que, at\u00e9 2023, 90% da rede credenciada da Zurich no pa\u00eds (305 estabelecimentos) seja contemplada com a certifica\u00e7\u00e3o. Desde o lan\u00e7amento, seis oficinas foram contempladas com o selo e 21 est\u00e3o em processo de avalia\u00e7\u00e3o. Al\u00e9m disso, o processo de pagamento a esses parceiros n\u00e3o envolve papel, portanto, tem zero emiss\u00e3o de carbono.<\/p>\n<p>\u2022\tRecolhimento de salvados e descarte de entulhos \u2013 Desde 2017, a Zurich aprimorou o servi\u00e7o de retirada dos chamados salvados de danos el\u00e9tricos no seguro residencial, que s\u00e3o mercadorias e bens avariados, resgatados dos sinistros da seguradora, dando um direcionamento ambientalmente correto para estes materiais. At\u00e9 de agosto de 2021, foram recolhidas 18 toneladas de equipamentos, como geladeiras, TVs, micro-ondas, impressoras, computadores, m\u00e1quinas de lavar, entre outros. Em todo o ano anterior, foram mais de 20 toneladas.<\/p>\n<p>\u2022\tConsultoria ambiental \u2013 A empresa disponibiliza aos seus clientes do seguro residencial uma consultoria ambiental especializada, com profissionais que os ajudam com a\u00e7\u00f5es de consumo consciente de \u00e1gua, energia el\u00e9trica, reciclagem de lixo, entre outras. Al\u00e9m disso, a companhia tamb\u00e9m oferece consultores para auxiliar os segurados na realiza\u00e7\u00e3o de projetos sustent\u00e1veis e inteligentes para reaproveitamento de \u00e1gua da chuva e uso de energia solar, entre outros objetivos. Entre janeiro e agosto de 2021, 89 clientes foram atendidos por esse servi\u00e7o de consultoria.<\/p>\n<p>\u2022\tVistoria digital no seguro patrimonial \u2013 Todo o processo de vistoria dos seguros patrimoniais (resid\u00eancias e empresas) \u00e9 digital, por conta de uma plataforma eletr\u00f4nica desenvolvida especialmente para isso. Por meio dela, assim que comunica a ocorr\u00eancia, o segurado recebe um SMS com um link. Ap\u00f3s acess\u00e1-lo, basta que ele envie fotos e documentos pela internet, conforme as instru\u00e7\u00f5es autom\u00e1ticas. Se estiver tudo OK, a libera\u00e7\u00e3o pode ocorrer at\u00e9 no mesmo dia.<\/p>\n<p>\u2022\tProjeto Origens\u00ae \u2013 No final de 2020, a Zurich no Brasil e a e Z Zurich Foundation (entidade do Zurich Insurance Group que se dedica a investimentos em projetos comunit\u00e1rios) estabeleceram um apoio ao projeto Origens Brasil\u00ae, rede de articula\u00e7\u00e3o multissetorial concebido pelo Imaflora (Instituto de Manejo e Certifica\u00e7\u00e3o Florestal e Agr\u00edcola) e pelo Instituto Socioambiental (ISA), que viabiliza neg\u00f3cios sustent\u00e1veis na Floresta Amaz\u00f4nica. Durante tr\u00eas anos, a Zurich ajudar\u00e1 o Origens Brasil\u00ae a criar condi\u00e7\u00f5es de mudar para melhor a forma como 3 mil produtores fazem neg\u00f3cios com mais de 30 empresas de maneira cada vez mais \u00e9tica e transparente. Os produtos s\u00e3o provenientes da sociobiodiversidade brasileira e devem ajudar indiretamente cerca de 15 mil ind\u00edgenas de popula\u00e7\u00f5es tradicionais da Floresta Amaz\u00f4nica, gerando uma receita de R$ 11 milh\u00f5es.<\/p>\n<p><strong>Compromissos globais e locais com a sustentabilidade do planeta<\/strong><\/p>\n<p>O Grupo Zurich tem um compromisso global e uma clara miss\u00e3o em todos os aspectos da sustentabilidade. Hoje, a corpora\u00e7\u00e3o ocupa o topo do \u00cdndice Dow Jones de Sustentabilidade, resultado do seu esfor\u00e7o e do papel ativo na transi\u00e7\u00e3o para uma economia mais sustent\u00e1vel.<br \/>\nEdson Franco, CEO da companhia no Brasil, explica que a Zurich tem tr\u00eas pilares estrat\u00e9gicos globais de sustentabilidade que norteiam toda a companhia. \u201cO primeiro est\u00e1 relacionado ao prop\u00f3sito de liderar a mitiga\u00e7\u00e3o e preven\u00e7\u00e3o dos riscos voltados \u00e0s mudan\u00e7as clim\u00e1ticas. O segundo diz respeito \u00e0 sustentabilidade no trabalho, com a promo\u00e7\u00e3o de um ambiente plural, diverso e inclusivo. E o terceiro pilar estrat\u00e9gico est\u00e1 voltado \u00e0 confian\u00e7a digital, com apoio \u00e0 inova\u00e7\u00e3o, mas seguindo par\u00e2metros de prote\u00e7\u00e3o e gerenciamento de dados\u201d, enumera.<br \/>\nA seguradora \u00e9 signat\u00e1ria dos Princ\u00edpios para o Investimento Respons\u00e1vel (PRI), uma iniciativa da Organiza\u00e7\u00e3o das Na\u00e7\u00f5es Unidas (ONU) para nortear o mercado financeiro e de capitais na busca pelo desenvolvimento sustent\u00e1vel, por meio da incorpora\u00e7\u00e3o de aspectos sociais, ambientais e de governan\u00e7a corporativa na tomada de decis\u00e3o de investimentos, assim como tamb\u00e9m ao Pacto Global, outra organiza\u00e7\u00e3o da ONU. Al\u00e9m disso, apoia as bandeiras da Iniciativa Brasileira de Finan\u00e7as Verdes (IBFV), bem como de outros projetos semelhantes mundo afora.<\/p>\n<p><strong>Conte\u00fado Comunica\u00e7\u00e3o<\/strong><\/p>\n","protected":false},"excerpt":{"rendered":"<p>A Zurich lan\u00e7a mundialmente o relat\u00f3rio \u201cPodemos juntos limitar o aquecimento global a 1,5\u00b0C?\u201d, documento que traz o contexto atual dos temas sociais, ambientais e econ\u00f4micos relacionados \u00e0s mudan\u00e7as clim\u00e1ticas, com sugest\u00f5es e direcionamentos de como podemos frear os impactos dessas transforma\u00e7\u00f5es em nosso planeta. O paper ajuda a esclarecer os compromissos dos governos no [&hellip;]<\/p>\n","protected":false},"author":2,"featured_media":29955,"comment_status":"open","ping_status":"open","sticky":false,"template":"","format":"standard","meta":[],"categories":[523],"tags":[],"jetpack_featured_media_url":"https:\/\/insurancecorp.com.br\/pt\/wp-content\/uploads\/2021\/10\/apto-04-6-scaled.jpg","yoast_head":"<!-- This site is optimized with the Yoast SEO plugin v14.8 - https:\/\/yoast.com\/wordpress\/plugins\/seo\/ -->\n<title>Zurich lan\u00e7a ocumento que sugere a\u00e7\u00f5es para frearmos os impactos das mudan\u00e7as clim\u00e1ticas | Revista Insurance Corp | PT-BR<\/title>\n<meta name=\"robots\" content=\"index, follow\" \/>\n<meta name=\"googlebot\" content=\"index, follow, max-snippet:-1, max-image-preview:large, max-video-preview:-1\" \/>\n<meta name=\"bingbot\" content=\"index, follow, max-snippet:-1, max-image-preview:large, max-video-preview:-1\" \/>\n<link rel=\"canonical\" href=\"https:\/\/insurancecorp.com.br\/pt\/2021\/10\/27\/zurich-lanca-mundialmente-documento-que-sugere-acoes-para-frearmos-os-impactos-das-mudancas-climaticas\/\" \/>\n<meta property=\"og:locale\" content=\"pt_BR\" \/>\n<meta property=\"og:type\" content=\"article\" \/>\n<meta property=\"og:title\" content=\"Zurich lan\u00e7a ocumento que sugere a\u00e7\u00f5es para frearmos os impactos das mudan\u00e7as clim\u00e1ticas | Revista Insurance Corp | PT-BR\" \/>\n<meta property=\"og:description\" content=\"A Zurich lan\u00e7a mundialmente o relat\u00f3rio \u201cPodemos juntos limitar o aquecimento global a 1,5\u00b0C?\u201d, documento que traz o contexto atual dos temas sociais, ambientais e econ\u00f4micos relacionados \u00e0s mudan\u00e7as clim\u00e1ticas, com sugest\u00f5es e direcionamentos de como podemos frear os impactos dessas transforma\u00e7\u00f5es em nosso planeta. O paper ajuda a esclarecer os compromissos dos governos no [&hellip;]\" \/>\n<meta property=\"og:url\" content=\"https:\/\/insurancecorp.com.br\/pt\/2021\/10\/27\/zurich-lanca-mundialmente-documento-que-sugere-acoes-para-frearmos-os-impactos-das-mudancas-climaticas\/\" \/>\n<meta property=\"og:site_name\" content=\"Revista Insurance Corp | PT-BR\" \/>\n<meta property=\"article:publisher\" content=\"https:\/\/www.facebook.com\/RevistaInsuranceCorp\/\" \/>\n<meta property=\"article:published_time\" content=\"2021-10-27T21:27:24+00:00\" \/>\n<meta property=\"article:modified_time\" content=\"2021-10-27T21:45:05+00:00\" \/>\n<meta property=\"og:image\" content=\"https:\/\/insurancecorp.com.br\/pt\/wp-content\/uploads\/2021\/10\/apto-04-6-scaled.jpg\" \/>\n\t<meta property=\"og:image:width\" content=\"2560\" \/>\n\t<meta property=\"og:image:height\" content=\"1707\" \/>\n<meta name=\"twitter:card\" content=\"summary\" \/>\n<script type=\"application\/ld+json\" class=\"yoast-schema-graph\">{\"@context\":\"https:\/\/schema.org\",\"@graph\":[{\"@type\":\"Organization\",\"@id\":\"https:\/\/insurancecorp.com.br\/pt\/#organization\",\"name\":\"Revista Insurance Corp\",\"url\":\"https:\/\/insurancecorp.com.br\/pt\/\",\"sameAs\":[\"https:\/\/www.facebook.com\/RevistaInsuranceCorp\/\"],\"logo\":{\"@type\":\"ImageObject\",\"@id\":\"https:\/\/insurancecorp.com.br\/pt\/#logo\",\"inLanguage\":\"pt-BR\",\"url\":\"\",\"caption\":\"Revista Insurance Corp\"},\"image\":{\"@id\":\"https:\/\/insurancecorp.com.br\/pt\/#logo\"}},{\"@type\":\"WebSite\",\"@id\":\"https:\/\/insurancecorp.com.br\/pt\/#website\",\"url\":\"https:\/\/insurancecorp.com.br\/pt\/\",\"name\":\"Revista Insurance Corp | PT-BR\",\"description\":\"A \\u00fanica revista bil\\u00edngue voltada ao mercado de seguro.\",\"publisher\":{\"@id\":\"https:\/\/insurancecorp.com.br\/pt\/#organization\"},\"potentialAction\":[{\"@type\":\"SearchAction\",\"target\":\"https:\/\/insurancecorp.com.br\/pt\/?s={search_term_string}\",\"query-input\":\"required name=search_term_string\"}],\"inLanguage\":\"pt-BR\"},{\"@type\":\"ImageObject\",\"@id\":\"https:\/\/insurancecorp.com.br\/pt\/2021\/10\/27\/zurich-lanca-mundialmente-documento-que-sugere-acoes-para-frearmos-os-impactos-das-mudancas-climaticas\/#primaryimage\",\"inLanguage\":\"pt-BR\",\"url\":\"https:\/\/insurancecorp.com.br\/pt\/wp-content\/uploads\/2021\/10\/apto-04-6-scaled.jpg\",\"width\":2560,\"height\":1707},{\"@type\":\"WebPage\",\"@id\":\"https:\/\/insurancecorp.com.br\/pt\/2021\/10\/27\/zurich-lanca-mundialmente-documento-que-sugere-acoes-para-frearmos-os-impactos-das-mudancas-climaticas\/#webpage\",\"url\":\"https:\/\/insurancecorp.com.br\/pt\/2021\/10\/27\/zurich-lanca-mundialmente-documento-que-sugere-acoes-para-frearmos-os-impactos-das-mudancas-climaticas\/\",\"name\":\"Zurich lan\\u00e7a ocumento que sugere a\\u00e7\\u00f5es para frearmos os impactos das mudan\\u00e7as clim\\u00e1ticas | Revista Insurance Corp | PT-BR\",\"isPartOf\":{\"@id\":\"https:\/\/insurancecorp.com.br\/pt\/#website\"},\"primaryImageOfPage\":{\"@id\":\"https:\/\/insurancecorp.com.br\/pt\/2021\/10\/27\/zurich-lanca-mundialmente-documento-que-sugere-acoes-para-frearmos-os-impactos-das-mudancas-climaticas\/#primaryimage\"},\"datePublished\":\"2021-10-27T21:27:24+00:00\",\"dateModified\":\"2021-10-27T21:45:05+00:00\",\"inLanguage\":\"pt-BR\",\"potentialAction\":[{\"@type\":\"ReadAction\",\"target\":[\"https:\/\/insurancecorp.com.br\/pt\/2021\/10\/27\/zurich-lanca-mundialmente-documento-que-sugere-acoes-para-frearmos-os-impactos-das-mudancas-climaticas\/\"]}]},{\"@type\":\"Article\",\"@id\":\"https:\/\/insurancecorp.com.br\/pt\/2021\/10\/27\/zurich-lanca-mundialmente-documento-que-sugere-acoes-para-frearmos-os-impactos-das-mudancas-climaticas\/#article\",\"isPartOf\":{\"@id\":\"https:\/\/insurancecorp.com.br\/pt\/2021\/10\/27\/zurich-lanca-mundialmente-documento-que-sugere-acoes-para-frearmos-os-impactos-das-mudancas-climaticas\/#webpage\"},\"author\":{\"@id\":\"https:\/\/insurancecorp.com.br\/pt\/#\/schema\/person\/1b69c8cf325f0b7167f1b171f52df4af\"},\"headline\":\"Zurich lan\\u00e7a ocumento que sugere a\\u00e7\\u00f5es para frearmos os impactos das mudan\\u00e7as clim\\u00e1ticas\",\"datePublished\":\"2021-10-27T21:27:24+00:00\",\"dateModified\":\"2021-10-27T21:45:05+00:00\",\"mainEntityOfPage\":{\"@id\":\"https:\/\/insurancecorp.com.br\/pt\/2021\/10\/27\/zurich-lanca-mundialmente-documento-que-sugere-acoes-para-frearmos-os-impactos-das-mudancas-climaticas\/#webpage\"},\"commentCount\":0,\"publisher\":{\"@id\":\"https:\/\/insurancecorp.com.br\/pt\/#organization\"},\"image\":{\"@id\":\"https:\/\/insurancecorp.com.br\/pt\/2021\/10\/27\/zurich-lanca-mundialmente-documento-que-sugere-acoes-para-frearmos-os-impactos-das-mudancas-climaticas\/#primaryimage\"},\"articleSection\":\"Zurich no Brasil\",\"inLanguage\":\"pt-BR\",\"potentialAction\":[{\"@type\":\"CommentAction\",\"name\":\"Comment\",\"target\":[\"https:\/\/insurancecorp.com.br\/pt\/2021\/10\/27\/zurich-lanca-mundialmente-documento-que-sugere-acoes-para-frearmos-os-impactos-das-mudancas-climaticas\/#respond\"]}]},{\"@type\":\"Person\",\"@id\":\"https:\/\/insurancecorp.com.br\/pt\/#\/schema\/person\/1b69c8cf325f0b7167f1b171f52df4af\",\"name\":\"Publica\\u00e7\\u00e3o\",\"image\":{\"@type\":\"ImageObject\",\"@id\":\"https:\/\/insurancecorp.com.br\/pt\/#personlogo\",\"inLanguage\":\"pt-BR\",\"url\":\"https:\/\/secure.gravatar.com\/avatar\/17226f1f60486eb25d4c6b301ffed37f?s=96&d=mm&r=g\",\"caption\":\"Publica\\u00e7\\u00e3o\"}}]}<\/script>\n<!-- \/ Yoast SEO plugin. -->","_links":{"self":[{"href":"https:\/\/insurancecorp.com.br\/pt\/wp-json\/wp\/v2\/posts\/29954"}],"collection":[{"href":"https:\/\/insurancecorp.com.br\/pt\/wp-json\/wp\/v2\/posts"}],"about":[{"href":"https:\/\/insurancecorp.com.br\/pt\/wp-json\/wp\/v2\/types\/post"}],"author":[{"embeddable":true,"href":"https:\/\/insurancecorp.com.br\/pt\/wp-json\/wp\/v2\/users\/2"}],"replies":[{"embeddable":true,"href":"https:\/\/insurancecorp.com.br\/pt\/wp-json\/wp\/v2\/comments?post=29954"}],"version-history":[{"count":2,"href":"https:\/\/insurancecorp.com.br\/pt\/wp-json\/wp\/v2\/posts\/29954\/revisions"}],"predecessor-version":[{"id":29960,"href":"https:\/\/insurancecorp.com.br\/pt\/wp-json\/wp\/v2\/posts\/29954\/revisions\/29960"}],"wp:featuredmedia":[{"embeddable":true,"href":"https:\/\/insurancecorp.com.br\/pt\/wp-json\/wp\/v2\/media\/29955"}],"wp:attachment":[{"href":"https:\/\/insurancecorp.com.br\/pt\/wp-json\/wp\/v2\/media?parent=29954"}],"wp:term":[{"taxonomy":"category","embeddable":true,"href":"https:\/\/insurancecorp.com.br\/pt\/wp-json\/wp\/v2\/categories?post=29954"},{"taxonomy":"post_tag","embeddable":true,"href":"https:\/\/insurancecorp.com.br\/pt\/wp-json\/wp\/v2\/tags?post=29954"}],"curies":[{"name":"wp","href":"https:\/\/api.w.org\/{rel}","templated":true}]}}