{"id":29836,"date":"2021-10-21T18:57:21","date_gmt":"2021-10-21T21:57:21","guid":{"rendered":"https:\/\/insurancecorp.com.br\/pt\/?p=29836"},"modified":"2021-10-21T19:00:17","modified_gmt":"2021-10-21T22:00:17","slug":"grupo-bradesco-seguros-promove-live-com-sandy-em-homenagem-ao-dia-do-corretor","status":"publish","type":"post","link":"https:\/\/insurancecorp.com.br\/pt\/2021\/10\/21\/grupo-bradesco-seguros-promove-live-com-sandy-em-homenagem-ao-dia-do-corretor\/","title":{"rendered":"Grupo Bradesco Seguros promove live com Sandy, em homenagem ao Dia do Corretor"},"content":{"rendered":"<p>Como parte das a\u00e7\u00f5es da Bradesco Seguros em homenagem e comemora\u00e7\u00e3o ao M\u00eas do Corretor, a companhia promove nesta sexta-feira, dia 22, \u00e0s 18h, um show exclusivo em formato de live com a cantora Sandy. <\/p>\n<p>No evento, os parceiros de neg\u00f3cios e funcion\u00e1rios do Grupo Segurador poder\u00e3o acompanhar os principais sucessos da cantora, al\u00e9m do jingle &#8220;Com voc\u00ea, Sempre&#8221;, criado especialmente para a seguradora. A a\u00e7\u00e3o \u00e9 uma forma de retribuir o relevante trabalho destes parceiros, imprescind\u00edveis para a Organiza\u00e7\u00e3o. <\/p>\n<p>A cantora tamb\u00e9m foi a respons\u00e1vel por outras a\u00e7\u00f5es da Bradesco Seguros ao longo dos \u00faltimos meses, durante a Quinzena do Seguro, com um v\u00eddeo em homenagem aos profissionais do mercado segurador, al\u00e9m de estrelar o lan\u00e7amento do produto Auto Lar, voltado para a comercializa\u00e7\u00e3o de seguro para autom\u00f3vel e residencial da companhia. <\/p>\n<p><strong>Ideal H+K Strategies <\/strong><\/p>\n<p>Foto: Revista Veja<\/p>\n","protected":false},"excerpt":{"rendered":"<p>Como parte das a\u00e7\u00f5es da Bradesco Seguros em homenagem e comemora\u00e7\u00e3o ao M\u00eas do Corretor, a companhia promove nesta sexta-feira, dia 22, \u00e0s 18h, um show exclusivo em formato de live com a cantora Sandy. No evento, os parceiros de neg\u00f3cios e funcion\u00e1rios do Grupo Segurador poder\u00e3o acompanhar os principais sucessos da cantora, al\u00e9m do [&hellip;]<\/p>\n","protected":false},"author":2,"featured_media":29838,"comment_status":"open","ping_status":"open","sticky":false,"template":"","format":"standard","meta":[],"categories":[413],"tags":[],"jetpack_featured_media_url":"https:\/\/insurancecorp.com.br\/pt\/wp-content\/uploads\/2021\/10\/Arcos-Olimpicos-1.jpg","yoast_head":"<!-- This site is optimized with the Yoast SEO plugin v14.8 - https:\/\/yoast.com\/wordpress\/plugins\/seo\/ -->\n<title>Grupo Bradesco Seguros promove live com Sandy, em homenagem ao Dia do Corretor | Revista Insurance Corp | PT-BR<\/title>\n<meta name=\"robots\" content=\"index, follow\" \/>\n<meta name=\"googlebot\" content=\"index, follow, max-snippet:-1, max-image-preview:large, max-video-preview:-1\" \/>\n<meta name=\"bingbot\" content=\"index, follow, max-snippet:-1, max-image-preview:large, max-video-preview:-1\" \/>\n<link rel=\"canonical\" href=\"https:\/\/insurancecorp.com.br\/pt\/2021\/10\/21\/grupo-bradesco-seguros-promove-live-com-sandy-em-homenagem-ao-dia-do-corretor\/\" \/>\n<meta property=\"og:locale\" content=\"pt_BR\" \/>\n<meta property=\"og:type\" content=\"article\" \/>\n<meta property=\"og:title\" content=\"Grupo Bradesco Seguros promove live com Sandy, em homenagem ao Dia do Corretor | Revista Insurance Corp | PT-BR\" \/>\n<meta property=\"og:description\" content=\"Como parte das a\u00e7\u00f5es da Bradesco Seguros em homenagem e comemora\u00e7\u00e3o ao M\u00eas do Corretor, a companhia promove nesta sexta-feira, dia 22, \u00e0s 18h, um show exclusivo em formato de live com a cantora Sandy. No evento, os parceiros de neg\u00f3cios e funcion\u00e1rios do Grupo Segurador poder\u00e3o acompanhar os principais sucessos da cantora, al\u00e9m do [&hellip;]\" \/>\n<meta property=\"og:url\" content=\"https:\/\/insurancecorp.com.br\/pt\/2021\/10\/21\/grupo-bradesco-seguros-promove-live-com-sandy-em-homenagem-ao-dia-do-corretor\/\" \/>\n<meta property=\"og:site_name\" content=\"Revista Insurance Corp | PT-BR\" \/>\n<meta property=\"article:publisher\" content=\"https:\/\/www.facebook.com\/RevistaInsuranceCorp\/\" \/>\n<meta property=\"article:published_time\" content=\"2021-10-21T21:57:21+00:00\" \/>\n<meta property=\"article:modified_time\" content=\"2021-10-21T22:00:17+00:00\" \/>\n<meta property=\"og:image\" content=\"https:\/\/insurancecorp.com.br\/pt\/wp-content\/uploads\/2021\/10\/Arcos-Olimpicos-1.jpg\" \/>\n\t<meta property=\"og:image:width\" content=\"680\" \/>\n\t<meta property=\"og:image:height\" content=\"453\" \/>\n<meta name=\"twitter:card\" content=\"summary\" \/>\n<script type=\"application\/ld+json\" class=\"yoast-schema-graph\">{\"@context\":\"https:\/\/schema.org\",\"@graph\":[{\"@type\":\"Organization\",\"@id\":\"https:\/\/insurancecorp.com.br\/pt\/#organization\",\"name\":\"Revista Insurance Corp\",\"url\":\"https:\/\/insurancecorp.com.br\/pt\/\",\"sameAs\":[\"https:\/\/www.facebook.com\/RevistaInsuranceCorp\/\"],\"logo\":{\"@type\":\"ImageObject\",\"@id\":\"https:\/\/insurancecorp.com.br\/pt\/#logo\",\"inLanguage\":\"pt-BR\",\"url\":\"\",\"caption\":\"Revista Insurance Corp\"},\"image\":{\"@id\":\"https:\/\/insurancecorp.com.br\/pt\/#logo\"}},{\"@type\":\"WebSite\",\"@id\":\"https:\/\/insurancecorp.com.br\/pt\/#website\",\"url\":\"https:\/\/insurancecorp.com.br\/pt\/\",\"name\":\"Revista Insurance Corp | PT-BR\",\"description\":\"A \\u00fanica revista bil\\u00edngue voltada ao mercado de seguro.\",\"publisher\":{\"@id\":\"https:\/\/insurancecorp.com.br\/pt\/#organization\"},\"potentialAction\":[{\"@type\":\"SearchAction\",\"target\":\"https:\/\/insurancecorp.com.br\/pt\/?s={search_term_string}\",\"query-input\":\"required name=search_term_string\"}],\"inLanguage\":\"pt-BR\"},{\"@type\":\"ImageObject\",\"@id\":\"https:\/\/insurancecorp.com.br\/pt\/2021\/10\/21\/grupo-bradesco-seguros-promove-live-com-sandy-em-homenagem-ao-dia-do-corretor\/#primaryimage\",\"inLanguage\":\"pt-BR\",\"url\":\"https:\/\/insurancecorp.com.br\/pt\/wp-content\/uploads\/2021\/10\/Arcos-Olimpicos-1.jpg\",\"width\":680,\"height\":453},{\"@type\":\"WebPage\",\"@id\":\"https:\/\/insurancecorp.com.br\/pt\/2021\/10\/21\/grupo-bradesco-seguros-promove-live-com-sandy-em-homenagem-ao-dia-do-corretor\/#webpage\",\"url\":\"https:\/\/insurancecorp.com.br\/pt\/2021\/10\/21\/grupo-bradesco-seguros-promove-live-com-sandy-em-homenagem-ao-dia-do-corretor\/\",\"name\":\"Grupo Bradesco Seguros promove live com Sandy, em homenagem ao Dia do Corretor | Revista Insurance Corp | PT-BR\",\"isPartOf\":{\"@id\":\"https:\/\/insurancecorp.com.br\/pt\/#website\"},\"primaryImageOfPage\":{\"@id\":\"https:\/\/insurancecorp.com.br\/pt\/2021\/10\/21\/grupo-bradesco-seguros-promove-live-com-sandy-em-homenagem-ao-dia-do-corretor\/#primaryimage\"},\"datePublished\":\"2021-10-21T21:57:21+00:00\",\"dateModified\":\"2021-10-21T22:00:17+00:00\",\"inLanguage\":\"pt-BR\",\"potentialAction\":[{\"@type\":\"ReadAction\",\"target\":[\"https:\/\/insurancecorp.com.br\/pt\/2021\/10\/21\/grupo-bradesco-seguros-promove-live-com-sandy-em-homenagem-ao-dia-do-corretor\/\"]}]},{\"@type\":\"Article\",\"@id\":\"https:\/\/insurancecorp.com.br\/pt\/2021\/10\/21\/grupo-bradesco-seguros-promove-live-com-sandy-em-homenagem-ao-dia-do-corretor\/#article\",\"isPartOf\":{\"@id\":\"https:\/\/insurancecorp.com.br\/pt\/2021\/10\/21\/grupo-bradesco-seguros-promove-live-com-sandy-em-homenagem-ao-dia-do-corretor\/#webpage\"},\"author\":{\"@id\":\"https:\/\/insurancecorp.com.br\/pt\/#\/schema\/person\/1b69c8cf325f0b7167f1b171f52df4af\"},\"headline\":\"Grupo Bradesco Seguros promove live com Sandy, em homenagem ao Dia do Corretor\",\"datePublished\":\"2021-10-21T21:57:21+00:00\",\"dateModified\":\"2021-10-21T22:00:17+00:00\",\"mainEntityOfPage\":{\"@id\":\"https:\/\/insurancecorp.com.br\/pt\/2021\/10\/21\/grupo-bradesco-seguros-promove-live-com-sandy-em-homenagem-ao-dia-do-corretor\/#webpage\"},\"commentCount\":0,\"publisher\":{\"@id\":\"https:\/\/insurancecorp.com.br\/pt\/#organization\"},\"image\":{\"@id\":\"https:\/\/insurancecorp.com.br\/pt\/2021\/10\/21\/grupo-bradesco-seguros-promove-live-com-sandy-em-homenagem-ao-dia-do-corretor\/#primaryimage\"},\"articleSection\":\"Bradesco Seguros\",\"inLanguage\":\"pt-BR\",\"potentialAction\":[{\"@type\":\"CommentAction\",\"name\":\"Comment\",\"target\":[\"https:\/\/insurancecorp.com.br\/pt\/2021\/10\/21\/grupo-bradesco-seguros-promove-live-com-sandy-em-homenagem-ao-dia-do-corretor\/#respond\"]}]},{\"@type\":\"Person\",\"@id\":\"https:\/\/insurancecorp.com.br\/pt\/#\/schema\/person\/1b69c8cf325f0b7167f1b171f52df4af\",\"name\":\"Publica\\u00e7\\u00e3o\",\"image\":{\"@type\":\"ImageObject\",\"@id\":\"https:\/\/insurancecorp.com.br\/pt\/#personlogo\",\"inLanguage\":\"pt-BR\",\"url\":\"https:\/\/secure.gravatar.com\/avatar\/17226f1f60486eb25d4c6b301ffed37f?s=96&d=mm&r=g\",\"caption\":\"Publica\\u00e7\\u00e3o\"}}]}<\/script>\n<!-- \/ Yoast SEO plugin. -->","_links":{"self":[{"href":"https:\/\/insurancecorp.com.br\/pt\/wp-json\/wp\/v2\/posts\/29836"}],"collection":[{"href":"https:\/\/insurancecorp.com.br\/pt\/wp-json\/wp\/v2\/posts"}],"about":[{"href":"https:\/\/insurancecorp.com.br\/pt\/wp-json\/wp\/v2\/types\/post"}],"author":[{"embeddable":true,"href":"https:\/\/insurancecorp.com.br\/pt\/wp-json\/wp\/v2\/users\/2"}],"replies":[{"embeddable":true,"href":"https:\/\/insurancecorp.com.br\/pt\/wp-json\/wp\/v2\/comments?post=29836"}],"version-history":[{"count":2,"href":"https:\/\/insurancecorp.com.br\/pt\/wp-json\/wp\/v2\/posts\/29836\/revisions"}],"predecessor-version":[{"id":29839,"href":"https:\/\/insurancecorp.com.br\/pt\/wp-json\/wp\/v2\/posts\/29836\/revisions\/29839"}],"wp:featuredmedia":[{"embeddable":true,"href":"https:\/\/insurancecorp.com.br\/pt\/wp-json\/wp\/v2\/media\/29838"}],"wp:attachment":[{"href":"https:\/\/insurancecorp.com.br\/pt\/wp-json\/wp\/v2\/media?parent=29836"}],"wp:term":[{"taxonomy":"category","embeddable":true,"href":"https:\/\/insurancecorp.com.br\/pt\/wp-json\/wp\/v2\/categories?post=29836"},{"taxonomy":"post_tag","embeddable":true,"href":"https:\/\/insurancecorp.com.br\/pt\/wp-json\/wp\/v2\/tags?post=29836"}],"curies":[{"name":"wp","href":"https:\/\/api.w.org\/{rel}","templated":true}]}}