{"id":29807,"date":"2021-10-21T11:35:19","date_gmt":"2021-10-21T14:35:19","guid":{"rendered":"https:\/\/insurancecorp.com.br\/pt\/?p=29807"},"modified":"2021-10-21T11:35:19","modified_gmt":"2021-10-21T14:35:19","slug":"bradesco-seguros-aposta-no-produto-auto-lar-para-ampliar-no-segmento-residencial","status":"publish","type":"post","link":"https:\/\/insurancecorp.com.br\/pt\/2021\/10\/21\/bradesco-seguros-aposta-no-produto-auto-lar-para-ampliar-no-segmento-residencial\/","title":{"rendered":"Bradesco Seguros aposta no produto Auto Lar para ampliar no segmento Residencial"},"content":{"rendered":"<p>O Bradesco Seguro Auto Lar, um produto \u00fanico Auto + Residencial, \u00e9 a aposta da companhia para ampliar a penetra\u00e7\u00e3o do segmento de resid\u00eancias no mercado. No caso do corretor, \u00e9 a op\u00e7\u00e3o de ofertar uma prote\u00e7\u00e3o ainda mais completa e abrangente.<\/p>\n<p>\u201cA Bradesco Seguros investe em inova\u00e7\u00e3o para oferecer produtos cada vez mais atrativos, com foco em maximizar a experi\u00eancia do cliente. Aos corretores, \u00e9 uma possibilidade de ofertar um produto mais amplo e que pode ajudar a incrementar as vendas e aumentar a receita com comiss\u00e3o\u201d, destaca Saint\u2019Clair Lima, diretor da Bradesco Auto\/RE.<\/p>\n<p>Entre as novidades, os consumidores ter\u00e3o acesso a coberturas personalizadas, sob medida, para casas e apartamentos, prote\u00e7\u00e3o b\u00e1sica mais abrangente, nova cobertura para moradia tempor\u00e1ria e Responsabilidade Civil Facultativa (RCF) com Danos Morais no seguro residencial.<\/p>\n<p>O pagamento do seguro Auto Lar poder\u00e1 ser feito em um carn\u00ea \u00fanico (Auto + Residencial), por meio de d\u00e9bito em conta ou cart\u00e3o de cr\u00e9dito. Al\u00e9m disso, os clientes ter\u00e3o acesso a benef\u00edcios exclusivos, como sorteios de R$ 50 mil Reais mensais e 5% de desconto no pr\u00eamio, em pagamento com o cart\u00e3o Bradesco Seguros para todo o Brasil (exclusivo para contrata\u00e7\u00f5es at\u00e9 o fim de novembro).<\/p>\n<p>Como parte da estrat\u00e9gia de divulga\u00e7\u00e3o do produto, a seguradora lan\u00e7ou uma campanha de marketing para consumidores e corretores, com a atriz e cantora Sandy como protagonista. Com conte\u00fado veiculado na TV e em canais digitais, a pe\u00e7a publicit\u00e1ria apresenta, de forma bem-humorada, que imprevistos com o im\u00f3vel podem acontecer com qualquer pessoa, at\u00e9 mesmo com as mais organizadas. Al\u00e9m disso, no dia 19.10, a Bradesco Seguros vai promover uma live direcionada a corretores, para o lan\u00e7amento do produto Auto Lar.  <\/p>\n<p><strong>Approach Comunica\u00e7\u00e3o Integrada<\/strong><\/p>\n","protected":false},"excerpt":{"rendered":"<p>O Bradesco Seguro Auto Lar, um produto \u00fanico Auto + Residencial, \u00e9 a aposta da companhia para ampliar a penetra\u00e7\u00e3o do segmento de resid\u00eancias no mercado. No caso do corretor, \u00e9 a op\u00e7\u00e3o de ofertar uma prote\u00e7\u00e3o ainda mais completa e abrangente. \u201cA Bradesco Seguros investe em inova\u00e7\u00e3o para oferecer produtos cada vez mais atrativos, [&hellip;]<\/p>\n","protected":false},"author":2,"featured_media":29808,"comment_status":"open","ping_status":"open","sticky":false,"template":"","format":"standard","meta":[],"categories":[413],"tags":[],"jetpack_featured_media_url":"https:\/\/insurancecorp.com.br\/pt\/wp-content\/uploads\/2021\/10\/argo-seguros-7.png","yoast_head":"<!-- This site is optimized with the Yoast SEO plugin v14.8 - https:\/\/yoast.com\/wordpress\/plugins\/seo\/ -->\n<title>Bradesco Seguros aposta no produto Auto Lar para ampliar no segmento Residencial | Revista Insurance Corp | PT-BR<\/title>\n<meta name=\"robots\" content=\"index, follow\" \/>\n<meta name=\"googlebot\" content=\"index, follow, max-snippet:-1, max-image-preview:large, max-video-preview:-1\" \/>\n<meta name=\"bingbot\" content=\"index, follow, max-snippet:-1, max-image-preview:large, max-video-preview:-1\" \/>\n<link rel=\"canonical\" href=\"https:\/\/insurancecorp.com.br\/pt\/2021\/10\/21\/bradesco-seguros-aposta-no-produto-auto-lar-para-ampliar-no-segmento-residencial\/\" \/>\n<meta property=\"og:locale\" content=\"pt_BR\" \/>\n<meta property=\"og:type\" content=\"article\" \/>\n<meta property=\"og:title\" content=\"Bradesco Seguros aposta no produto Auto Lar para ampliar no segmento Residencial | Revista Insurance Corp | PT-BR\" \/>\n<meta property=\"og:description\" content=\"O Bradesco Seguro Auto Lar, um produto \u00fanico Auto + Residencial, \u00e9 a aposta da companhia para ampliar a penetra\u00e7\u00e3o do segmento de resid\u00eancias no mercado. No caso do corretor, \u00e9 a op\u00e7\u00e3o de ofertar uma prote\u00e7\u00e3o ainda mais completa e abrangente. \u201cA Bradesco Seguros investe em inova\u00e7\u00e3o para oferecer produtos cada vez mais atrativos, [&hellip;]\" \/>\n<meta property=\"og:url\" content=\"https:\/\/insurancecorp.com.br\/pt\/2021\/10\/21\/bradesco-seguros-aposta-no-produto-auto-lar-para-ampliar-no-segmento-residencial\/\" \/>\n<meta property=\"og:site_name\" content=\"Revista Insurance Corp | PT-BR\" \/>\n<meta property=\"article:publisher\" content=\"https:\/\/www.facebook.com\/RevistaInsuranceCorp\/\" \/>\n<meta property=\"article:published_time\" content=\"2021-10-21T14:35:19+00:00\" \/>\n<meta property=\"og:image\" content=\"https:\/\/insurancecorp.com.br\/pt\/wp-content\/uploads\/2021\/10\/argo-seguros-7.png\" \/>\n\t<meta property=\"og:image:width\" content=\"419\" \/>\n\t<meta property=\"og:image:height\" content=\"236\" \/>\n<meta name=\"twitter:card\" content=\"summary\" \/>\n<script type=\"application\/ld+json\" class=\"yoast-schema-graph\">{\"@context\":\"https:\/\/schema.org\",\"@graph\":[{\"@type\":\"Organization\",\"@id\":\"https:\/\/insurancecorp.com.br\/pt\/#organization\",\"name\":\"Revista Insurance Corp\",\"url\":\"https:\/\/insurancecorp.com.br\/pt\/\",\"sameAs\":[\"https:\/\/www.facebook.com\/RevistaInsuranceCorp\/\"],\"logo\":{\"@type\":\"ImageObject\",\"@id\":\"https:\/\/insurancecorp.com.br\/pt\/#logo\",\"inLanguage\":\"pt-BR\",\"url\":\"\",\"caption\":\"Revista Insurance Corp\"},\"image\":{\"@id\":\"https:\/\/insurancecorp.com.br\/pt\/#logo\"}},{\"@type\":\"WebSite\",\"@id\":\"https:\/\/insurancecorp.com.br\/pt\/#website\",\"url\":\"https:\/\/insurancecorp.com.br\/pt\/\",\"name\":\"Revista Insurance Corp | PT-BR\",\"description\":\"A \\u00fanica revista bil\\u00edngue voltada ao mercado de seguro.\",\"publisher\":{\"@id\":\"https:\/\/insurancecorp.com.br\/pt\/#organization\"},\"potentialAction\":[{\"@type\":\"SearchAction\",\"target\":\"https:\/\/insurancecorp.com.br\/pt\/?s={search_term_string}\",\"query-input\":\"required name=search_term_string\"}],\"inLanguage\":\"pt-BR\"},{\"@type\":\"ImageObject\",\"@id\":\"https:\/\/insurancecorp.com.br\/pt\/2021\/10\/21\/bradesco-seguros-aposta-no-produto-auto-lar-para-ampliar-no-segmento-residencial\/#primaryimage\",\"inLanguage\":\"pt-BR\",\"url\":\"https:\/\/insurancecorp.com.br\/pt\/wp-content\/uploads\/2021\/10\/argo-seguros-7.png\",\"width\":419,\"height\":236},{\"@type\":\"WebPage\",\"@id\":\"https:\/\/insurancecorp.com.br\/pt\/2021\/10\/21\/bradesco-seguros-aposta-no-produto-auto-lar-para-ampliar-no-segmento-residencial\/#webpage\",\"url\":\"https:\/\/insurancecorp.com.br\/pt\/2021\/10\/21\/bradesco-seguros-aposta-no-produto-auto-lar-para-ampliar-no-segmento-residencial\/\",\"name\":\"Bradesco Seguros aposta no produto Auto Lar para ampliar no segmento Residencial | Revista Insurance Corp | PT-BR\",\"isPartOf\":{\"@id\":\"https:\/\/insurancecorp.com.br\/pt\/#website\"},\"primaryImageOfPage\":{\"@id\":\"https:\/\/insurancecorp.com.br\/pt\/2021\/10\/21\/bradesco-seguros-aposta-no-produto-auto-lar-para-ampliar-no-segmento-residencial\/#primaryimage\"},\"datePublished\":\"2021-10-21T14:35:19+00:00\",\"dateModified\":\"2021-10-21T14:35:19+00:00\",\"inLanguage\":\"pt-BR\",\"potentialAction\":[{\"@type\":\"ReadAction\",\"target\":[\"https:\/\/insurancecorp.com.br\/pt\/2021\/10\/21\/bradesco-seguros-aposta-no-produto-auto-lar-para-ampliar-no-segmento-residencial\/\"]}]},{\"@type\":\"Article\",\"@id\":\"https:\/\/insurancecorp.com.br\/pt\/2021\/10\/21\/bradesco-seguros-aposta-no-produto-auto-lar-para-ampliar-no-segmento-residencial\/#article\",\"isPartOf\":{\"@id\":\"https:\/\/insurancecorp.com.br\/pt\/2021\/10\/21\/bradesco-seguros-aposta-no-produto-auto-lar-para-ampliar-no-segmento-residencial\/#webpage\"},\"author\":{\"@id\":\"https:\/\/insurancecorp.com.br\/pt\/#\/schema\/person\/1b69c8cf325f0b7167f1b171f52df4af\"},\"headline\":\"Bradesco Seguros aposta no produto Auto Lar para ampliar no segmento Residencial\",\"datePublished\":\"2021-10-21T14:35:19+00:00\",\"dateModified\":\"2021-10-21T14:35:19+00:00\",\"mainEntityOfPage\":{\"@id\":\"https:\/\/insurancecorp.com.br\/pt\/2021\/10\/21\/bradesco-seguros-aposta-no-produto-auto-lar-para-ampliar-no-segmento-residencial\/#webpage\"},\"commentCount\":0,\"publisher\":{\"@id\":\"https:\/\/insurancecorp.com.br\/pt\/#organization\"},\"image\":{\"@id\":\"https:\/\/insurancecorp.com.br\/pt\/2021\/10\/21\/bradesco-seguros-aposta-no-produto-auto-lar-para-ampliar-no-segmento-residencial\/#primaryimage\"},\"articleSection\":\"Bradesco Seguros\",\"inLanguage\":\"pt-BR\",\"potentialAction\":[{\"@type\":\"CommentAction\",\"name\":\"Comment\",\"target\":[\"https:\/\/insurancecorp.com.br\/pt\/2021\/10\/21\/bradesco-seguros-aposta-no-produto-auto-lar-para-ampliar-no-segmento-residencial\/#respond\"]}]},{\"@type\":\"Person\",\"@id\":\"https:\/\/insurancecorp.com.br\/pt\/#\/schema\/person\/1b69c8cf325f0b7167f1b171f52df4af\",\"name\":\"Publica\\u00e7\\u00e3o\",\"image\":{\"@type\":\"ImageObject\",\"@id\":\"https:\/\/insurancecorp.com.br\/pt\/#personlogo\",\"inLanguage\":\"pt-BR\",\"url\":\"https:\/\/secure.gravatar.com\/avatar\/17226f1f60486eb25d4c6b301ffed37f?s=96&d=mm&r=g\",\"caption\":\"Publica\\u00e7\\u00e3o\"}}]}<\/script>\n<!-- \/ Yoast SEO plugin. -->","_links":{"self":[{"href":"https:\/\/insurancecorp.com.br\/pt\/wp-json\/wp\/v2\/posts\/29807"}],"collection":[{"href":"https:\/\/insurancecorp.com.br\/pt\/wp-json\/wp\/v2\/posts"}],"about":[{"href":"https:\/\/insurancecorp.com.br\/pt\/wp-json\/wp\/v2\/types\/post"}],"author":[{"embeddable":true,"href":"https:\/\/insurancecorp.com.br\/pt\/wp-json\/wp\/v2\/users\/2"}],"replies":[{"embeddable":true,"href":"https:\/\/insurancecorp.com.br\/pt\/wp-json\/wp\/v2\/comments?post=29807"}],"version-history":[{"count":1,"href":"https:\/\/insurancecorp.com.br\/pt\/wp-json\/wp\/v2\/posts\/29807\/revisions"}],"predecessor-version":[{"id":29809,"href":"https:\/\/insurancecorp.com.br\/pt\/wp-json\/wp\/v2\/posts\/29807\/revisions\/29809"}],"wp:featuredmedia":[{"embeddable":true,"href":"https:\/\/insurancecorp.com.br\/pt\/wp-json\/wp\/v2\/media\/29808"}],"wp:attachment":[{"href":"https:\/\/insurancecorp.com.br\/pt\/wp-json\/wp\/v2\/media?parent=29807"}],"wp:term":[{"taxonomy":"category","embeddable":true,"href":"https:\/\/insurancecorp.com.br\/pt\/wp-json\/wp\/v2\/categories?post=29807"},{"taxonomy":"post_tag","embeddable":true,"href":"https:\/\/insurancecorp.com.br\/pt\/wp-json\/wp\/v2\/tags?post=29807"}],"curies":[{"name":"wp","href":"https:\/\/api.w.org\/{rel}","templated":true}]}}