{"id":29672,"date":"2021-10-14T10:01:41","date_gmt":"2021-10-14T13:01:41","guid":{"rendered":"https:\/\/insurancecorp.com.br\/pt\/?p=29672"},"modified":"2021-10-14T10:03:00","modified_gmt":"2021-10-14T13:03:00","slug":"zurich-anuncia-novo-diretor-de-vida-previdencia-e-capitalizacao","status":"publish","type":"post","link":"https:\/\/insurancecorp.com.br\/pt\/2021\/10\/14\/zurich-anuncia-novo-diretor-de-vida-previdencia-e-capitalizacao\/","title":{"rendered":"Zurich anuncia novo diretor de Vida, Previd\u00eancia e Capitaliza\u00e7\u00e3o"},"content":{"rendered":"<p>Rodrigo Barros (foto) \u00e9 o novo Diretor Executivo de Vida, Previd\u00eancia e Capitaliza\u00e7\u00e3o da Zurich no Brasil. Com mais de 25 anos de experi\u00eancia, Rodrigo est\u00e1 na Zurich desde 2017 e, at\u00e9 ent\u00e3o, respondia pela diretoria executiva de Estrat\u00e9gia, Canais Digitais e Marketing. <\/p>\n<p>Na nova fun\u00e7\u00e3o, o profissional ter\u00e1 como miss\u00e3o expandir ainda mais a presen\u00e7a da seguradora nos segmentos de seguro de vida, individual e em grupo, al\u00e9m de previd\u00eancia complementar para pessoas f\u00edsicas e jur\u00eddicas.<\/p>\n<p>Formado em economia pela Universidade de S\u00e3o Paulo (USP), possui MBA em administra\u00e7\u00e3o pela Ibmec\/SP e especializa\u00e7\u00e3o em finan\u00e7as na Universidade da California, em Berkeley.<br \/>\nO executivo j\u00e1 atuou em grandes companhias, como o grupo Citibank, Banco ABC Brasil, Banco Real ABN AMRO e Banco Santander, com gerenciamento e lideran\u00e7a em diversos neg\u00f3cios de atacado e varejo no setor banc\u00e1rio. <\/p>\n<p><strong>Conte\u00fado Comunica\u00e7\u00e3o<\/strong><\/p>\n","protected":false},"excerpt":{"rendered":"<p>Rodrigo Barros (foto) \u00e9 o novo Diretor Executivo de Vida, Previd\u00eancia e Capitaliza\u00e7\u00e3o da Zurich no Brasil. Com mais de 25 anos de experi\u00eancia, Rodrigo est\u00e1 na Zurich desde 2017 e, at\u00e9 ent\u00e3o, respondia pela diretoria executiva de Estrat\u00e9gia, Canais Digitais e Marketing. Na nova fun\u00e7\u00e3o, o profissional ter\u00e1 como miss\u00e3o expandir ainda mais a [&hellip;]<\/p>\n","protected":false},"author":2,"featured_media":29673,"comment_status":"open","ping_status":"open","sticky":false,"template":"","format":"standard","meta":[],"categories":[523],"tags":[],"jetpack_featured_media_url":"https:\/\/insurancecorp.com.br\/pt\/wp-content\/uploads\/2021\/10\/acidentes-g1-5-scaled.jpg","yoast_head":"<!-- This site is optimized with the Yoast SEO plugin v14.8 - https:\/\/yoast.com\/wordpress\/plugins\/seo\/ -->\n<title>Zurich anuncia novo diretor de Vida, Previd\u00eancia e Capitaliza\u00e7\u00e3o | Revista Insurance Corp | PT-BR<\/title>\n<meta name=\"robots\" content=\"index, follow\" \/>\n<meta name=\"googlebot\" content=\"index, follow, max-snippet:-1, max-image-preview:large, max-video-preview:-1\" \/>\n<meta name=\"bingbot\" content=\"index, follow, max-snippet:-1, max-image-preview:large, max-video-preview:-1\" \/>\n<link rel=\"canonical\" href=\"https:\/\/insurancecorp.com.br\/pt\/2021\/10\/14\/zurich-anuncia-novo-diretor-de-vida-previdencia-e-capitalizacao\/\" \/>\n<meta property=\"og:locale\" content=\"pt_BR\" \/>\n<meta property=\"og:type\" content=\"article\" \/>\n<meta property=\"og:title\" content=\"Zurich anuncia novo diretor de Vida, Previd\u00eancia e Capitaliza\u00e7\u00e3o | Revista Insurance Corp | PT-BR\" \/>\n<meta property=\"og:description\" content=\"Rodrigo Barros (foto) \u00e9 o novo Diretor Executivo de Vida, Previd\u00eancia e Capitaliza\u00e7\u00e3o da Zurich no Brasil. Com mais de 25 anos de experi\u00eancia, Rodrigo est\u00e1 na Zurich desde 2017 e, at\u00e9 ent\u00e3o, respondia pela diretoria executiva de Estrat\u00e9gia, Canais Digitais e Marketing. Na nova fun\u00e7\u00e3o, o profissional ter\u00e1 como miss\u00e3o expandir ainda mais a [&hellip;]\" \/>\n<meta property=\"og:url\" content=\"https:\/\/insurancecorp.com.br\/pt\/2021\/10\/14\/zurich-anuncia-novo-diretor-de-vida-previdencia-e-capitalizacao\/\" \/>\n<meta property=\"og:site_name\" content=\"Revista Insurance Corp | PT-BR\" \/>\n<meta property=\"article:publisher\" content=\"https:\/\/www.facebook.com\/RevistaInsuranceCorp\/\" \/>\n<meta property=\"article:published_time\" content=\"2021-10-14T13:01:41+00:00\" \/>\n<meta property=\"article:modified_time\" content=\"2021-10-14T13:03:00+00:00\" \/>\n<meta property=\"og:image\" content=\"https:\/\/insurancecorp.com.br\/pt\/wp-content\/uploads\/2021\/10\/acidentes-g1-5-scaled.jpg\" \/>\n\t<meta property=\"og:image:width\" content=\"2560\" \/>\n\t<meta property=\"og:image:height\" content=\"1707\" \/>\n<meta name=\"twitter:card\" content=\"summary\" \/>\n<script type=\"application\/ld+json\" class=\"yoast-schema-graph\">{\"@context\":\"https:\/\/schema.org\",\"@graph\":[{\"@type\":\"Organization\",\"@id\":\"https:\/\/insurancecorp.com.br\/pt\/#organization\",\"name\":\"Revista Insurance Corp\",\"url\":\"https:\/\/insurancecorp.com.br\/pt\/\",\"sameAs\":[\"https:\/\/www.facebook.com\/RevistaInsuranceCorp\/\"],\"logo\":{\"@type\":\"ImageObject\",\"@id\":\"https:\/\/insurancecorp.com.br\/pt\/#logo\",\"inLanguage\":\"pt-BR\",\"url\":\"\",\"caption\":\"Revista Insurance Corp\"},\"image\":{\"@id\":\"https:\/\/insurancecorp.com.br\/pt\/#logo\"}},{\"@type\":\"WebSite\",\"@id\":\"https:\/\/insurancecorp.com.br\/pt\/#website\",\"url\":\"https:\/\/insurancecorp.com.br\/pt\/\",\"name\":\"Revista Insurance Corp | PT-BR\",\"description\":\"A \\u00fanica revista bil\\u00edngue voltada ao mercado de seguro.\",\"publisher\":{\"@id\":\"https:\/\/insurancecorp.com.br\/pt\/#organization\"},\"potentialAction\":[{\"@type\":\"SearchAction\",\"target\":\"https:\/\/insurancecorp.com.br\/pt\/?s={search_term_string}\",\"query-input\":\"required name=search_term_string\"}],\"inLanguage\":\"pt-BR\"},{\"@type\":\"ImageObject\",\"@id\":\"https:\/\/insurancecorp.com.br\/pt\/2021\/10\/14\/zurich-anuncia-novo-diretor-de-vida-previdencia-e-capitalizacao\/#primaryimage\",\"inLanguage\":\"pt-BR\",\"url\":\"https:\/\/insurancecorp.com.br\/pt\/wp-content\/uploads\/2021\/10\/acidentes-g1-5-scaled.jpg\",\"width\":2560,\"height\":1707,\"caption\":\"Rodrigo Barros\"},{\"@type\":\"WebPage\",\"@id\":\"https:\/\/insurancecorp.com.br\/pt\/2021\/10\/14\/zurich-anuncia-novo-diretor-de-vida-previdencia-e-capitalizacao\/#webpage\",\"url\":\"https:\/\/insurancecorp.com.br\/pt\/2021\/10\/14\/zurich-anuncia-novo-diretor-de-vida-previdencia-e-capitalizacao\/\",\"name\":\"Zurich anuncia novo diretor de Vida, Previd\\u00eancia e Capitaliza\\u00e7\\u00e3o | Revista Insurance Corp | PT-BR\",\"isPartOf\":{\"@id\":\"https:\/\/insurancecorp.com.br\/pt\/#website\"},\"primaryImageOfPage\":{\"@id\":\"https:\/\/insurancecorp.com.br\/pt\/2021\/10\/14\/zurich-anuncia-novo-diretor-de-vida-previdencia-e-capitalizacao\/#primaryimage\"},\"datePublished\":\"2021-10-14T13:01:41+00:00\",\"dateModified\":\"2021-10-14T13:03:00+00:00\",\"inLanguage\":\"pt-BR\",\"potentialAction\":[{\"@type\":\"ReadAction\",\"target\":[\"https:\/\/insurancecorp.com.br\/pt\/2021\/10\/14\/zurich-anuncia-novo-diretor-de-vida-previdencia-e-capitalizacao\/\"]}]},{\"@type\":\"Article\",\"@id\":\"https:\/\/insurancecorp.com.br\/pt\/2021\/10\/14\/zurich-anuncia-novo-diretor-de-vida-previdencia-e-capitalizacao\/#article\",\"isPartOf\":{\"@id\":\"https:\/\/insurancecorp.com.br\/pt\/2021\/10\/14\/zurich-anuncia-novo-diretor-de-vida-previdencia-e-capitalizacao\/#webpage\"},\"author\":{\"@id\":\"https:\/\/insurancecorp.com.br\/pt\/#\/schema\/person\/1b69c8cf325f0b7167f1b171f52df4af\"},\"headline\":\"Zurich anuncia novo diretor de Vida, Previd\\u00eancia e Capitaliza\\u00e7\\u00e3o\",\"datePublished\":\"2021-10-14T13:01:41+00:00\",\"dateModified\":\"2021-10-14T13:03:00+00:00\",\"mainEntityOfPage\":{\"@id\":\"https:\/\/insurancecorp.com.br\/pt\/2021\/10\/14\/zurich-anuncia-novo-diretor-de-vida-previdencia-e-capitalizacao\/#webpage\"},\"commentCount\":0,\"publisher\":{\"@id\":\"https:\/\/insurancecorp.com.br\/pt\/#organization\"},\"image\":{\"@id\":\"https:\/\/insurancecorp.com.br\/pt\/2021\/10\/14\/zurich-anuncia-novo-diretor-de-vida-previdencia-e-capitalizacao\/#primaryimage\"},\"articleSection\":\"Zurich no Brasil\",\"inLanguage\":\"pt-BR\",\"potentialAction\":[{\"@type\":\"CommentAction\",\"name\":\"Comment\",\"target\":[\"https:\/\/insurancecorp.com.br\/pt\/2021\/10\/14\/zurich-anuncia-novo-diretor-de-vida-previdencia-e-capitalizacao\/#respond\"]}]},{\"@type\":\"Person\",\"@id\":\"https:\/\/insurancecorp.com.br\/pt\/#\/schema\/person\/1b69c8cf325f0b7167f1b171f52df4af\",\"name\":\"Publica\\u00e7\\u00e3o\",\"image\":{\"@type\":\"ImageObject\",\"@id\":\"https:\/\/insurancecorp.com.br\/pt\/#personlogo\",\"inLanguage\":\"pt-BR\",\"url\":\"https:\/\/secure.gravatar.com\/avatar\/17226f1f60486eb25d4c6b301ffed37f?s=96&d=mm&r=g\",\"caption\":\"Publica\\u00e7\\u00e3o\"}}]}<\/script>\n<!-- \/ Yoast SEO plugin. -->","_links":{"self":[{"href":"https:\/\/insurancecorp.com.br\/pt\/wp-json\/wp\/v2\/posts\/29672"}],"collection":[{"href":"https:\/\/insurancecorp.com.br\/pt\/wp-json\/wp\/v2\/posts"}],"about":[{"href":"https:\/\/insurancecorp.com.br\/pt\/wp-json\/wp\/v2\/types\/post"}],"author":[{"embeddable":true,"href":"https:\/\/insurancecorp.com.br\/pt\/wp-json\/wp\/v2\/users\/2"}],"replies":[{"embeddable":true,"href":"https:\/\/insurancecorp.com.br\/pt\/wp-json\/wp\/v2\/comments?post=29672"}],"version-history":[{"count":2,"href":"https:\/\/insurancecorp.com.br\/pt\/wp-json\/wp\/v2\/posts\/29672\/revisions"}],"predecessor-version":[{"id":29675,"href":"https:\/\/insurancecorp.com.br\/pt\/wp-json\/wp\/v2\/posts\/29672\/revisions\/29675"}],"wp:featuredmedia":[{"embeddable":true,"href":"https:\/\/insurancecorp.com.br\/pt\/wp-json\/wp\/v2\/media\/29673"}],"wp:attachment":[{"href":"https:\/\/insurancecorp.com.br\/pt\/wp-json\/wp\/v2\/media?parent=29672"}],"wp:term":[{"taxonomy":"category","embeddable":true,"href":"https:\/\/insurancecorp.com.br\/pt\/wp-json\/wp\/v2\/categories?post=29672"},{"taxonomy":"post_tag","embeddable":true,"href":"https:\/\/insurancecorp.com.br\/pt\/wp-json\/wp\/v2\/tags?post=29672"}],"curies":[{"name":"wp","href":"https:\/\/api.w.org\/{rel}","templated":true}]}}