{"id":29478,"date":"2021-10-05T17:09:19","date_gmt":"2021-10-05T20:09:19","guid":{"rendered":"https:\/\/insurancecorp.com.br\/pt\/?p=29478"},"modified":"2021-10-05T17:09:19","modified_gmt":"2021-10-05T20:09:19","slug":"bradesco-seguros-promove-acoes-especiais-voltadas-para-a-capacitacao-dos-seus-parceiros","status":"publish","type":"post","link":"https:\/\/insurancecorp.com.br\/pt\/2021\/10\/05\/bradesco-seguros-promove-acoes-especiais-voltadas-para-a-capacitacao-dos-seus-parceiros\/","title":{"rendered":"Bradesco Seguros promove a\u00e7\u00f5es especiais voltadas para a capacita\u00e7\u00e3o dos seus parceiros"},"content":{"rendered":"<p>Com o prop\u00f3sito de auxiliar seus parceiros de neg\u00f3cios a estarem sempre atualizados neste mercado em constante evolu\u00e7\u00e3o, o Grupo Bradesco Seguros promover\u00e1, no m\u00eas do corretor, lives especiais sobre a Universeg, plataforma de streaming voltada para a capacita\u00e7\u00e3o profissional. Al\u00e9m de um tutorial sobre a utiliza\u00e7\u00e3o da plataforma, os eventos contar\u00e3o com p\u00edlulas informativas acerca dos conte\u00fados dispon\u00edveis na ferramenta para o corretor. Os temas ser\u00e3o apresentados pelos pr\u00f3prios palestrantes, criadores do conte\u00fado. <\/p>\n<p>Os eventos ser\u00e3o regionais, divididos por sucursais do Grupo &#8211; Rio de Janeiro, Espirito Santo e Minas Gerais; S\u00e3o Paulo Capital; Nordeste e S\u00e3o Paulo Interior; Norte e Centro-Oeste; e o Sul. Leonardo Freitas, Diretor da Organiza\u00e7\u00e3o de Vendas do Grupo Segurador, e os Superintendentes do Grupo, Pablo Guimar\u00e3es, Anderson Mundim, Paulo C\u00e9sar, Luciano Lacerda e Altevir Prado, participar\u00e3o dos eventos em suas respectivas regionais. <\/p>\n<p>Para Leonardo Freitas, a capacita\u00e7\u00e3o \u00e9 o principal requisito para o corretor do futuro e a Plataforma Universeg \u00e9 a grande oportunidade para este fim. &#8220;Quando falamos de futuro, automaticamente pensamos em tecnologias e inova\u00e7\u00f5es disruptivas. Mas, quando falamos deste mesmo futuro atrelado \u00e0 atua\u00e7\u00e3o do corretor de seguros, vai muito al\u00e9m disso: o humano e o tecnol\u00f3gico se conectam. Esse profissional, al\u00e9m de maturidade digital, tamb\u00e9m precisa de um amplo conhecimento &#8211; do cen\u00e1rio, dos produtos e do consumidor. E a Universeg \u00e9 a sua oportunidade de adquirir toda essa expertise. &#8221; &#8211; destaca o executivo. <\/p>\n<p>As p\u00edlulas especiais dos conte\u00fados ser\u00e3o conduzidas por Carlos Cruz &#8211; CEO e fundador da BRAVEND, um dos principais especialistas do pa\u00eds em pr\u00e1ticas de vendas, gest\u00e3o comercial, diagn\u00f3stico de equipes e desenvolvimento &#8211; criador da Trilha de Vendas Consultivas; e M\u00e1rcio Mussarela &#8211; jornalista e comunicador, especialista em comunica\u00e7\u00e3o humana de alta performance &#8211; respons\u00e1vel pela Trilha de Comunica\u00e7\u00e3o Digital. <\/p>\n<p><strong>Confira a programa\u00e7\u00e3o: <\/strong><\/p>\n<p><strong>RJ\/ES\/MG,<\/strong> com Carlos Cruz &#8211; dia 05\/10 \u00e0s 11h &#8211; Acesse:bancobradesco.webex.com\/webappng\/sites\/bancobradesco\/meeting\/download\/e6848209031d4215a6e6f1bb1debd1b<\/p>\n<p><strong>SP CAPITAL<\/strong>, com M\u00e1rcio Mussarela &#8211; dia 06\/10 \u00e0s 10h &#8211; Acesse: https:\/\/bancobradesco.webex.com\/webappng\/sites\/bancobradesco\/meeting\/download\/9269e65cd5be4d448aa45f31eca89d32?siteurl=bancobradesco&#038;MTID=m7a74c30e3ad42533246c91b28a616207<\/p>\n<p><strong>NORDESTE + SP INTERIOR<\/strong>, com M\u00e1rcio Mussarela &#8211; dia 21\/10 \u00e0s 09h &#8211; acesse:bancobradesco.webex.com\/webappng\/sites\/bancobradesco\/meeting\/download\/3edee028f9444c1ca42144ef5fbd6629?siteurl=bancobradesco&#038;MTID=mb9f60c24258369cfa7d39aacd565647e<\/p>\n<p><strong>NCO,<\/strong> com Carlos Cruz &#8211; dia 25\/10 \u00e0s 16h &#8211; Acesse:  bancobradesco.webex.com\/webappng\/sites\/bancobradesco\/meeting\/download\/fe20067c76ca429aa13a8d67c4d5ca58?siteurl=bancobradesco&#038;MTID=m5308bc63133666ade7d2d57a383b872f<\/p>\n<p><strong>SUL<\/strong>, com Carlos Cruz &#8211; dia 26\/10 \u00e0s 09h &#8211; Acesse:bancobradesco.webex.com\/webappng\/sites\/bancobradesco\/meeting\/download\/839baa84966c4decabc601bd46514a3f?siteurl=bancobradesco&#038;MTID=mc74d5faa3596899427795e67fa1bf782<\/p>\n<p><strong>Ideal H+K Strategies <\/strong><\/p>\n","protected":false},"excerpt":{"rendered":"<p>Com o prop\u00f3sito de auxiliar seus parceiros de neg\u00f3cios a estarem sempre atualizados neste mercado em constante evolu\u00e7\u00e3o, o Grupo Bradesco Seguros promover\u00e1, no m\u00eas do corretor, lives especiais sobre a Universeg, plataforma de streaming voltada para a capacita\u00e7\u00e3o profissional. Al\u00e9m de um tutorial sobre a utiliza\u00e7\u00e3o da plataforma, os eventos contar\u00e3o com p\u00edlulas informativas [&hellip;]<\/p>\n","protected":false},"author":2,"featured_media":29479,"comment_status":"open","ping_status":"open","sticky":false,"template":"","format":"standard","meta":[],"categories":[413],"tags":[],"jetpack_featured_media_url":"https:\/\/insurancecorp.com.br\/pt\/wp-content\/uploads\/2021\/10\/Argo-Seguros-2-scaled.jpeg","yoast_head":"<!-- This site is optimized with the Yoast SEO plugin v14.8 - https:\/\/yoast.com\/wordpress\/plugins\/seo\/ -->\n<title>Bradesco Seguros promove a\u00e7\u00f5es especiais voltadas para a capacita\u00e7\u00e3o dos seus parceiros | Revista Insurance Corp | PT-BR<\/title>\n<meta name=\"robots\" content=\"index, follow\" \/>\n<meta name=\"googlebot\" content=\"index, follow, max-snippet:-1, max-image-preview:large, max-video-preview:-1\" \/>\n<meta name=\"bingbot\" content=\"index, follow, max-snippet:-1, max-image-preview:large, max-video-preview:-1\" \/>\n<link rel=\"canonical\" href=\"https:\/\/insurancecorp.com.br\/pt\/2021\/10\/05\/bradesco-seguros-promove-acoes-especiais-voltadas-para-a-capacitacao-dos-seus-parceiros\/\" \/>\n<meta property=\"og:locale\" content=\"pt_BR\" \/>\n<meta property=\"og:type\" content=\"article\" \/>\n<meta property=\"og:title\" content=\"Bradesco Seguros promove a\u00e7\u00f5es especiais voltadas para a capacita\u00e7\u00e3o dos seus parceiros | Revista Insurance Corp | PT-BR\" \/>\n<meta property=\"og:description\" content=\"Com o prop\u00f3sito de auxiliar seus parceiros de neg\u00f3cios a estarem sempre atualizados neste mercado em constante evolu\u00e7\u00e3o, o Grupo Bradesco Seguros promover\u00e1, no m\u00eas do corretor, lives especiais sobre a Universeg, plataforma de streaming voltada para a capacita\u00e7\u00e3o profissional. Al\u00e9m de um tutorial sobre a utiliza\u00e7\u00e3o da plataforma, os eventos contar\u00e3o com p\u00edlulas informativas [&hellip;]\" \/>\n<meta property=\"og:url\" content=\"https:\/\/insurancecorp.com.br\/pt\/2021\/10\/05\/bradesco-seguros-promove-acoes-especiais-voltadas-para-a-capacitacao-dos-seus-parceiros\/\" \/>\n<meta property=\"og:site_name\" content=\"Revista Insurance Corp | PT-BR\" \/>\n<meta property=\"article:publisher\" content=\"https:\/\/www.facebook.com\/RevistaInsuranceCorp\/\" \/>\n<meta property=\"article:published_time\" content=\"2021-10-05T20:09:19+00:00\" \/>\n<meta property=\"og:image\" content=\"https:\/\/insurancecorp.com.br\/pt\/wp-content\/uploads\/2021\/10\/Argo-Seguros-2-scaled.jpeg\" \/>\n\t<meta property=\"og:image:width\" content=\"2560\" \/>\n\t<meta property=\"og:image:height\" content=\"1707\" \/>\n<meta name=\"twitter:card\" content=\"summary\" \/>\n<script type=\"application\/ld+json\" class=\"yoast-schema-graph\">{\"@context\":\"https:\/\/schema.org\",\"@graph\":[{\"@type\":\"Organization\",\"@id\":\"https:\/\/insurancecorp.com.br\/pt\/#organization\",\"name\":\"Revista Insurance Corp\",\"url\":\"https:\/\/insurancecorp.com.br\/pt\/\",\"sameAs\":[\"https:\/\/www.facebook.com\/RevistaInsuranceCorp\/\"],\"logo\":{\"@type\":\"ImageObject\",\"@id\":\"https:\/\/insurancecorp.com.br\/pt\/#logo\",\"inLanguage\":\"pt-BR\",\"url\":\"\",\"caption\":\"Revista Insurance Corp\"},\"image\":{\"@id\":\"https:\/\/insurancecorp.com.br\/pt\/#logo\"}},{\"@type\":\"WebSite\",\"@id\":\"https:\/\/insurancecorp.com.br\/pt\/#website\",\"url\":\"https:\/\/insurancecorp.com.br\/pt\/\",\"name\":\"Revista Insurance Corp | PT-BR\",\"description\":\"A \\u00fanica revista bil\\u00edngue voltada ao mercado de seguro.\",\"publisher\":{\"@id\":\"https:\/\/insurancecorp.com.br\/pt\/#organization\"},\"potentialAction\":[{\"@type\":\"SearchAction\",\"target\":\"https:\/\/insurancecorp.com.br\/pt\/?s={search_term_string}\",\"query-input\":\"required name=search_term_string\"}],\"inLanguage\":\"pt-BR\"},{\"@type\":\"ImageObject\",\"@id\":\"https:\/\/insurancecorp.com.br\/pt\/2021\/10\/05\/bradesco-seguros-promove-acoes-especiais-voltadas-para-a-capacitacao-dos-seus-parceiros\/#primaryimage\",\"inLanguage\":\"pt-BR\",\"url\":\"https:\/\/insurancecorp.com.br\/pt\/wp-content\/uploads\/2021\/10\/Argo-Seguros-2-scaled.jpeg\",\"width\":2560,\"height\":1707},{\"@type\":\"WebPage\",\"@id\":\"https:\/\/insurancecorp.com.br\/pt\/2021\/10\/05\/bradesco-seguros-promove-acoes-especiais-voltadas-para-a-capacitacao-dos-seus-parceiros\/#webpage\",\"url\":\"https:\/\/insurancecorp.com.br\/pt\/2021\/10\/05\/bradesco-seguros-promove-acoes-especiais-voltadas-para-a-capacitacao-dos-seus-parceiros\/\",\"name\":\"Bradesco Seguros promove a\\u00e7\\u00f5es especiais voltadas para a capacita\\u00e7\\u00e3o dos seus parceiros | Revista Insurance Corp | PT-BR\",\"isPartOf\":{\"@id\":\"https:\/\/insurancecorp.com.br\/pt\/#website\"},\"primaryImageOfPage\":{\"@id\":\"https:\/\/insurancecorp.com.br\/pt\/2021\/10\/05\/bradesco-seguros-promove-acoes-especiais-voltadas-para-a-capacitacao-dos-seus-parceiros\/#primaryimage\"},\"datePublished\":\"2021-10-05T20:09:19+00:00\",\"dateModified\":\"2021-10-05T20:09:19+00:00\",\"inLanguage\":\"pt-BR\",\"potentialAction\":[{\"@type\":\"ReadAction\",\"target\":[\"https:\/\/insurancecorp.com.br\/pt\/2021\/10\/05\/bradesco-seguros-promove-acoes-especiais-voltadas-para-a-capacitacao-dos-seus-parceiros\/\"]}]},{\"@type\":\"Article\",\"@id\":\"https:\/\/insurancecorp.com.br\/pt\/2021\/10\/05\/bradesco-seguros-promove-acoes-especiais-voltadas-para-a-capacitacao-dos-seus-parceiros\/#article\",\"isPartOf\":{\"@id\":\"https:\/\/insurancecorp.com.br\/pt\/2021\/10\/05\/bradesco-seguros-promove-acoes-especiais-voltadas-para-a-capacitacao-dos-seus-parceiros\/#webpage\"},\"author\":{\"@id\":\"https:\/\/insurancecorp.com.br\/pt\/#\/schema\/person\/1b69c8cf325f0b7167f1b171f52df4af\"},\"headline\":\"Bradesco Seguros promove a\\u00e7\\u00f5es especiais voltadas para a capacita\\u00e7\\u00e3o dos seus parceiros\",\"datePublished\":\"2021-10-05T20:09:19+00:00\",\"dateModified\":\"2021-10-05T20:09:19+00:00\",\"mainEntityOfPage\":{\"@id\":\"https:\/\/insurancecorp.com.br\/pt\/2021\/10\/05\/bradesco-seguros-promove-acoes-especiais-voltadas-para-a-capacitacao-dos-seus-parceiros\/#webpage\"},\"commentCount\":0,\"publisher\":{\"@id\":\"https:\/\/insurancecorp.com.br\/pt\/#organization\"},\"image\":{\"@id\":\"https:\/\/insurancecorp.com.br\/pt\/2021\/10\/05\/bradesco-seguros-promove-acoes-especiais-voltadas-para-a-capacitacao-dos-seus-parceiros\/#primaryimage\"},\"articleSection\":\"Bradesco Seguros\",\"inLanguage\":\"pt-BR\",\"potentialAction\":[{\"@type\":\"CommentAction\",\"name\":\"Comment\",\"target\":[\"https:\/\/insurancecorp.com.br\/pt\/2021\/10\/05\/bradesco-seguros-promove-acoes-especiais-voltadas-para-a-capacitacao-dos-seus-parceiros\/#respond\"]}]},{\"@type\":\"Person\",\"@id\":\"https:\/\/insurancecorp.com.br\/pt\/#\/schema\/person\/1b69c8cf325f0b7167f1b171f52df4af\",\"name\":\"Publica\\u00e7\\u00e3o\",\"image\":{\"@type\":\"ImageObject\",\"@id\":\"https:\/\/insurancecorp.com.br\/pt\/#personlogo\",\"inLanguage\":\"pt-BR\",\"url\":\"https:\/\/secure.gravatar.com\/avatar\/17226f1f60486eb25d4c6b301ffed37f?s=96&d=mm&r=g\",\"caption\":\"Publica\\u00e7\\u00e3o\"}}]}<\/script>\n<!-- \/ Yoast SEO plugin. -->","_links":{"self":[{"href":"https:\/\/insurancecorp.com.br\/pt\/wp-json\/wp\/v2\/posts\/29478"}],"collection":[{"href":"https:\/\/insurancecorp.com.br\/pt\/wp-json\/wp\/v2\/posts"}],"about":[{"href":"https:\/\/insurancecorp.com.br\/pt\/wp-json\/wp\/v2\/types\/post"}],"author":[{"embeddable":true,"href":"https:\/\/insurancecorp.com.br\/pt\/wp-json\/wp\/v2\/users\/2"}],"replies":[{"embeddable":true,"href":"https:\/\/insurancecorp.com.br\/pt\/wp-json\/wp\/v2\/comments?post=29478"}],"version-history":[{"count":1,"href":"https:\/\/insurancecorp.com.br\/pt\/wp-json\/wp\/v2\/posts\/29478\/revisions"}],"predecessor-version":[{"id":29480,"href":"https:\/\/insurancecorp.com.br\/pt\/wp-json\/wp\/v2\/posts\/29478\/revisions\/29480"}],"wp:featuredmedia":[{"embeddable":true,"href":"https:\/\/insurancecorp.com.br\/pt\/wp-json\/wp\/v2\/media\/29479"}],"wp:attachment":[{"href":"https:\/\/insurancecorp.com.br\/pt\/wp-json\/wp\/v2\/media?parent=29478"}],"wp:term":[{"taxonomy":"category","embeddable":true,"href":"https:\/\/insurancecorp.com.br\/pt\/wp-json\/wp\/v2\/categories?post=29478"},{"taxonomy":"post_tag","embeddable":true,"href":"https:\/\/insurancecorp.com.br\/pt\/wp-json\/wp\/v2\/tags?post=29478"}],"curies":[{"name":"wp","href":"https:\/\/api.w.org\/{rel}","templated":true}]}}