{"id":29448,"date":"2021-10-05T11:21:44","date_gmt":"2021-10-05T14:21:44","guid":{"rendered":"https:\/\/insurancecorp.com.br\/pt\/?p=29448"},"modified":"2021-10-05T11:21:44","modified_gmt":"2021-10-05T14:21:44","slug":"presidente-da-bradesco-seguros-destaca-a-relevancia-do-corretor","status":"publish","type":"post","link":"https:\/\/insurancecorp.com.br\/pt\/2021\/10\/05\/presidente-da-bradesco-seguros-destaca-a-relevancia-do-corretor\/","title":{"rendered":"Presidente da Bradesco Seguros destaca a relev\u00e2ncia do Corretor"},"content":{"rendered":"<p>Em mais uma edi\u00e7\u00e3o do F\u00f3rum de Oportunidades &#8211; organizado pelo Sincor-SP &#8211; o presidente da Bradesco Seguros, Ivan Gontijo, debateu as transforma\u00e7\u00f5es intensas do mercado segurador, o papel do corretor e os rumos do neg\u00f3cio. A participa\u00e7\u00e3o foi realizada no fechamento da s\u00e9rie de bate-papos que contou com a presen\u00e7a do Presidente do Sincor-SP, Alexandre Camilo, e tamb\u00e9m de Luciano Snel Correa (presidente da Icatu Seguros) e Roberto Santos (presidente da Porto Seguro). O Talk Show contou com a media\u00e7\u00e3o de Boris Ber, 1\u00ba Vice-Presidente do Sincor-SP. <\/p>\n<p>Um dos pontos altos da conversa foi a discuss\u00e3o relativa ao papel do corretor de seguros nesse cen\u00e1rio, em um mundo mais conectado e tecnol\u00f3gico. Para Ivan Gontijo, mesmo nesse cen\u00e1rio cada vez mais digital, o corretor cumpre um papel imprescind\u00edvel: o fator humano \u00e9 essencial para compreender as dores e necessidades do cliente e proporcionar um atendimento pleno, seja no ambiente digital ou anal\u00f3gico. Nesse contexto, o executivo aproveitou para citar o treinamento como o meio mais eficaz para apoiar esses parceiros, t\u00e3o importantes para companhia, destacando a nova plataforma de capacita\u00e7\u00e3o do Grupo, a Universeg &#8211; o streaming do Corretor, uma ferramenta inovadora e interativa, com conte\u00fados multidisciplinares nos mais variados formatos, que est\u00e1 dispon\u00edvel no Portal de Neg\u00f3cios do Corretor. <\/p>\n<p>No bate-papo, o presidente do Grupo Segurador tamb\u00e9m destacou a relev\u00e2ncia do mercado e sinalizou a import\u00e2ncia que o seguro ganhou. Refor\u00e7ando que o mercado de seguros tem sido um dos segmentos mais necess\u00e1rios e demandados ao longo da pandemia, nos seus mais diversos ramos, em especial sa\u00fade e vida. E que o seguro, um item aspiracional, ganhou um significado maior em meio \u00e0 crise, tornando-se um produto desejado. <\/p>\n<p><strong>Ideal H+K Strategies <strong><\/strong><\/p>\n","protected":false},"excerpt":{"rendered":"<p>Em mais uma edi\u00e7\u00e3o do F\u00f3rum de Oportunidades &#8211; organizado pelo Sincor-SP &#8211; o presidente da Bradesco Seguros, Ivan Gontijo, debateu as transforma\u00e7\u00f5es intensas do mercado segurador, o papel do corretor e os rumos do neg\u00f3cio. A participa\u00e7\u00e3o foi realizada no fechamento da s\u00e9rie de bate-papos que contou com a presen\u00e7a do Presidente do Sincor-SP, [&hellip;]<\/p>\n","protected":false},"author":2,"featured_media":29450,"comment_status":"open","ping_status":"open","sticky":false,"template":"","format":"standard","meta":[],"categories":[413],"tags":[],"jetpack_featured_media_url":"https:\/\/insurancecorp.com.br\/pt\/wp-content\/uploads\/2021\/10\/Ana-Rita-9.jpg","yoast_head":"<!-- This site is optimized with the Yoast SEO plugin v14.8 - https:\/\/yoast.com\/wordpress\/plugins\/seo\/ -->\n<title>Presidente da Bradesco Seguros destaca a relev\u00e2ncia do Corretor | Revista Insurance Corp | PT-BR<\/title>\n<meta name=\"robots\" content=\"index, follow\" \/>\n<meta name=\"googlebot\" content=\"index, follow, max-snippet:-1, max-image-preview:large, max-video-preview:-1\" \/>\n<meta name=\"bingbot\" content=\"index, follow, max-snippet:-1, max-image-preview:large, max-video-preview:-1\" \/>\n<link rel=\"canonical\" href=\"https:\/\/insurancecorp.com.br\/pt\/2021\/10\/05\/presidente-da-bradesco-seguros-destaca-a-relevancia-do-corretor\/\" \/>\n<meta property=\"og:locale\" content=\"pt_BR\" \/>\n<meta property=\"og:type\" content=\"article\" \/>\n<meta property=\"og:title\" content=\"Presidente da Bradesco Seguros destaca a relev\u00e2ncia do Corretor | Revista Insurance Corp | PT-BR\" \/>\n<meta property=\"og:description\" content=\"Em mais uma edi\u00e7\u00e3o do F\u00f3rum de Oportunidades &#8211; organizado pelo Sincor-SP &#8211; o presidente da Bradesco Seguros, Ivan Gontijo, debateu as transforma\u00e7\u00f5es intensas do mercado segurador, o papel do corretor e os rumos do neg\u00f3cio. A participa\u00e7\u00e3o foi realizada no fechamento da s\u00e9rie de bate-papos que contou com a presen\u00e7a do Presidente do Sincor-SP, [&hellip;]\" \/>\n<meta property=\"og:url\" content=\"https:\/\/insurancecorp.com.br\/pt\/2021\/10\/05\/presidente-da-bradesco-seguros-destaca-a-relevancia-do-corretor\/\" \/>\n<meta property=\"og:site_name\" content=\"Revista Insurance Corp | PT-BR\" \/>\n<meta property=\"article:publisher\" content=\"https:\/\/www.facebook.com\/RevistaInsuranceCorp\/\" \/>\n<meta property=\"article:published_time\" content=\"2021-10-05T14:21:44+00:00\" \/>\n<meta property=\"og:image\" content=\"https:\/\/insurancecorp.com.br\/pt\/wp-content\/uploads\/2021\/10\/Ana-Rita-9.jpg\" \/>\n\t<meta property=\"og:image:width\" content=\"500\" \/>\n\t<meta property=\"og:image:height\" content=\"333\" \/>\n<meta name=\"twitter:card\" content=\"summary\" \/>\n<script type=\"application\/ld+json\" class=\"yoast-schema-graph\">{\"@context\":\"https:\/\/schema.org\",\"@graph\":[{\"@type\":\"Organization\",\"@id\":\"https:\/\/insurancecorp.com.br\/pt\/#organization\",\"name\":\"Revista Insurance Corp\",\"url\":\"https:\/\/insurancecorp.com.br\/pt\/\",\"sameAs\":[\"https:\/\/www.facebook.com\/RevistaInsuranceCorp\/\"],\"logo\":{\"@type\":\"ImageObject\",\"@id\":\"https:\/\/insurancecorp.com.br\/pt\/#logo\",\"inLanguage\":\"pt-BR\",\"url\":\"\",\"caption\":\"Revista Insurance Corp\"},\"image\":{\"@id\":\"https:\/\/insurancecorp.com.br\/pt\/#logo\"}},{\"@type\":\"WebSite\",\"@id\":\"https:\/\/insurancecorp.com.br\/pt\/#website\",\"url\":\"https:\/\/insurancecorp.com.br\/pt\/\",\"name\":\"Revista Insurance Corp | PT-BR\",\"description\":\"A \\u00fanica revista bil\\u00edngue voltada ao mercado de seguro.\",\"publisher\":{\"@id\":\"https:\/\/insurancecorp.com.br\/pt\/#organization\"},\"potentialAction\":[{\"@type\":\"SearchAction\",\"target\":\"https:\/\/insurancecorp.com.br\/pt\/?s={search_term_string}\",\"query-input\":\"required name=search_term_string\"}],\"inLanguage\":\"pt-BR\"},{\"@type\":\"ImageObject\",\"@id\":\"https:\/\/insurancecorp.com.br\/pt\/2021\/10\/05\/presidente-da-bradesco-seguros-destaca-a-relevancia-do-corretor\/#primaryimage\",\"inLanguage\":\"pt-BR\",\"url\":\"https:\/\/insurancecorp.com.br\/pt\/wp-content\/uploads\/2021\/10\/Ana-Rita-9.jpg\",\"width\":500,\"height\":333,\"caption\":\"Data: 29.05.2018Local: Alphaville, SP.Cliente: Bradesco SegurosAssunto: Ivan Luis Gontijo, diretor jur\\u00eddico e compliance.Fot\\u00f3grafo: Julio BittencourtAssistente: Luiz Michelini\"},{\"@type\":\"WebPage\",\"@id\":\"https:\/\/insurancecorp.com.br\/pt\/2021\/10\/05\/presidente-da-bradesco-seguros-destaca-a-relevancia-do-corretor\/#webpage\",\"url\":\"https:\/\/insurancecorp.com.br\/pt\/2021\/10\/05\/presidente-da-bradesco-seguros-destaca-a-relevancia-do-corretor\/\",\"name\":\"Presidente da Bradesco Seguros destaca a relev\\u00e2ncia do Corretor | Revista Insurance Corp | PT-BR\",\"isPartOf\":{\"@id\":\"https:\/\/insurancecorp.com.br\/pt\/#website\"},\"primaryImageOfPage\":{\"@id\":\"https:\/\/insurancecorp.com.br\/pt\/2021\/10\/05\/presidente-da-bradesco-seguros-destaca-a-relevancia-do-corretor\/#primaryimage\"},\"datePublished\":\"2021-10-05T14:21:44+00:00\",\"dateModified\":\"2021-10-05T14:21:44+00:00\",\"inLanguage\":\"pt-BR\",\"potentialAction\":[{\"@type\":\"ReadAction\",\"target\":[\"https:\/\/insurancecorp.com.br\/pt\/2021\/10\/05\/presidente-da-bradesco-seguros-destaca-a-relevancia-do-corretor\/\"]}]},{\"@type\":\"Article\",\"@id\":\"https:\/\/insurancecorp.com.br\/pt\/2021\/10\/05\/presidente-da-bradesco-seguros-destaca-a-relevancia-do-corretor\/#article\",\"isPartOf\":{\"@id\":\"https:\/\/insurancecorp.com.br\/pt\/2021\/10\/05\/presidente-da-bradesco-seguros-destaca-a-relevancia-do-corretor\/#webpage\"},\"author\":{\"@id\":\"https:\/\/insurancecorp.com.br\/pt\/#\/schema\/person\/1b69c8cf325f0b7167f1b171f52df4af\"},\"headline\":\"Presidente da Bradesco Seguros destaca a relev\\u00e2ncia do Corretor\",\"datePublished\":\"2021-10-05T14:21:44+00:00\",\"dateModified\":\"2021-10-05T14:21:44+00:00\",\"mainEntityOfPage\":{\"@id\":\"https:\/\/insurancecorp.com.br\/pt\/2021\/10\/05\/presidente-da-bradesco-seguros-destaca-a-relevancia-do-corretor\/#webpage\"},\"commentCount\":0,\"publisher\":{\"@id\":\"https:\/\/insurancecorp.com.br\/pt\/#organization\"},\"image\":{\"@id\":\"https:\/\/insurancecorp.com.br\/pt\/2021\/10\/05\/presidente-da-bradesco-seguros-destaca-a-relevancia-do-corretor\/#primaryimage\"},\"articleSection\":\"Bradesco Seguros\",\"inLanguage\":\"pt-BR\",\"potentialAction\":[{\"@type\":\"CommentAction\",\"name\":\"Comment\",\"target\":[\"https:\/\/insurancecorp.com.br\/pt\/2021\/10\/05\/presidente-da-bradesco-seguros-destaca-a-relevancia-do-corretor\/#respond\"]}]},{\"@type\":\"Person\",\"@id\":\"https:\/\/insurancecorp.com.br\/pt\/#\/schema\/person\/1b69c8cf325f0b7167f1b171f52df4af\",\"name\":\"Publica\\u00e7\\u00e3o\",\"image\":{\"@type\":\"ImageObject\",\"@id\":\"https:\/\/insurancecorp.com.br\/pt\/#personlogo\",\"inLanguage\":\"pt-BR\",\"url\":\"https:\/\/secure.gravatar.com\/avatar\/17226f1f60486eb25d4c6b301ffed37f?s=96&d=mm&r=g\",\"caption\":\"Publica\\u00e7\\u00e3o\"}}]}<\/script>\n<!-- \/ Yoast SEO plugin. -->","_links":{"self":[{"href":"https:\/\/insurancecorp.com.br\/pt\/wp-json\/wp\/v2\/posts\/29448"}],"collection":[{"href":"https:\/\/insurancecorp.com.br\/pt\/wp-json\/wp\/v2\/posts"}],"about":[{"href":"https:\/\/insurancecorp.com.br\/pt\/wp-json\/wp\/v2\/types\/post"}],"author":[{"embeddable":true,"href":"https:\/\/insurancecorp.com.br\/pt\/wp-json\/wp\/v2\/users\/2"}],"replies":[{"embeddable":true,"href":"https:\/\/insurancecorp.com.br\/pt\/wp-json\/wp\/v2\/comments?post=29448"}],"version-history":[{"count":1,"href":"https:\/\/insurancecorp.com.br\/pt\/wp-json\/wp\/v2\/posts\/29448\/revisions"}],"predecessor-version":[{"id":29449,"href":"https:\/\/insurancecorp.com.br\/pt\/wp-json\/wp\/v2\/posts\/29448\/revisions\/29449"}],"wp:featuredmedia":[{"embeddable":true,"href":"https:\/\/insurancecorp.com.br\/pt\/wp-json\/wp\/v2\/media\/29450"}],"wp:attachment":[{"href":"https:\/\/insurancecorp.com.br\/pt\/wp-json\/wp\/v2\/media?parent=29448"}],"wp:term":[{"taxonomy":"category","embeddable":true,"href":"https:\/\/insurancecorp.com.br\/pt\/wp-json\/wp\/v2\/categories?post=29448"},{"taxonomy":"post_tag","embeddable":true,"href":"https:\/\/insurancecorp.com.br\/pt\/wp-json\/wp\/v2\/tags?post=29448"}],"curies":[{"name":"wp","href":"https:\/\/api.w.org\/{rel}","templated":true}]}}