{"id":28856,"date":"2021-09-16T09:30:38","date_gmt":"2021-09-16T12:30:38","guid":{"rendered":"https:\/\/insurancecorp.com.br\/pt\/?p=28856"},"modified":"2021-09-16T09:32:07","modified_gmt":"2021-09-16T12:32:07","slug":"zurich-traz-novidades-em-seu-seguro-autotomovel","status":"publish","type":"post","link":"https:\/\/insurancecorp.com.br\/pt\/2021\/09\/16\/zurich-traz-novidades-em-seu-seguro-autotomovel\/","title":{"rendered":"Zurich traz novidades em seu seguro autotom\u00f3vel"},"content":{"rendered":"<p>Colocar o cliente no centro de tudo por meio de medidas simples e pr\u00e1ticas para facilitar o seu dia a dia. \u00c9 com essa premissa que a Zurich anuncia as novidades no seu Zurich Autom\u00f3vel, produto que garante uma das prote\u00e7\u00f5es mais valorizadas e necess\u00e1rias do pa\u00eds: o seguro auto.<br \/>\nA primeira novidade est\u00e1 relacionada \u00e0 contrata\u00e7\u00e3o do produto, j\u00e1 que a empresa est\u00e1 estendendo o pagamento do pr\u00eamio de 10 para at\u00e9 12 vezes sem juros no cart\u00e3o de cr\u00e9dito, o que na pr\u00e1tica o transforma em um seguro mensal. Porque, se o segurado resolver suspender a mensalidade, automaticamente cessa a vig\u00eancia da ap\u00f3lice \u2013 podendo, assim, fazer uma nova contrata\u00e7\u00e3o quando ele quiser.<\/p>\n<p>\u201cA iniciativa traz benef\u00edcios para os nossos clientes do seguro auto, que n\u00e3o correm mais o risco de, por exemplo, se esquecerem de programar o pagamento dos boletos e, consequentemente, terem um trabalho a mais\u201d, comenta o Diretor Executivo de Personal Lines da Zurich no Brasil, Rafael Ramalho. \u201dAl\u00e9m disso, a medida remete ao conceito de seguro \u2018por assinatura\u2019, uma vez que \u00e9 pago mensalmente pelo cart\u00e3o e ajuda o segurado a se organizar, dando a ele a oportunidade de usufruir da cobertura e dos servi\u00e7os como o app Zurich Driver, por exemplo, que tem o objetivo de promover um tr\u00e2nsito mais seguro e consciente\u201d.<\/p>\n<p>Vale lembrar que \u00e9 poss\u00edvel, ainda, contratar o Zurich Autom\u00f3vel de outras duas formas: com pagamento parcelado por boleto em at\u00e9 10 vezes (sendo que em at\u00e9 4 vezes n\u00e3o h\u00e1 juros); e no d\u00e9bito em conta, parcelado em at\u00e9 10 vezes sem juros.<\/p>\n<p>Para o corretor, a novidade \u00e9 interessante n\u00e3o s\u00f3 na medida em que amplia as possibilidades para o cliente, mas tamb\u00e9m por incentivar o uso do cart\u00e3o de cr\u00e9dito \u2013 forma de pagamento em que o corretor parceiro pode ser comissionado mais r\u00e1pido pela seguradora: apenas 48 horas ap\u00f3s a emiss\u00e3o da ap\u00f3lice. A m\u00e9dia do setor \u00e9 de 45 dias. <\/p>\n<p><strong>Outras novidades do seguro auto da Zurich<\/strong><\/p>\n<p>Al\u00e9m da novidade relacionada ao pagamento do pr\u00eamio com cart\u00e3o de cr\u00e9dito, a Zurich anuncia outras medidas igualmente ben\u00e9ficas para seus clientes do Zurich Autom\u00f3vel.<br \/>\nA primeira delas diz respeito ao lan\u00e7amento do pacote de coberturas para pequenos reparos e para pneus e rodas, bem como \u00e0 expans\u00e3o dos servi\u00e7os no pacote de vidros. Todos eles trazem benef\u00edcios econ\u00f4micos para os clientes, caso o valor do conserto seja inferior \u00e0 franquia. Confira os detalhes:<br \/>\n\u2022\tCobertura de pequenos reparos \u2013 \u00c9 comum que o pre\u00e7o do conserto de uma pequena batida em outro ve\u00edculo, que gera um amassado na lataria ou no parachoque, fique abaixo do valor da franquia. A cobertura de pequenos reparos \u00e9 o que a Zurich traz para esses casos, garatindo a m\u00e3o de obra na repara\u00e7\u00e3o de danos em pe\u00e7as como portas, para-lamas, cap\u00f4, teto e para-choques ocorridos em um \u00fanico evento, com valor m\u00e1ximo de R$ 1.000,00 assumido pela seguradora. A franquia \u00e9 de R$ 150,00, n\u00e3o importa o modelo do ve\u00edculo; e se for necess\u00e1ria a troca de alguma pe\u00e7a, o valor fica por conta do cliente.<br \/>\n\u2022\tCobertura de pneu e roda \u2013 Em grandes centros, nos quais um buraco facilmente pode danificar o ve\u00edculo, \u00e9 um diferencial ter uma cobertura que garante a substitui\u00e7\u00e3o de pneus em caso de ruptura\/rasgo, bem como a troca da roda e dos itens que comp\u00f5em o sistema de suspens\u00e3o em raz\u00e3o da quebra de alguma de suas pe\u00e7as. O valor da franquia para esta cobertura \u00e9 de apenas R$ 120,00, independente do modelo do ve\u00edculo. Al\u00e9m disso, nos meses de setembro, outubro e novembro de 2021, para os clientes que contratarem a cobertura de pequenos reparos, a cobertura de pneu e roda ser\u00e1 gratuita.<br \/>\n\u2022\tInclus\u00e3o de novos servi\u00e7os nos pacotes de vidros \u2013 A Zurich tamb\u00e9m atualizou os planos desse tipo de componente dos ve\u00edculos, que passam a contar com tr\u00eas novidades. A primeira \u00e9 que a m\u00e1quina de vidros passa a ser garantida em todos os planos oferecidos pela seguradora: b\u00e1sico, completo e vip. A segunda \u00e9 que a cobertura de martelinho de ouro passa a ser garantida no plano vip e opcional do plano completo. Por fim, a terceira novidade: o reparo de arranh\u00f5es ser\u00e1 garantido para o plano completo.<\/p>\n<p>Comenta o Diretor Executivo de Personal Lines da Zurich no Brasil, Rafael Ramalho: \u201cAs coberturas de pequenos reparos possuem alta percep\u00e7\u00e3o de valor para os clientes. Com elas, aqueles pequenos danos no ve\u00edculo, decorrentes de acidentes cujo valor do conserto \u00e9 inferior ao da franquia, podem ser cobertos, evitando que o segurado fique no preju\u00edzo\u201d, afirma o executivo. \u201cFora a agilidade e a conveni\u00eancia para os segurados realizarem o servi\u00e7o, outro ponto importante \u00e9 que ao utilizar tais coberturas, a classe de b\u00f4nus \u2013 ou seja, o \u00edndice que garante descontos na renova\u00e7\u00e3o \u2013 n\u00e3o sofre nenhuma baixa\u201d, garante Rafael.<\/p>\n<p>Al\u00e9m dessas novidades, a Zurich tamb\u00e9m realizar\u00e1 o envio por e-mail do Kit 24 Horas, com ap\u00f3lice e manual \u2013 no qual a seguradora j\u00e1 havia feito uma mudan\u00e7a recente: eliminou o \u201csegur\u00eas\u201d, utilizando termos n\u00e3o t\u00e9cnicos para o completo entendimento do produto, servi\u00e7os e condi\u00e7\u00f5es por parte dos clientes \u2013, bem como outras informa\u00e7\u00f5es do seguro contratado. Al\u00e9m de proporcionar facilidade e agilidade, a iniciativa \u00e9 sustent\u00e1vel, j\u00e1 que elimina o uso de documentos impressos em papel, alinhando-se ao compromisso da Zurich com o planeta. <\/p>\n<p><strong>Conte\u00fado Comunica\u00e7\u00e3o<\/strong><\/p>\n","protected":false},"excerpt":{"rendered":"<p>Colocar o cliente no centro de tudo por meio de medidas simples e pr\u00e1ticas para facilitar o seu dia a dia. \u00c9 com essa premissa que a Zurich anuncia as novidades no seu Zurich Autom\u00f3vel, produto que garante uma das prote\u00e7\u00f5es mais valorizadas e necess\u00e1rias do pa\u00eds: o seguro auto. A primeira novidade est\u00e1 relacionada [&hellip;]<\/p>\n","protected":false},"author":2,"featured_media":28857,"comment_status":"open","ping_status":"open","sticky":false,"template":"","format":"standard","meta":[],"categories":[523],"tags":[],"jetpack_featured_media_url":"https:\/\/insurancecorp.com.br\/pt\/wp-content\/uploads\/2021\/09\/apto-06-scaled.jpg","yoast_head":"<!-- This site is optimized with the Yoast SEO plugin v14.8 - https:\/\/yoast.com\/wordpress\/plugins\/seo\/ -->\n<title>Zurich traz novidades em seu seguro autotom\u00f3vel | Revista Insurance Corp | PT-BR<\/title>\n<meta name=\"robots\" content=\"index, follow\" \/>\n<meta name=\"googlebot\" content=\"index, follow, max-snippet:-1, max-image-preview:large, max-video-preview:-1\" \/>\n<meta name=\"bingbot\" content=\"index, follow, max-snippet:-1, max-image-preview:large, max-video-preview:-1\" \/>\n<link rel=\"canonical\" href=\"https:\/\/insurancecorp.com.br\/pt\/2021\/09\/16\/zurich-traz-novidades-em-seu-seguro-autotomovel\/\" \/>\n<meta property=\"og:locale\" content=\"pt_BR\" \/>\n<meta property=\"og:type\" content=\"article\" \/>\n<meta property=\"og:title\" content=\"Zurich traz novidades em seu seguro autotom\u00f3vel | Revista Insurance Corp | PT-BR\" \/>\n<meta property=\"og:description\" content=\"Colocar o cliente no centro de tudo por meio de medidas simples e pr\u00e1ticas para facilitar o seu dia a dia. \u00c9 com essa premissa que a Zurich anuncia as novidades no seu Zurich Autom\u00f3vel, produto que garante uma das prote\u00e7\u00f5es mais valorizadas e necess\u00e1rias do pa\u00eds: o seguro auto. A primeira novidade est\u00e1 relacionada [&hellip;]\" \/>\n<meta property=\"og:url\" content=\"https:\/\/insurancecorp.com.br\/pt\/2021\/09\/16\/zurich-traz-novidades-em-seu-seguro-autotomovel\/\" \/>\n<meta property=\"og:site_name\" content=\"Revista Insurance Corp | PT-BR\" \/>\n<meta property=\"article:publisher\" content=\"https:\/\/www.facebook.com\/RevistaInsuranceCorp\/\" \/>\n<meta property=\"article:published_time\" content=\"2021-09-16T12:30:38+00:00\" \/>\n<meta property=\"article:modified_time\" content=\"2021-09-16T12:32:07+00:00\" \/>\n<meta property=\"og:image\" content=\"https:\/\/insurancecorp.com.br\/pt\/wp-content\/uploads\/2021\/09\/apto-06-scaled.jpg\" \/>\n\t<meta property=\"og:image:width\" content=\"2560\" \/>\n\t<meta property=\"og:image:height\" content=\"1707\" \/>\n<meta name=\"twitter:card\" content=\"summary\" \/>\n<script type=\"application\/ld+json\" class=\"yoast-schema-graph\">{\"@context\":\"https:\/\/schema.org\",\"@graph\":[{\"@type\":\"Organization\",\"@id\":\"https:\/\/insurancecorp.com.br\/pt\/#organization\",\"name\":\"Revista Insurance Corp\",\"url\":\"https:\/\/insurancecorp.com.br\/pt\/\",\"sameAs\":[\"https:\/\/www.facebook.com\/RevistaInsuranceCorp\/\"],\"logo\":{\"@type\":\"ImageObject\",\"@id\":\"https:\/\/insurancecorp.com.br\/pt\/#logo\",\"inLanguage\":\"pt-BR\",\"url\":\"\",\"caption\":\"Revista Insurance Corp\"},\"image\":{\"@id\":\"https:\/\/insurancecorp.com.br\/pt\/#logo\"}},{\"@type\":\"WebSite\",\"@id\":\"https:\/\/insurancecorp.com.br\/pt\/#website\",\"url\":\"https:\/\/insurancecorp.com.br\/pt\/\",\"name\":\"Revista Insurance Corp | PT-BR\",\"description\":\"A \\u00fanica revista bil\\u00edngue voltada ao mercado de seguro.\",\"publisher\":{\"@id\":\"https:\/\/insurancecorp.com.br\/pt\/#organization\"},\"potentialAction\":[{\"@type\":\"SearchAction\",\"target\":\"https:\/\/insurancecorp.com.br\/pt\/?s={search_term_string}\",\"query-input\":\"required name=search_term_string\"}],\"inLanguage\":\"pt-BR\"},{\"@type\":\"ImageObject\",\"@id\":\"https:\/\/insurancecorp.com.br\/pt\/2021\/09\/16\/zurich-traz-novidades-em-seu-seguro-autotomovel\/#primaryimage\",\"inLanguage\":\"pt-BR\",\"url\":\"https:\/\/insurancecorp.com.br\/pt\/wp-content\/uploads\/2021\/09\/apto-06-scaled.jpg\",\"width\":2560,\"height\":1707},{\"@type\":\"WebPage\",\"@id\":\"https:\/\/insurancecorp.com.br\/pt\/2021\/09\/16\/zurich-traz-novidades-em-seu-seguro-autotomovel\/#webpage\",\"url\":\"https:\/\/insurancecorp.com.br\/pt\/2021\/09\/16\/zurich-traz-novidades-em-seu-seguro-autotomovel\/\",\"name\":\"Zurich traz novidades em seu seguro autotom\\u00f3vel | Revista Insurance Corp | PT-BR\",\"isPartOf\":{\"@id\":\"https:\/\/insurancecorp.com.br\/pt\/#website\"},\"primaryImageOfPage\":{\"@id\":\"https:\/\/insurancecorp.com.br\/pt\/2021\/09\/16\/zurich-traz-novidades-em-seu-seguro-autotomovel\/#primaryimage\"},\"datePublished\":\"2021-09-16T12:30:38+00:00\",\"dateModified\":\"2021-09-16T12:32:07+00:00\",\"inLanguage\":\"pt-BR\",\"potentialAction\":[{\"@type\":\"ReadAction\",\"target\":[\"https:\/\/insurancecorp.com.br\/pt\/2021\/09\/16\/zurich-traz-novidades-em-seu-seguro-autotomovel\/\"]}]},{\"@type\":\"Article\",\"@id\":\"https:\/\/insurancecorp.com.br\/pt\/2021\/09\/16\/zurich-traz-novidades-em-seu-seguro-autotomovel\/#article\",\"isPartOf\":{\"@id\":\"https:\/\/insurancecorp.com.br\/pt\/2021\/09\/16\/zurich-traz-novidades-em-seu-seguro-autotomovel\/#webpage\"},\"author\":{\"@id\":\"https:\/\/insurancecorp.com.br\/pt\/#\/schema\/person\/1b69c8cf325f0b7167f1b171f52df4af\"},\"headline\":\"Zurich traz novidades em seu seguro autotom\\u00f3vel\",\"datePublished\":\"2021-09-16T12:30:38+00:00\",\"dateModified\":\"2021-09-16T12:32:07+00:00\",\"mainEntityOfPage\":{\"@id\":\"https:\/\/insurancecorp.com.br\/pt\/2021\/09\/16\/zurich-traz-novidades-em-seu-seguro-autotomovel\/#webpage\"},\"commentCount\":0,\"publisher\":{\"@id\":\"https:\/\/insurancecorp.com.br\/pt\/#organization\"},\"image\":{\"@id\":\"https:\/\/insurancecorp.com.br\/pt\/2021\/09\/16\/zurich-traz-novidades-em-seu-seguro-autotomovel\/#primaryimage\"},\"articleSection\":\"Zurich no Brasil\",\"inLanguage\":\"pt-BR\",\"potentialAction\":[{\"@type\":\"CommentAction\",\"name\":\"Comment\",\"target\":[\"https:\/\/insurancecorp.com.br\/pt\/2021\/09\/16\/zurich-traz-novidades-em-seu-seguro-autotomovel\/#respond\"]}]},{\"@type\":\"Person\",\"@id\":\"https:\/\/insurancecorp.com.br\/pt\/#\/schema\/person\/1b69c8cf325f0b7167f1b171f52df4af\",\"name\":\"Publica\\u00e7\\u00e3o\",\"image\":{\"@type\":\"ImageObject\",\"@id\":\"https:\/\/insurancecorp.com.br\/pt\/#personlogo\",\"inLanguage\":\"pt-BR\",\"url\":\"https:\/\/secure.gravatar.com\/avatar\/17226f1f60486eb25d4c6b301ffed37f?s=96&d=mm&r=g\",\"caption\":\"Publica\\u00e7\\u00e3o\"}}]}<\/script>\n<!-- \/ Yoast SEO plugin. -->","_links":{"self":[{"href":"https:\/\/insurancecorp.com.br\/pt\/wp-json\/wp\/v2\/posts\/28856"}],"collection":[{"href":"https:\/\/insurancecorp.com.br\/pt\/wp-json\/wp\/v2\/posts"}],"about":[{"href":"https:\/\/insurancecorp.com.br\/pt\/wp-json\/wp\/v2\/types\/post"}],"author":[{"embeddable":true,"href":"https:\/\/insurancecorp.com.br\/pt\/wp-json\/wp\/v2\/users\/2"}],"replies":[{"embeddable":true,"href":"https:\/\/insurancecorp.com.br\/pt\/wp-json\/wp\/v2\/comments?post=28856"}],"version-history":[{"count":1,"href":"https:\/\/insurancecorp.com.br\/pt\/wp-json\/wp\/v2\/posts\/28856\/revisions"}],"predecessor-version":[{"id":28858,"href":"https:\/\/insurancecorp.com.br\/pt\/wp-json\/wp\/v2\/posts\/28856\/revisions\/28858"}],"wp:featuredmedia":[{"embeddable":true,"href":"https:\/\/insurancecorp.com.br\/pt\/wp-json\/wp\/v2\/media\/28857"}],"wp:attachment":[{"href":"https:\/\/insurancecorp.com.br\/pt\/wp-json\/wp\/v2\/media?parent=28856"}],"wp:term":[{"taxonomy":"category","embeddable":true,"href":"https:\/\/insurancecorp.com.br\/pt\/wp-json\/wp\/v2\/categories?post=28856"},{"taxonomy":"post_tag","embeddable":true,"href":"https:\/\/insurancecorp.com.br\/pt\/wp-json\/wp\/v2\/tags?post=28856"}],"curies":[{"name":"wp","href":"https:\/\/api.w.org\/{rel}","templated":true}]}}