{"id":28589,"date":"2021-09-03T16:02:42","date_gmt":"2021-09-03T19:02:42","guid":{"rendered":"https:\/\/insurancecorp.com.br\/pt\/?p=28589"},"modified":"2021-09-03T16:04:28","modified_gmt":"2021-09-03T19:04:28","slug":"bradesco-seguros-figura-pela-primeira-vez-no-ranking-gptw-do-rio-de-janeiro","status":"publish","type":"post","link":"https:\/\/insurancecorp.com.br\/pt\/2021\/09\/03\/bradesco-seguros-figura-pela-primeira-vez-no-ranking-gptw-do-rio-de-janeiro\/","title":{"rendered":"Bradesco Seguros figura pela primeira vez no Ranking GPTW do Rio de Janeiro"},"content":{"rendered":"<p>Pela primeira vez, a Bradesco seguros conquistou a certifica\u00e7\u00e3o Great Place To Work como uma das 20 Melhores Empresas de grande porte para se trabalhar no Rio de Janeiro. A regi\u00e3o, que \u00e9 o local de origem do Grupo Segurador, concentra as atividades de duas empresas do Grupo &#8211; Bradesco Sa\u00fade e Bradesco Auto\/RE &#8211; e tamb\u00e9m de equipes de todas as \u00e1reas da holding Bradesco Seguros, possui uma import\u00e2ncia hist\u00f3rica para a Organiza\u00e7\u00e3o. <\/p>\n<p>Para o presidente da Bradesco Seguros, Ivan Gontijo, a entrada no ranking carioca tem um significado especial devido \u00e0 forte rela\u00e7\u00e3o da seguradora com o Rio de Janeiro, j\u00e1 que a cidade \u00e9 ber\u00e7o do nascimento do Grupo e \u00e9 um dos mercados priorit\u00e1rios para a Organiza\u00e7\u00e3o. <\/p>\n<p>O reconhecimento aponta que a Organiza\u00e7\u00e3o est\u00e1 alinhada \u00e0s melhores pr\u00e1ticas de mercado e que os funcion\u00e1rios valorizam o cont\u00ednuo trabalho da companhia no que tange ao desenvolvimento e ao bem-estar, como, por exemplo os treinamentos e outras a\u00e7\u00f5es com foco no crescimento profissional que a companhia oferece, al\u00e9m do ambiente de trabalho acolhedor. <\/p>\n<p>A conquista da certifica\u00e7\u00e3o do GPTW no Rio de Janeiro acontece logo no primeiro ano em que o Grupo ingressou como participante. Um ano que tamb\u00e9m foi marcado pela resili\u00eancia e por um grande processo de adapta\u00e7\u00e3o, o que traz um significado ainda maior para a companhia. <\/p>\n<p>A miss\u00e3o da Bradesco Seguros de prote\u00e7\u00e3o e cuidado aos segurados tamb\u00e9m se estende aos funcion\u00e1rios e parceiros da organiza\u00e7\u00e3o. E, para a companhia, o resultado da pesquisa \u00e9 creditado justamente \u00e0 percep\u00e7\u00e3o e ao reconhecimento de uma cultura que se manifesta no orgulho de pertencer a um lugar que cuida das pessoas que tamb\u00e9m cuidam de pessoas.<br \/>\nAl\u00e9m da certifica\u00e7\u00e3o no Rio de Janeiro, a empresa tamb\u00e9m aparece no ranking de Melhor Lugar para Trabalhar em Barueri e Regi\u00e3o, desde 2017. Neste ano, a seguradora ficou entre os primeiros colocados, subindo de posi\u00e7\u00e3o no ranking em compara\u00e7\u00e3o a 2020, o que mostra a evolu\u00e7\u00e3o da companhia ano ap\u00f3s ano.<br \/>\nO Great Place to Work \u00e9 uma consultoria global que apoia organiza\u00e7\u00f5es a obter melhores resultados por meio de uma cultura de confian\u00e7a, alto desempenho e inova\u00e7\u00e3o. <\/p>\n<p><strong>Ideal H+K Strategies<\/strong><\/p>\n","protected":false},"excerpt":{"rendered":"<p>Pela primeira vez, a Bradesco seguros conquistou a certifica\u00e7\u00e3o Great Place To Work como uma das 20 Melhores Empresas de grande porte para se trabalhar no Rio de Janeiro. A regi\u00e3o, que \u00e9 o local de origem do Grupo Segurador, concentra as atividades de duas empresas do Grupo &#8211; Bradesco Sa\u00fade e Bradesco Auto\/RE &#8211; [&hellip;]<\/p>\n","protected":false},"author":2,"featured_media":28596,"comment_status":"open","ping_status":"open","sticky":false,"template":"","format":"standard","meta":[],"categories":[413],"tags":[],"jetpack_featured_media_url":"https:\/\/insurancecorp.com.br\/pt\/wp-content\/uploads\/2021\/09\/Amo-minha-turma-3.jpg","yoast_head":"<!-- This site is optimized with the Yoast SEO plugin v14.8 - https:\/\/yoast.com\/wordpress\/plugins\/seo\/ -->\n<title>Bradesco Seguros figura pela primeira vez no Ranking GPTW do Rio de Janeiro | Revista Insurance Corp | PT-BR<\/title>\n<meta name=\"robots\" content=\"index, follow\" \/>\n<meta name=\"googlebot\" content=\"index, follow, max-snippet:-1, max-image-preview:large, max-video-preview:-1\" \/>\n<meta name=\"bingbot\" content=\"index, follow, max-snippet:-1, max-image-preview:large, max-video-preview:-1\" \/>\n<link rel=\"canonical\" href=\"https:\/\/insurancecorp.com.br\/pt\/2021\/09\/03\/bradesco-seguros-figura-pela-primeira-vez-no-ranking-gptw-do-rio-de-janeiro\/\" \/>\n<meta property=\"og:locale\" content=\"pt_BR\" \/>\n<meta property=\"og:type\" content=\"article\" \/>\n<meta property=\"og:title\" content=\"Bradesco Seguros figura pela primeira vez no Ranking GPTW do Rio de Janeiro | Revista Insurance Corp | PT-BR\" \/>\n<meta property=\"og:description\" content=\"Pela primeira vez, a Bradesco seguros conquistou a certifica\u00e7\u00e3o Great Place To Work como uma das 20 Melhores Empresas de grande porte para se trabalhar no Rio de Janeiro. A regi\u00e3o, que \u00e9 o local de origem do Grupo Segurador, concentra as atividades de duas empresas do Grupo &#8211; Bradesco Sa\u00fade e Bradesco Auto\/RE &#8211; [&hellip;]\" \/>\n<meta property=\"og:url\" content=\"https:\/\/insurancecorp.com.br\/pt\/2021\/09\/03\/bradesco-seguros-figura-pela-primeira-vez-no-ranking-gptw-do-rio-de-janeiro\/\" \/>\n<meta property=\"og:site_name\" content=\"Revista Insurance Corp | PT-BR\" \/>\n<meta property=\"article:publisher\" content=\"https:\/\/www.facebook.com\/RevistaInsuranceCorp\/\" \/>\n<meta property=\"article:published_time\" content=\"2021-09-03T19:02:42+00:00\" \/>\n<meta property=\"article:modified_time\" content=\"2021-09-03T19:04:28+00:00\" \/>\n<meta property=\"og:image\" content=\"https:\/\/insurancecorp.com.br\/pt\/wp-content\/uploads\/2021\/09\/Amo-minha-turma-3.jpg\" \/>\n\t<meta property=\"og:image:width\" content=\"1400\" \/>\n\t<meta property=\"og:image:height\" content=\"650\" \/>\n<meta name=\"twitter:card\" content=\"summary\" \/>\n<script type=\"application\/ld+json\" class=\"yoast-schema-graph\">{\"@context\":\"https:\/\/schema.org\",\"@graph\":[{\"@type\":\"Organization\",\"@id\":\"https:\/\/insurancecorp.com.br\/pt\/#organization\",\"name\":\"Revista Insurance Corp\",\"url\":\"https:\/\/insurancecorp.com.br\/pt\/\",\"sameAs\":[\"https:\/\/www.facebook.com\/RevistaInsuranceCorp\/\"],\"logo\":{\"@type\":\"ImageObject\",\"@id\":\"https:\/\/insurancecorp.com.br\/pt\/#logo\",\"inLanguage\":\"pt-BR\",\"url\":\"\",\"caption\":\"Revista Insurance Corp\"},\"image\":{\"@id\":\"https:\/\/insurancecorp.com.br\/pt\/#logo\"}},{\"@type\":\"WebSite\",\"@id\":\"https:\/\/insurancecorp.com.br\/pt\/#website\",\"url\":\"https:\/\/insurancecorp.com.br\/pt\/\",\"name\":\"Revista Insurance Corp | PT-BR\",\"description\":\"A \\u00fanica revista bil\\u00edngue voltada ao mercado de seguro.\",\"publisher\":{\"@id\":\"https:\/\/insurancecorp.com.br\/pt\/#organization\"},\"potentialAction\":[{\"@type\":\"SearchAction\",\"target\":\"https:\/\/insurancecorp.com.br\/pt\/?s={search_term_string}\",\"query-input\":\"required name=search_term_string\"}],\"inLanguage\":\"pt-BR\"},{\"@type\":\"ImageObject\",\"@id\":\"https:\/\/insurancecorp.com.br\/pt\/2021\/09\/03\/bradesco-seguros-figura-pela-primeira-vez-no-ranking-gptw-do-rio-de-janeiro\/#primaryimage\",\"inLanguage\":\"pt-BR\",\"url\":\"https:\/\/insurancecorp.com.br\/pt\/wp-content\/uploads\/2021\/09\/Amo-minha-turma-3.jpg\",\"width\":1400,\"height\":650},{\"@type\":\"WebPage\",\"@id\":\"https:\/\/insurancecorp.com.br\/pt\/2021\/09\/03\/bradesco-seguros-figura-pela-primeira-vez-no-ranking-gptw-do-rio-de-janeiro\/#webpage\",\"url\":\"https:\/\/insurancecorp.com.br\/pt\/2021\/09\/03\/bradesco-seguros-figura-pela-primeira-vez-no-ranking-gptw-do-rio-de-janeiro\/\",\"name\":\"Bradesco Seguros figura pela primeira vez no Ranking GPTW do Rio de Janeiro | Revista Insurance Corp | PT-BR\",\"isPartOf\":{\"@id\":\"https:\/\/insurancecorp.com.br\/pt\/#website\"},\"primaryImageOfPage\":{\"@id\":\"https:\/\/insurancecorp.com.br\/pt\/2021\/09\/03\/bradesco-seguros-figura-pela-primeira-vez-no-ranking-gptw-do-rio-de-janeiro\/#primaryimage\"},\"datePublished\":\"2021-09-03T19:02:42+00:00\",\"dateModified\":\"2021-09-03T19:04:28+00:00\",\"inLanguage\":\"pt-BR\",\"potentialAction\":[{\"@type\":\"ReadAction\",\"target\":[\"https:\/\/insurancecorp.com.br\/pt\/2021\/09\/03\/bradesco-seguros-figura-pela-primeira-vez-no-ranking-gptw-do-rio-de-janeiro\/\"]}]},{\"@type\":\"Article\",\"@id\":\"https:\/\/insurancecorp.com.br\/pt\/2021\/09\/03\/bradesco-seguros-figura-pela-primeira-vez-no-ranking-gptw-do-rio-de-janeiro\/#article\",\"isPartOf\":{\"@id\":\"https:\/\/insurancecorp.com.br\/pt\/2021\/09\/03\/bradesco-seguros-figura-pela-primeira-vez-no-ranking-gptw-do-rio-de-janeiro\/#webpage\"},\"author\":{\"@id\":\"https:\/\/insurancecorp.com.br\/pt\/#\/schema\/person\/1b69c8cf325f0b7167f1b171f52df4af\"},\"headline\":\"Bradesco Seguros figura pela primeira vez no Ranking GPTW do Rio de Janeiro\",\"datePublished\":\"2021-09-03T19:02:42+00:00\",\"dateModified\":\"2021-09-03T19:04:28+00:00\",\"mainEntityOfPage\":{\"@id\":\"https:\/\/insurancecorp.com.br\/pt\/2021\/09\/03\/bradesco-seguros-figura-pela-primeira-vez-no-ranking-gptw-do-rio-de-janeiro\/#webpage\"},\"commentCount\":0,\"publisher\":{\"@id\":\"https:\/\/insurancecorp.com.br\/pt\/#organization\"},\"image\":{\"@id\":\"https:\/\/insurancecorp.com.br\/pt\/2021\/09\/03\/bradesco-seguros-figura-pela-primeira-vez-no-ranking-gptw-do-rio-de-janeiro\/#primaryimage\"},\"articleSection\":\"Bradesco Seguros\",\"inLanguage\":\"pt-BR\",\"potentialAction\":[{\"@type\":\"CommentAction\",\"name\":\"Comment\",\"target\":[\"https:\/\/insurancecorp.com.br\/pt\/2021\/09\/03\/bradesco-seguros-figura-pela-primeira-vez-no-ranking-gptw-do-rio-de-janeiro\/#respond\"]}]},{\"@type\":\"Person\",\"@id\":\"https:\/\/insurancecorp.com.br\/pt\/#\/schema\/person\/1b69c8cf325f0b7167f1b171f52df4af\",\"name\":\"Publica\\u00e7\\u00e3o\",\"image\":{\"@type\":\"ImageObject\",\"@id\":\"https:\/\/insurancecorp.com.br\/pt\/#personlogo\",\"inLanguage\":\"pt-BR\",\"url\":\"https:\/\/secure.gravatar.com\/avatar\/17226f1f60486eb25d4c6b301ffed37f?s=96&d=mm&r=g\",\"caption\":\"Publica\\u00e7\\u00e3o\"}}]}<\/script>\n<!-- \/ Yoast SEO plugin. -->","_links":{"self":[{"href":"https:\/\/insurancecorp.com.br\/pt\/wp-json\/wp\/v2\/posts\/28589"}],"collection":[{"href":"https:\/\/insurancecorp.com.br\/pt\/wp-json\/wp\/v2\/posts"}],"about":[{"href":"https:\/\/insurancecorp.com.br\/pt\/wp-json\/wp\/v2\/types\/post"}],"author":[{"embeddable":true,"href":"https:\/\/insurancecorp.com.br\/pt\/wp-json\/wp\/v2\/users\/2"}],"replies":[{"embeddable":true,"href":"https:\/\/insurancecorp.com.br\/pt\/wp-json\/wp\/v2\/comments?post=28589"}],"version-history":[{"count":2,"href":"https:\/\/insurancecorp.com.br\/pt\/wp-json\/wp\/v2\/posts\/28589\/revisions"}],"predecessor-version":[{"id":28597,"href":"https:\/\/insurancecorp.com.br\/pt\/wp-json\/wp\/v2\/posts\/28589\/revisions\/28597"}],"wp:featuredmedia":[{"embeddable":true,"href":"https:\/\/insurancecorp.com.br\/pt\/wp-json\/wp\/v2\/media\/28596"}],"wp:attachment":[{"href":"https:\/\/insurancecorp.com.br\/pt\/wp-json\/wp\/v2\/media?parent=28589"}],"wp:term":[{"taxonomy":"category","embeddable":true,"href":"https:\/\/insurancecorp.com.br\/pt\/wp-json\/wp\/v2\/categories?post=28589"},{"taxonomy":"post_tag","embeddable":true,"href":"https:\/\/insurancecorp.com.br\/pt\/wp-json\/wp\/v2\/tags?post=28589"}],"curies":[{"name":"wp","href":"https:\/\/api.w.org\/{rel}","templated":true}]}}