{"id":28252,"date":"2021-08-24T14:50:00","date_gmt":"2021-08-24T17:50:00","guid":{"rendered":"https:\/\/insurancecorp.com.br\/pt\/?p=28252"},"modified":"2021-08-24T16:15:50","modified_gmt":"2021-08-24T19:15:50","slug":"zurich-expande-planos-de-previdencia-em-minas-gerais","status":"publish","type":"post","link":"https:\/\/insurancecorp.com.br\/pt\/2021\/08\/24\/zurich-expande-planos-de-previdencia-em-minas-gerais\/","title":{"rendered":"Zurich expande planos de previd\u00eancia em Minas Gerais"},"content":{"rendered":"<p>A Zurich fechou parceria com a corretora mineira TGL Seguros para comercializar planos de previd\u00eancia privada para empresas e pessoas f\u00edsicas no estado de Minas Gerais. A oferta desse tipo de produto \u00e9 mais um passo da empresa no estado, que cresceu na regi\u00e3o quase 30% no primeiro semestre de 2021 em compara\u00e7\u00e3o ao mesmo per\u00edodo do ano passado.<br \/>\n\u201cA TGL \u00e9 um dos principais players do mercado no segmento de previd\u00eancia privada e possui parceria com corretores em todo o Brasil. Al\u00e9m disso, a empresa se diferencia por sua atua\u00e7\u00e3o consultiva\u201d, comenta o Diretor Regional Minas Gerais e Centro-Oeste da Zurich no Brasil, Rog\u00e9rio Gebin.<\/p>\n<p>Para Marcio Benevides, Diretor Executivo de Distribui\u00e7\u00e3o da Zurich no Brasil, a expertise da Zurich e de seu parceiro estrat\u00e9gico TGL Corretora de Seguros fez toda a diferen\u00e7a para a expans\u00e3o da oferta de planos de previd\u00eancia da seguradora no mercado mineiro, j\u00e1 que esse \u00e9 um importante e cada vez mais necess\u00e1rio meio para as pessoas acumularem recursos para a aposentadoria. <\/p>\n<p>Diz Rogerio Araujo, propriet\u00e1rio da TGL: \u201cPercebemos que h\u00e1 muito potencial para a previd\u00eancia em Minas, seja pelos in\u00fameros benef\u00edcios que esse tipo de poupan\u00e7a proporciona para os projetos das pessoas no longo prazo, seja pelo aumento da conscientiza\u00e7\u00e3o de complementar a renda ap\u00f3s o per\u00edodo laboral\u201d.<\/p>\n<p><strong>Sobre a Zurich no Brasil<\/strong><br \/>\nA seguradora Zurich soma o conhecimento do mercado brasileiro, no qual tem mais de 80 anos de experi\u00eancia, \u00e0 expertise internacional em solu\u00e7\u00f5es de seguros multicanal. A Zurich atesta solidez financeira e segue r\u00edgido padr\u00e3o global de conduta, praticado em todas as suas opera\u00e7\u00f5es. Dedica-se a compreender as necessidades dos clientes e oferece solu\u00e7\u00f5es para pessoas f\u00edsicas e jur\u00eddicas, de pequenas empresas a multinacionais. Tendo o Brasil na sua estrat\u00e9gia de crescimento, e decidida a contribuir com o desenvolvimento social e econ\u00f4mico do pa\u00eds, visando o m\u00e9dio e longo prazo, a companhia disp\u00f5e de produtos e servi\u00e7os sob medida para este mercado. <\/p>\n<p>Saiba mais em www.zurich.com.br.  <\/p>\n<p><strong>Conte\u00fado Comunica\u00e7\u00e3o<\/strong><\/p>\n","protected":false},"excerpt":{"rendered":"<p>A Zurich fechou parceria com a corretora mineira TGL Seguros para comercializar planos de previd\u00eancia privada para empresas e pessoas f\u00edsicas no estado de Minas Gerais. A oferta desse tipo de produto \u00e9 mais um passo da empresa no estado, que cresceu na regi\u00e3o quase 30% no primeiro semestre de 2021 em compara\u00e7\u00e3o ao mesmo [&hellip;]<\/p>\n","protected":false},"author":2,"featured_media":28253,"comment_status":"open","ping_status":"open","sticky":false,"template":"","format":"standard","meta":[],"categories":[523],"tags":[],"jetpack_featured_media_url":"https:\/\/insurancecorp.com.br\/pt\/wp-content\/uploads\/2021\/08\/Aida-Palestra-15-scaled.jpg","yoast_head":"<!-- This site is optimized with the Yoast SEO plugin v14.8 - https:\/\/yoast.com\/wordpress\/plugins\/seo\/ -->\n<title>Zurich expande planos de previd\u00eancia em Minas Gerais | Revista Insurance Corp | PT-BR<\/title>\n<meta name=\"robots\" content=\"index, follow\" \/>\n<meta name=\"googlebot\" content=\"index, follow, max-snippet:-1, max-image-preview:large, max-video-preview:-1\" \/>\n<meta name=\"bingbot\" content=\"index, follow, max-snippet:-1, max-image-preview:large, max-video-preview:-1\" \/>\n<link rel=\"canonical\" href=\"https:\/\/insurancecorp.com.br\/pt\/2021\/08\/24\/zurich-expande-planos-de-previdencia-em-minas-gerais\/\" \/>\n<meta property=\"og:locale\" content=\"pt_BR\" \/>\n<meta property=\"og:type\" content=\"article\" \/>\n<meta property=\"og:title\" content=\"Zurich expande planos de previd\u00eancia em Minas Gerais | Revista Insurance Corp | PT-BR\" \/>\n<meta property=\"og:description\" content=\"A Zurich fechou parceria com a corretora mineira TGL Seguros para comercializar planos de previd\u00eancia privada para empresas e pessoas f\u00edsicas no estado de Minas Gerais. A oferta desse tipo de produto \u00e9 mais um passo da empresa no estado, que cresceu na regi\u00e3o quase 30% no primeiro semestre de 2021 em compara\u00e7\u00e3o ao mesmo [&hellip;]\" \/>\n<meta property=\"og:url\" content=\"https:\/\/insurancecorp.com.br\/pt\/2021\/08\/24\/zurich-expande-planos-de-previdencia-em-minas-gerais\/\" \/>\n<meta property=\"og:site_name\" content=\"Revista Insurance Corp | PT-BR\" \/>\n<meta property=\"article:publisher\" content=\"https:\/\/www.facebook.com\/RevistaInsuranceCorp\/\" \/>\n<meta property=\"article:published_time\" content=\"2021-08-24T17:50:00+00:00\" \/>\n<meta property=\"article:modified_time\" content=\"2021-08-24T19:15:50+00:00\" \/>\n<meta property=\"og:image\" content=\"https:\/\/insurancecorp.com.br\/pt\/wp-content\/uploads\/2021\/08\/Aida-Palestra-15-scaled.jpg\" \/>\n\t<meta property=\"og:image:width\" content=\"2560\" \/>\n\t<meta property=\"og:image:height\" content=\"1707\" \/>\n<meta name=\"twitter:card\" content=\"summary\" \/>\n<script type=\"application\/ld+json\" class=\"yoast-schema-graph\">{\"@context\":\"https:\/\/schema.org\",\"@graph\":[{\"@type\":\"Organization\",\"@id\":\"https:\/\/insurancecorp.com.br\/pt\/#organization\",\"name\":\"Revista Insurance Corp\",\"url\":\"https:\/\/insurancecorp.com.br\/pt\/\",\"sameAs\":[\"https:\/\/www.facebook.com\/RevistaInsuranceCorp\/\"],\"logo\":{\"@type\":\"ImageObject\",\"@id\":\"https:\/\/insurancecorp.com.br\/pt\/#logo\",\"inLanguage\":\"pt-BR\",\"url\":\"\",\"caption\":\"Revista Insurance Corp\"},\"image\":{\"@id\":\"https:\/\/insurancecorp.com.br\/pt\/#logo\"}},{\"@type\":\"WebSite\",\"@id\":\"https:\/\/insurancecorp.com.br\/pt\/#website\",\"url\":\"https:\/\/insurancecorp.com.br\/pt\/\",\"name\":\"Revista Insurance Corp | PT-BR\",\"description\":\"A \\u00fanica revista bil\\u00edngue voltada ao mercado de seguro.\",\"publisher\":{\"@id\":\"https:\/\/insurancecorp.com.br\/pt\/#organization\"},\"potentialAction\":[{\"@type\":\"SearchAction\",\"target\":\"https:\/\/insurancecorp.com.br\/pt\/?s={search_term_string}\",\"query-input\":\"required name=search_term_string\"}],\"inLanguage\":\"pt-BR\"},{\"@type\":\"ImageObject\",\"@id\":\"https:\/\/insurancecorp.com.br\/pt\/2021\/08\/24\/zurich-expande-planos-de-previdencia-em-minas-gerais\/#primaryimage\",\"inLanguage\":\"pt-BR\",\"url\":\"https:\/\/insurancecorp.com.br\/pt\/wp-content\/uploads\/2021\/08\/Aida-Palestra-15-scaled.jpg\",\"width\":2560,\"height\":1707,\"caption\":\"Marcio Benevides\"},{\"@type\":\"WebPage\",\"@id\":\"https:\/\/insurancecorp.com.br\/pt\/2021\/08\/24\/zurich-expande-planos-de-previdencia-em-minas-gerais\/#webpage\",\"url\":\"https:\/\/insurancecorp.com.br\/pt\/2021\/08\/24\/zurich-expande-planos-de-previdencia-em-minas-gerais\/\",\"name\":\"Zurich expande planos de previd\\u00eancia em Minas Gerais | Revista Insurance Corp | PT-BR\",\"isPartOf\":{\"@id\":\"https:\/\/insurancecorp.com.br\/pt\/#website\"},\"primaryImageOfPage\":{\"@id\":\"https:\/\/insurancecorp.com.br\/pt\/2021\/08\/24\/zurich-expande-planos-de-previdencia-em-minas-gerais\/#primaryimage\"},\"datePublished\":\"2021-08-24T17:50:00+00:00\",\"dateModified\":\"2021-08-24T19:15:50+00:00\",\"inLanguage\":\"pt-BR\",\"potentialAction\":[{\"@type\":\"ReadAction\",\"target\":[\"https:\/\/insurancecorp.com.br\/pt\/2021\/08\/24\/zurich-expande-planos-de-previdencia-em-minas-gerais\/\"]}]},{\"@type\":\"Article\",\"@id\":\"https:\/\/insurancecorp.com.br\/pt\/2021\/08\/24\/zurich-expande-planos-de-previdencia-em-minas-gerais\/#article\",\"isPartOf\":{\"@id\":\"https:\/\/insurancecorp.com.br\/pt\/2021\/08\/24\/zurich-expande-planos-de-previdencia-em-minas-gerais\/#webpage\"},\"author\":{\"@id\":\"https:\/\/insurancecorp.com.br\/pt\/#\/schema\/person\/1b69c8cf325f0b7167f1b171f52df4af\"},\"headline\":\"Zurich expande planos de previd\\u00eancia em Minas Gerais\",\"datePublished\":\"2021-08-24T17:50:00+00:00\",\"dateModified\":\"2021-08-24T19:15:50+00:00\",\"mainEntityOfPage\":{\"@id\":\"https:\/\/insurancecorp.com.br\/pt\/2021\/08\/24\/zurich-expande-planos-de-previdencia-em-minas-gerais\/#webpage\"},\"commentCount\":0,\"publisher\":{\"@id\":\"https:\/\/insurancecorp.com.br\/pt\/#organization\"},\"image\":{\"@id\":\"https:\/\/insurancecorp.com.br\/pt\/2021\/08\/24\/zurich-expande-planos-de-previdencia-em-minas-gerais\/#primaryimage\"},\"articleSection\":\"Zurich no Brasil\",\"inLanguage\":\"pt-BR\",\"potentialAction\":[{\"@type\":\"CommentAction\",\"name\":\"Comment\",\"target\":[\"https:\/\/insurancecorp.com.br\/pt\/2021\/08\/24\/zurich-expande-planos-de-previdencia-em-minas-gerais\/#respond\"]}]},{\"@type\":\"Person\",\"@id\":\"https:\/\/insurancecorp.com.br\/pt\/#\/schema\/person\/1b69c8cf325f0b7167f1b171f52df4af\",\"name\":\"Publica\\u00e7\\u00e3o\",\"image\":{\"@type\":\"ImageObject\",\"@id\":\"https:\/\/insurancecorp.com.br\/pt\/#personlogo\",\"inLanguage\":\"pt-BR\",\"url\":\"https:\/\/secure.gravatar.com\/avatar\/17226f1f60486eb25d4c6b301ffed37f?s=96&d=mm&r=g\",\"caption\":\"Publica\\u00e7\\u00e3o\"}}]}<\/script>\n<!-- \/ Yoast SEO plugin. -->","_links":{"self":[{"href":"https:\/\/insurancecorp.com.br\/pt\/wp-json\/wp\/v2\/posts\/28252"}],"collection":[{"href":"https:\/\/insurancecorp.com.br\/pt\/wp-json\/wp\/v2\/posts"}],"about":[{"href":"https:\/\/insurancecorp.com.br\/pt\/wp-json\/wp\/v2\/types\/post"}],"author":[{"embeddable":true,"href":"https:\/\/insurancecorp.com.br\/pt\/wp-json\/wp\/v2\/users\/2"}],"replies":[{"embeddable":true,"href":"https:\/\/insurancecorp.com.br\/pt\/wp-json\/wp\/v2\/comments?post=28252"}],"version-history":[{"count":1,"href":"https:\/\/insurancecorp.com.br\/pt\/wp-json\/wp\/v2\/posts\/28252\/revisions"}],"predecessor-version":[{"id":28254,"href":"https:\/\/insurancecorp.com.br\/pt\/wp-json\/wp\/v2\/posts\/28252\/revisions\/28254"}],"wp:featuredmedia":[{"embeddable":true,"href":"https:\/\/insurancecorp.com.br\/pt\/wp-json\/wp\/v2\/media\/28253"}],"wp:attachment":[{"href":"https:\/\/insurancecorp.com.br\/pt\/wp-json\/wp\/v2\/media?parent=28252"}],"wp:term":[{"taxonomy":"category","embeddable":true,"href":"https:\/\/insurancecorp.com.br\/pt\/wp-json\/wp\/v2\/categories?post=28252"},{"taxonomy":"post_tag","embeddable":true,"href":"https:\/\/insurancecorp.com.br\/pt\/wp-json\/wp\/v2\/tags?post=28252"}],"curies":[{"name":"wp","href":"https:\/\/api.w.org\/{rel}","templated":true}]}}