{"id":28044,"date":"2021-08-18T16:10:58","date_gmt":"2021-08-18T19:10:58","guid":{"rendered":"https:\/\/insurancecorp.com.br\/pt\/?p=28044"},"modified":"2021-08-18T16:11:55","modified_gmt":"2021-08-18T19:11:55","slug":"mesa-redonda-sobre-open-finance-reune-executivos-de-seguros","status":"publish","type":"post","link":"https:\/\/insurancecorp.com.br\/pt\/2021\/08\/18\/mesa-redonda-sobre-open-finance-reune-executivos-de-seguros\/","title":{"rendered":"Mesa redonda sobre Open Finance re\u00fane executivos de Seguros"},"content":{"rendered":"<p>As oportunidades para o mercado de seguros com o Open Finance &#8211; a integra\u00e7\u00e3o do Open Insurance com o Open Banking &#8211; \u00e9 o tema da mesa redonda virtual organizada pela Everis , do grupo NTT DATA, uma das dez maiores empresas globais de servi\u00e7os de TI. <\/p>\n<p>O evento contar\u00e1 com a media\u00e7\u00e3o de Alejandro Mor\u00e1n Marco, S\u00f3cio &#8211; Head do Setor P\u00fablico e Healthcare, e as participa\u00e7\u00f5es do fundador da 88i Seguradora Digital, Rodrigo Ventura, de Fabio Dragone, Diretor de Digital, CRM, Inova\u00e7\u00e3o e CX Bradesco Seguros,  Willians Monteiro, P3O, Digital Transformation, IT Innovation Mapfre Seguros e Zilea Barrilari, CIO Zurich. <\/p>\n<p>\u201cA concorr\u00eancia tende a aumentar significativamente e as novas oportunidades ser\u00e3o criadas atrav\u00e9s da oferta de produtos de seguros associados a produtos financeiros. Al\u00e9m disso, h\u00e1 possibilidade de parcerias para cria\u00e7\u00e3o de novos modelos de neg\u00f3cio e de distribui\u00e7\u00e3o\u201d, avalia Ventura. <\/p>\n<p>O debate, que acontecer\u00e1 nos canais  da Everis dia 18\/08 ser\u00e1 aberto a todos e as inscri\u00e7\u00f5es podem ser feitas   por aqui: https:\/\/www.eventials.com\/everis\/open-insurance-novos-desafios-para-o-setor-de-seguros-no-brasil\/<\/p>\n<p>Ceci Anett<\/p>\n","protected":false},"excerpt":{"rendered":"<p>As oportunidades para o mercado de seguros com o Open Finance &#8211; a integra\u00e7\u00e3o do Open Insurance com o Open Banking &#8211; \u00e9 o tema da mesa redonda virtual organizada pela Everis , do grupo NTT DATA, uma das dez maiores empresas globais de servi\u00e7os de TI. O evento contar\u00e1 com a media\u00e7\u00e3o de Alejandro [&hellip;]<\/p>\n","protected":false},"author":2,"featured_media":28045,"comment_status":"open","ping_status":"open","sticky":false,"template":"","format":"standard","meta":[],"categories":[387],"tags":[],"jetpack_featured_media_url":"https:\/\/insurancecorp.com.br\/pt\/wp-content\/uploads\/2021\/08\/allianz-13.png","yoast_head":"<!-- This site is optimized with the Yoast SEO plugin v14.8 - https:\/\/yoast.com\/wordpress\/plugins\/seo\/ -->\n<title>Mesa redonda sobre Open Finance re\u00fane executivos de Seguros | Revista Insurance Corp | PT-BR<\/title>\n<meta name=\"robots\" content=\"index, follow\" \/>\n<meta name=\"googlebot\" content=\"index, follow, max-snippet:-1, max-image-preview:large, max-video-preview:-1\" \/>\n<meta name=\"bingbot\" content=\"index, follow, max-snippet:-1, max-image-preview:large, max-video-preview:-1\" \/>\n<link rel=\"canonical\" href=\"https:\/\/insurancecorp.com.br\/pt\/2021\/08\/18\/mesa-redonda-sobre-open-finance-reune-executivos-de-seguros\/\" \/>\n<meta property=\"og:locale\" content=\"pt_BR\" \/>\n<meta property=\"og:type\" content=\"article\" \/>\n<meta property=\"og:title\" content=\"Mesa redonda sobre Open Finance re\u00fane executivos de Seguros | Revista Insurance Corp | PT-BR\" \/>\n<meta property=\"og:description\" content=\"As oportunidades para o mercado de seguros com o Open Finance &#8211; a integra\u00e7\u00e3o do Open Insurance com o Open Banking &#8211; \u00e9 o tema da mesa redonda virtual organizada pela Everis , do grupo NTT DATA, uma das dez maiores empresas globais de servi\u00e7os de TI. O evento contar\u00e1 com a media\u00e7\u00e3o de Alejandro [&hellip;]\" \/>\n<meta property=\"og:url\" content=\"https:\/\/insurancecorp.com.br\/pt\/2021\/08\/18\/mesa-redonda-sobre-open-finance-reune-executivos-de-seguros\/\" \/>\n<meta property=\"og:site_name\" content=\"Revista Insurance Corp | PT-BR\" \/>\n<meta property=\"article:publisher\" content=\"https:\/\/www.facebook.com\/RevistaInsuranceCorp\/\" \/>\n<meta property=\"article:published_time\" content=\"2021-08-18T19:10:58+00:00\" \/>\n<meta property=\"article:modified_time\" content=\"2021-08-18T19:11:55+00:00\" \/>\n<meta property=\"og:image\" content=\"https:\/\/insurancecorp.com.br\/pt\/wp-content\/uploads\/2021\/08\/allianz-13.png\" \/>\n\t<meta property=\"og:image:width\" content=\"2134\" \/>\n\t<meta property=\"og:image:height\" content=\"1600\" \/>\n<meta name=\"twitter:card\" content=\"summary\" \/>\n<script type=\"application\/ld+json\" class=\"yoast-schema-graph\">{\"@context\":\"https:\/\/schema.org\",\"@graph\":[{\"@type\":\"Organization\",\"@id\":\"https:\/\/insurancecorp.com.br\/pt\/#organization\",\"name\":\"Revista Insurance Corp\",\"url\":\"https:\/\/insurancecorp.com.br\/pt\/\",\"sameAs\":[\"https:\/\/www.facebook.com\/RevistaInsuranceCorp\/\"],\"logo\":{\"@type\":\"ImageObject\",\"@id\":\"https:\/\/insurancecorp.com.br\/pt\/#logo\",\"inLanguage\":\"pt-BR\",\"url\":\"\",\"caption\":\"Revista Insurance Corp\"},\"image\":{\"@id\":\"https:\/\/insurancecorp.com.br\/pt\/#logo\"}},{\"@type\":\"WebSite\",\"@id\":\"https:\/\/insurancecorp.com.br\/pt\/#website\",\"url\":\"https:\/\/insurancecorp.com.br\/pt\/\",\"name\":\"Revista Insurance Corp | PT-BR\",\"description\":\"A \\u00fanica revista bil\\u00edngue voltada ao mercado de seguro.\",\"publisher\":{\"@id\":\"https:\/\/insurancecorp.com.br\/pt\/#organization\"},\"potentialAction\":[{\"@type\":\"SearchAction\",\"target\":\"https:\/\/insurancecorp.com.br\/pt\/?s={search_term_string}\",\"query-input\":\"required name=search_term_string\"}],\"inLanguage\":\"pt-BR\"},{\"@type\":\"ImageObject\",\"@id\":\"https:\/\/insurancecorp.com.br\/pt\/2021\/08\/18\/mesa-redonda-sobre-open-finance-reune-executivos-de-seguros\/#primaryimage\",\"inLanguage\":\"pt-BR\",\"url\":\"https:\/\/insurancecorp.com.br\/pt\/wp-content\/uploads\/2021\/08\/allianz-13.png\",\"width\":2134,\"height\":1600},{\"@type\":\"WebPage\",\"@id\":\"https:\/\/insurancecorp.com.br\/pt\/2021\/08\/18\/mesa-redonda-sobre-open-finance-reune-executivos-de-seguros\/#webpage\",\"url\":\"https:\/\/insurancecorp.com.br\/pt\/2021\/08\/18\/mesa-redonda-sobre-open-finance-reune-executivos-de-seguros\/\",\"name\":\"Mesa redonda sobre Open Finance re\\u00fane executivos de Seguros | Revista Insurance Corp | PT-BR\",\"isPartOf\":{\"@id\":\"https:\/\/insurancecorp.com.br\/pt\/#website\"},\"primaryImageOfPage\":{\"@id\":\"https:\/\/insurancecorp.com.br\/pt\/2021\/08\/18\/mesa-redonda-sobre-open-finance-reune-executivos-de-seguros\/#primaryimage\"},\"datePublished\":\"2021-08-18T19:10:58+00:00\",\"dateModified\":\"2021-08-18T19:11:55+00:00\",\"inLanguage\":\"pt-BR\",\"potentialAction\":[{\"@type\":\"ReadAction\",\"target\":[\"https:\/\/insurancecorp.com.br\/pt\/2021\/08\/18\/mesa-redonda-sobre-open-finance-reune-executivos-de-seguros\/\"]}]},{\"@type\":\"Article\",\"@id\":\"https:\/\/insurancecorp.com.br\/pt\/2021\/08\/18\/mesa-redonda-sobre-open-finance-reune-executivos-de-seguros\/#article\",\"isPartOf\":{\"@id\":\"https:\/\/insurancecorp.com.br\/pt\/2021\/08\/18\/mesa-redonda-sobre-open-finance-reune-executivos-de-seguros\/#webpage\"},\"author\":{\"@id\":\"https:\/\/insurancecorp.com.br\/pt\/#\/schema\/person\/1b69c8cf325f0b7167f1b171f52df4af\"},\"headline\":\"Mesa redonda sobre Open Finance re\\u00fane executivos de Seguros\",\"datePublished\":\"2021-08-18T19:10:58+00:00\",\"dateModified\":\"2021-08-18T19:11:55+00:00\",\"mainEntityOfPage\":{\"@id\":\"https:\/\/insurancecorp.com.br\/pt\/2021\/08\/18\/mesa-redonda-sobre-open-finance-reune-executivos-de-seguros\/#webpage\"},\"commentCount\":0,\"publisher\":{\"@id\":\"https:\/\/insurancecorp.com.br\/pt\/#organization\"},\"image\":{\"@id\":\"https:\/\/insurancecorp.com.br\/pt\/2021\/08\/18\/mesa-redonda-sobre-open-finance-reune-executivos-de-seguros\/#primaryimage\"},\"articleSection\":\"everis Brasil\",\"inLanguage\":\"pt-BR\",\"potentialAction\":[{\"@type\":\"CommentAction\",\"name\":\"Comment\",\"target\":[\"https:\/\/insurancecorp.com.br\/pt\/2021\/08\/18\/mesa-redonda-sobre-open-finance-reune-executivos-de-seguros\/#respond\"]}]},{\"@type\":\"Person\",\"@id\":\"https:\/\/insurancecorp.com.br\/pt\/#\/schema\/person\/1b69c8cf325f0b7167f1b171f52df4af\",\"name\":\"Publica\\u00e7\\u00e3o\",\"image\":{\"@type\":\"ImageObject\",\"@id\":\"https:\/\/insurancecorp.com.br\/pt\/#personlogo\",\"inLanguage\":\"pt-BR\",\"url\":\"https:\/\/secure.gravatar.com\/avatar\/17226f1f60486eb25d4c6b301ffed37f?s=96&d=mm&r=g\",\"caption\":\"Publica\\u00e7\\u00e3o\"}}]}<\/script>\n<!-- \/ Yoast SEO plugin. -->","_links":{"self":[{"href":"https:\/\/insurancecorp.com.br\/pt\/wp-json\/wp\/v2\/posts\/28044"}],"collection":[{"href":"https:\/\/insurancecorp.com.br\/pt\/wp-json\/wp\/v2\/posts"}],"about":[{"href":"https:\/\/insurancecorp.com.br\/pt\/wp-json\/wp\/v2\/types\/post"}],"author":[{"embeddable":true,"href":"https:\/\/insurancecorp.com.br\/pt\/wp-json\/wp\/v2\/users\/2"}],"replies":[{"embeddable":true,"href":"https:\/\/insurancecorp.com.br\/pt\/wp-json\/wp\/v2\/comments?post=28044"}],"version-history":[{"count":1,"href":"https:\/\/insurancecorp.com.br\/pt\/wp-json\/wp\/v2\/posts\/28044\/revisions"}],"predecessor-version":[{"id":28046,"href":"https:\/\/insurancecorp.com.br\/pt\/wp-json\/wp\/v2\/posts\/28044\/revisions\/28046"}],"wp:featuredmedia":[{"embeddable":true,"href":"https:\/\/insurancecorp.com.br\/pt\/wp-json\/wp\/v2\/media\/28045"}],"wp:attachment":[{"href":"https:\/\/insurancecorp.com.br\/pt\/wp-json\/wp\/v2\/media?parent=28044"}],"wp:term":[{"taxonomy":"category","embeddable":true,"href":"https:\/\/insurancecorp.com.br\/pt\/wp-json\/wp\/v2\/categories?post=28044"},{"taxonomy":"post_tag","embeddable":true,"href":"https:\/\/insurancecorp.com.br\/pt\/wp-json\/wp\/v2\/tags?post=28044"}],"curies":[{"name":"wp","href":"https:\/\/api.w.org\/{rel}","templated":true}]}}