{"id":27912,"date":"2021-08-13T11:56:29","date_gmt":"2021-08-13T14:56:29","guid":{"rendered":"https:\/\/insurancecorp.com.br\/pt\/?p=27912"},"modified":"2021-08-13T12:06:49","modified_gmt":"2021-08-13T15:06:49","slug":"mateus-solano-e-miguel-thire-trazem-selfie-para-formato-digital","status":"publish","type":"post","link":"https:\/\/insurancecorp.com.br\/pt\/2021\/08\/13\/mateus-solano-e-miguel-thire-trazem-selfie-para-formato-digital\/","title":{"rendered":"Mateus Solano e Miguel Thir\u00e9 trazem \u2018Selfie\u2019 para formato digital"},"content":{"rendered":"<p>Depois do sucesso em 2019 nos palcos brasileiros, o Circuito Cultural Bradesco Seguros traz novamente o espet\u00e1culo \u2018Selfie\u2019 dessa vez em formato digital. Estrelada por Mateus Solano e Miguel Thir\u00e9, com dire\u00e7\u00e3o de Marcos Caruso e texto de Daniele Ocampo, a pe\u00e7a ser\u00e1 exibida hoje, sexta-feira, 13 de agosto, as 20 h, no canal oficial da Bradesco Seguros no YouTube. <\/p>\n<p>\u2018Selfie\u2019 conta a hist\u00f3ria de Cl\u00e1udio, um homem extremamente conectado que possui o h\u00e1bito de armazenar toda a sua vida em computadores, redes sociais e nuvens. Ele tem a ideia de criar um \u00fanico sistema que consiga armazenar todos os dados da vida de uma pessoa. S\u00f3 que os seus planos mudam quando, por causa de um incidente, suas mem\u00f3rias s\u00e3o apagadas. Ele ent\u00e3o, come\u00e7a uma busca por personagens da sua vida, com o intuito de recuperar as suas lembran\u00e7as e constituir sua hist\u00f3ria. <\/p>\n<p>&#8220;Dirigir \u2018Selfie\u2019 me proporciona discutir um tema extremamente contempor\u00e2neo. Tenho absoluta certeza de que o excelente texto de Dani Ocampo, as deliciosas e impec\u00e1veis interpreta\u00e7\u00f5es de Mateus Solano e Miguel Thir\u00e9, somados \u00e0 qualidade da equipe que comp\u00f5e este espet\u00e1culo, ap\u00f3s um trabalho ensaios e pesquisa, levar\u00e3o nossa audi\u00eancia a momentos de muita divers\u00e3o, emo\u00e7\u00e3o e reflex\u00e3o sobre uma quest\u00e3o fundamental da sociedade atual, principalmente nesse per\u00edodo do mundo&#8221;, detalha Marcos Caruso. <\/p>\n<p><strong>SOBRE O ESPET\u00c1CULO \u2018SELFIE\u2019 <\/strong><br \/>\nA pe\u00e7a conta a hist\u00f3ria de Claudio, (Mateus Solano) um homem super conectado que armazena toda a sua vida em computadores, redes sociais e nuvens. Debru\u00e7ado sobre um projeto de criar um sistema \u00fanico para armazenamento de todos os dados de uma pessoa, v\u00ea seu sonho ir \u00e1gua abaixo quando deixa cair um caf\u00e9 em seu equipamento, que sofre uma pane e apaga tudo. Ele ent\u00e3o torna-se um homem sem passado, j\u00e1 que n\u00e3o se lembra de nada, pois toda sua mem\u00f3ria era virtual. A partir da\u00ed, Claudio inicia uma saga em busca da mem\u00f3ria perdida, recorrendo a v\u00e1rios personagens de sua vida (onze, ao todo, vividos por Miguel Thir\u00e9) para reconstituir sua hist\u00f3ria. <\/p>\n<p><strong>Ideal H+K Strategies <\/strong><\/p>\n","protected":false},"excerpt":{"rendered":"<p>Depois do sucesso em 2019 nos palcos brasileiros, o Circuito Cultural Bradesco Seguros traz novamente o espet\u00e1culo \u2018Selfie\u2019 dessa vez em formato digital. Estrelada por Mateus Solano e Miguel Thir\u00e9, com dire\u00e7\u00e3o de Marcos Caruso e texto de Daniele Ocampo, a pe\u00e7a ser\u00e1 exibida hoje, sexta-feira, 13 de agosto, as 20 h, no canal oficial [&hellip;]<\/p>\n","protected":false},"author":2,"featured_media":27913,"comment_status":"open","ping_status":"open","sticky":false,"template":"","format":"standard","meta":[],"categories":[413],"tags":[],"jetpack_featured_media_url":"https:\/\/insurancecorp.com.br\/pt\/wp-content\/uploads\/2021\/08\/100-Melhores-Fornecedores-para-RH-3.jpeg","yoast_head":"<!-- This site is optimized with the Yoast SEO plugin v14.8 - https:\/\/yoast.com\/wordpress\/plugins\/seo\/ -->\n<title>Mateus Solano e Miguel Thir\u00e9 trazem \u2018Selfie\u2019 para formato digital | Revista Insurance Corp | PT-BR<\/title>\n<meta name=\"robots\" content=\"index, follow\" \/>\n<meta name=\"googlebot\" content=\"index, follow, max-snippet:-1, max-image-preview:large, max-video-preview:-1\" \/>\n<meta name=\"bingbot\" content=\"index, follow, max-snippet:-1, max-image-preview:large, max-video-preview:-1\" \/>\n<link rel=\"canonical\" href=\"https:\/\/insurancecorp.com.br\/pt\/2021\/08\/13\/mateus-solano-e-miguel-thire-trazem-selfie-para-formato-digital\/\" \/>\n<meta property=\"og:locale\" content=\"pt_BR\" \/>\n<meta property=\"og:type\" content=\"article\" \/>\n<meta property=\"og:title\" content=\"Mateus Solano e Miguel Thir\u00e9 trazem \u2018Selfie\u2019 para formato digital | Revista Insurance Corp | PT-BR\" \/>\n<meta property=\"og:description\" content=\"Depois do sucesso em 2019 nos palcos brasileiros, o Circuito Cultural Bradesco Seguros traz novamente o espet\u00e1culo \u2018Selfie\u2019 dessa vez em formato digital. Estrelada por Mateus Solano e Miguel Thir\u00e9, com dire\u00e7\u00e3o de Marcos Caruso e texto de Daniele Ocampo, a pe\u00e7a ser\u00e1 exibida hoje, sexta-feira, 13 de agosto, as 20 h, no canal oficial [&hellip;]\" \/>\n<meta property=\"og:url\" content=\"https:\/\/insurancecorp.com.br\/pt\/2021\/08\/13\/mateus-solano-e-miguel-thire-trazem-selfie-para-formato-digital\/\" \/>\n<meta property=\"og:site_name\" content=\"Revista Insurance Corp | PT-BR\" \/>\n<meta property=\"article:publisher\" content=\"https:\/\/www.facebook.com\/RevistaInsuranceCorp\/\" \/>\n<meta property=\"article:published_time\" content=\"2021-08-13T14:56:29+00:00\" \/>\n<meta property=\"article:modified_time\" content=\"2021-08-13T15:06:49+00:00\" \/>\n<meta property=\"og:image\" content=\"https:\/\/insurancecorp.com.br\/pt\/wp-content\/uploads\/2021\/08\/100-Melhores-Fornecedores-para-RH-3.jpeg\" \/>\n\t<meta property=\"og:image:width\" content=\"1023\" \/>\n\t<meta property=\"og:image:height\" content=\"768\" \/>\n<meta name=\"twitter:card\" content=\"summary\" \/>\n<script type=\"application\/ld+json\" class=\"yoast-schema-graph\">{\"@context\":\"https:\/\/schema.org\",\"@graph\":[{\"@type\":\"Organization\",\"@id\":\"https:\/\/insurancecorp.com.br\/pt\/#organization\",\"name\":\"Revista Insurance Corp\",\"url\":\"https:\/\/insurancecorp.com.br\/pt\/\",\"sameAs\":[\"https:\/\/www.facebook.com\/RevistaInsuranceCorp\/\"],\"logo\":{\"@type\":\"ImageObject\",\"@id\":\"https:\/\/insurancecorp.com.br\/pt\/#logo\",\"inLanguage\":\"pt-BR\",\"url\":\"\",\"caption\":\"Revista Insurance Corp\"},\"image\":{\"@id\":\"https:\/\/insurancecorp.com.br\/pt\/#logo\"}},{\"@type\":\"WebSite\",\"@id\":\"https:\/\/insurancecorp.com.br\/pt\/#website\",\"url\":\"https:\/\/insurancecorp.com.br\/pt\/\",\"name\":\"Revista Insurance Corp | PT-BR\",\"description\":\"A \\u00fanica revista bil\\u00edngue voltada ao mercado de seguro.\",\"publisher\":{\"@id\":\"https:\/\/insurancecorp.com.br\/pt\/#organization\"},\"potentialAction\":[{\"@type\":\"SearchAction\",\"target\":\"https:\/\/insurancecorp.com.br\/pt\/?s={search_term_string}\",\"query-input\":\"required name=search_term_string\"}],\"inLanguage\":\"pt-BR\"},{\"@type\":\"ImageObject\",\"@id\":\"https:\/\/insurancecorp.com.br\/pt\/2021\/08\/13\/mateus-solano-e-miguel-thire-trazem-selfie-para-formato-digital\/#primaryimage\",\"inLanguage\":\"pt-BR\",\"url\":\"https:\/\/insurancecorp.com.br\/pt\/wp-content\/uploads\/2021\/08\/100-Melhores-Fornecedores-para-RH-3.jpeg\",\"width\":1023,\"height\":768},{\"@type\":\"WebPage\",\"@id\":\"https:\/\/insurancecorp.com.br\/pt\/2021\/08\/13\/mateus-solano-e-miguel-thire-trazem-selfie-para-formato-digital\/#webpage\",\"url\":\"https:\/\/insurancecorp.com.br\/pt\/2021\/08\/13\/mateus-solano-e-miguel-thire-trazem-selfie-para-formato-digital\/\",\"name\":\"Mateus Solano e Miguel Thir\\u00e9 trazem \\u2018Selfie\\u2019 para formato digital | Revista Insurance Corp | PT-BR\",\"isPartOf\":{\"@id\":\"https:\/\/insurancecorp.com.br\/pt\/#website\"},\"primaryImageOfPage\":{\"@id\":\"https:\/\/insurancecorp.com.br\/pt\/2021\/08\/13\/mateus-solano-e-miguel-thire-trazem-selfie-para-formato-digital\/#primaryimage\"},\"datePublished\":\"2021-08-13T14:56:29+00:00\",\"dateModified\":\"2021-08-13T15:06:49+00:00\",\"inLanguage\":\"pt-BR\",\"potentialAction\":[{\"@type\":\"ReadAction\",\"target\":[\"https:\/\/insurancecorp.com.br\/pt\/2021\/08\/13\/mateus-solano-e-miguel-thire-trazem-selfie-para-formato-digital\/\"]}]},{\"@type\":\"Article\",\"@id\":\"https:\/\/insurancecorp.com.br\/pt\/2021\/08\/13\/mateus-solano-e-miguel-thire-trazem-selfie-para-formato-digital\/#article\",\"isPartOf\":{\"@id\":\"https:\/\/insurancecorp.com.br\/pt\/2021\/08\/13\/mateus-solano-e-miguel-thire-trazem-selfie-para-formato-digital\/#webpage\"},\"author\":{\"@id\":\"https:\/\/insurancecorp.com.br\/pt\/#\/schema\/person\/1b69c8cf325f0b7167f1b171f52df4af\"},\"headline\":\"Mateus Solano e Miguel Thir\\u00e9 trazem \\u2018Selfie\\u2019 para formato digital\",\"datePublished\":\"2021-08-13T14:56:29+00:00\",\"dateModified\":\"2021-08-13T15:06:49+00:00\",\"mainEntityOfPage\":{\"@id\":\"https:\/\/insurancecorp.com.br\/pt\/2021\/08\/13\/mateus-solano-e-miguel-thire-trazem-selfie-para-formato-digital\/#webpage\"},\"commentCount\":0,\"publisher\":{\"@id\":\"https:\/\/insurancecorp.com.br\/pt\/#organization\"},\"image\":{\"@id\":\"https:\/\/insurancecorp.com.br\/pt\/2021\/08\/13\/mateus-solano-e-miguel-thire-trazem-selfie-para-formato-digital\/#primaryimage\"},\"articleSection\":\"Bradesco Seguros\",\"inLanguage\":\"pt-BR\",\"potentialAction\":[{\"@type\":\"CommentAction\",\"name\":\"Comment\",\"target\":[\"https:\/\/insurancecorp.com.br\/pt\/2021\/08\/13\/mateus-solano-e-miguel-thire-trazem-selfie-para-formato-digital\/#respond\"]}]},{\"@type\":\"Person\",\"@id\":\"https:\/\/insurancecorp.com.br\/pt\/#\/schema\/person\/1b69c8cf325f0b7167f1b171f52df4af\",\"name\":\"Publica\\u00e7\\u00e3o\",\"image\":{\"@type\":\"ImageObject\",\"@id\":\"https:\/\/insurancecorp.com.br\/pt\/#personlogo\",\"inLanguage\":\"pt-BR\",\"url\":\"https:\/\/secure.gravatar.com\/avatar\/17226f1f60486eb25d4c6b301ffed37f?s=96&d=mm&r=g\",\"caption\":\"Publica\\u00e7\\u00e3o\"}}]}<\/script>\n<!-- \/ Yoast SEO plugin. -->","_links":{"self":[{"href":"https:\/\/insurancecorp.com.br\/pt\/wp-json\/wp\/v2\/posts\/27912"}],"collection":[{"href":"https:\/\/insurancecorp.com.br\/pt\/wp-json\/wp\/v2\/posts"}],"about":[{"href":"https:\/\/insurancecorp.com.br\/pt\/wp-json\/wp\/v2\/types\/post"}],"author":[{"embeddable":true,"href":"https:\/\/insurancecorp.com.br\/pt\/wp-json\/wp\/v2\/users\/2"}],"replies":[{"embeddable":true,"href":"https:\/\/insurancecorp.com.br\/pt\/wp-json\/wp\/v2\/comments?post=27912"}],"version-history":[{"count":4,"href":"https:\/\/insurancecorp.com.br\/pt\/wp-json\/wp\/v2\/posts\/27912\/revisions"}],"predecessor-version":[{"id":27917,"href":"https:\/\/insurancecorp.com.br\/pt\/wp-json\/wp\/v2\/posts\/27912\/revisions\/27917"}],"wp:featuredmedia":[{"embeddable":true,"href":"https:\/\/insurancecorp.com.br\/pt\/wp-json\/wp\/v2\/media\/27913"}],"wp:attachment":[{"href":"https:\/\/insurancecorp.com.br\/pt\/wp-json\/wp\/v2\/media?parent=27912"}],"wp:term":[{"taxonomy":"category","embeddable":true,"href":"https:\/\/insurancecorp.com.br\/pt\/wp-json\/wp\/v2\/categories?post=27912"},{"taxonomy":"post_tag","embeddable":true,"href":"https:\/\/insurancecorp.com.br\/pt\/wp-json\/wp\/v2\/tags?post=27912"}],"curies":[{"name":"wp","href":"https:\/\/api.w.org\/{rel}","templated":true}]}}