{"id":27762,"date":"2021-08-06T20:56:57","date_gmt":"2021-08-06T23:56:57","guid":{"rendered":"https:\/\/insurancecorp.com.br\/pt\/?p=27762"},"modified":"2021-08-06T21:00:24","modified_gmt":"2021-08-07T00:00:24","slug":"bradesco-seguros-contratacao-de-carro-reserva-auxilia-consumidores-em-tempos-de-pandemia","status":"publish","type":"post","link":"https:\/\/insurancecorp.com.br\/pt\/2021\/08\/06\/bradesco-seguros-contratacao-de-carro-reserva-auxilia-consumidores-em-tempos-de-pandemia\/","title":{"rendered":"Bradesco seguros: contrata\u00e7\u00e3o de carro reserva auxilia consumidores em tempos de pandemia"},"content":{"rendered":"<p>A Bradesco Seguros orienta consumidores sobre a op\u00e7\u00e3o de contrata\u00e7\u00e3o do servi\u00e7o de carro reserva, no momento da contrata\u00e7\u00e3o de seu seguro de autom\u00f3veis e, de prefer\u00eancia, pelo maior tempo poss\u00edvel, principalmente em tempos de adversidade. Atualmente, em raz\u00e3o das consequ\u00eancias da pandemia, o mercado de autope\u00e7as apresenta desequil\u00edbrio na oferta de insumos, o que reflete no trabalho e no prazo necess\u00e1rio \u00e0 realiza\u00e7\u00e3o da repara\u00e7\u00e3o dos ve\u00edculos. Desta forma, a op\u00e7\u00e3o do carro reserva \u00e9 um trunfo para evitar gastos extras com mobilidade. <\/p>\n<p>O carro reserva pode ser utilizado por um per\u00edodo determinado, quando o ve\u00edculo do usu\u00e1rio se encontra indispon\u00edvel para utiliza\u00e7\u00e3o ap\u00f3s sofrer algum tipo de dano coberto pelo seguro, que inclui colis\u00e3o, inc\u00eandio, queda de raio, situa\u00e7\u00f5es de alagamento, entre outros sinistros. <\/p>\n<p>A Bradesco Auto\/RE conta com servi\u00e7os b\u00e1sico ou plus, que possibilitam a utiliza\u00e7\u00e3o de um carro por 7, 15 ou 30 dias, em caso de sinistro de dano parcial ou indeniza\u00e7\u00e3o integral.<\/p>\n<p>\u201cA contrata\u00e7\u00e3o do carro reserva gera praticidade e conforto, para que o cliente mantenha sua autonomia em compromissos do dia a dia. O consumidor pode consultar um corretor especialista para adquirir o servi\u00e7o no momento de contrata\u00e7\u00e3o do seguro de seu autom\u00f3vel\u201d, destaca Eduardo Menezes, superintendente executivo de produto Auto.<\/p>\n<p>Para mais informa\u00e7\u00f5es sobre a contrata\u00e7\u00e3o do servi\u00e7o, entre em contato com a seguradora, atrav\u00e9s dos telefones: <\/p>\n<p>\u2022\t4004 2757 Capitais e regi\u00f5es metropolitanas<br \/>\n\u2022\t0800 701 2757 Demais regi\u00f5es<br \/>\n\u2022\t0800 701 2762 Defici\u00eancia auditiva ou de fala<\/p>\n<p><strong>Approach Comunica\u00e7\u00e3o<\/strong><\/p>\n","protected":false},"excerpt":{"rendered":"<p>A Bradesco Seguros orienta consumidores sobre a op\u00e7\u00e3o de contrata\u00e7\u00e3o do servi\u00e7o de carro reserva, no momento da contrata\u00e7\u00e3o de seu seguro de autom\u00f3veis e, de prefer\u00eancia, pelo maior tempo poss\u00edvel, principalmente em tempos de adversidade. Atualmente, em raz\u00e3o das consequ\u00eancias da pandemia, o mercado de autope\u00e7as apresenta desequil\u00edbrio na oferta de insumos, o que [&hellip;]<\/p>\n","protected":false},"author":2,"featured_media":27763,"comment_status":"open","ping_status":"open","sticky":false,"template":"","format":"standard","meta":[],"categories":[413],"tags":[],"jetpack_featured_media_url":"https:\/\/insurancecorp.com.br\/pt\/wp-content\/uploads\/2021\/08\/Amo-minha-turma-1-scaled.jpg","yoast_head":"<!-- This site is optimized with the Yoast SEO plugin v14.8 - https:\/\/yoast.com\/wordpress\/plugins\/seo\/ -->\n<title>Bradesco seguros: contrata\u00e7\u00e3o de carro reserva auxilia consumidores em tempos de pandemia | Revista Insurance Corp | PT-BR<\/title>\n<meta name=\"robots\" content=\"index, follow\" \/>\n<meta name=\"googlebot\" content=\"index, follow, max-snippet:-1, max-image-preview:large, max-video-preview:-1\" \/>\n<meta name=\"bingbot\" content=\"index, follow, max-snippet:-1, max-image-preview:large, max-video-preview:-1\" \/>\n<link rel=\"canonical\" href=\"https:\/\/insurancecorp.com.br\/pt\/2021\/08\/06\/bradesco-seguros-contratacao-de-carro-reserva-auxilia-consumidores-em-tempos-de-pandemia\/\" \/>\n<meta property=\"og:locale\" content=\"pt_BR\" \/>\n<meta property=\"og:type\" content=\"article\" \/>\n<meta property=\"og:title\" content=\"Bradesco seguros: contrata\u00e7\u00e3o de carro reserva auxilia consumidores em tempos de pandemia | Revista Insurance Corp | PT-BR\" \/>\n<meta property=\"og:description\" content=\"A Bradesco Seguros orienta consumidores sobre a op\u00e7\u00e3o de contrata\u00e7\u00e3o do servi\u00e7o de carro reserva, no momento da contrata\u00e7\u00e3o de seu seguro de autom\u00f3veis e, de prefer\u00eancia, pelo maior tempo poss\u00edvel, principalmente em tempos de adversidade. Atualmente, em raz\u00e3o das consequ\u00eancias da pandemia, o mercado de autope\u00e7as apresenta desequil\u00edbrio na oferta de insumos, o que [&hellip;]\" \/>\n<meta property=\"og:url\" content=\"https:\/\/insurancecorp.com.br\/pt\/2021\/08\/06\/bradesco-seguros-contratacao-de-carro-reserva-auxilia-consumidores-em-tempos-de-pandemia\/\" \/>\n<meta property=\"og:site_name\" content=\"Revista Insurance Corp | PT-BR\" \/>\n<meta property=\"article:publisher\" content=\"https:\/\/www.facebook.com\/RevistaInsuranceCorp\/\" \/>\n<meta property=\"article:published_time\" content=\"2021-08-06T23:56:57+00:00\" \/>\n<meta property=\"article:modified_time\" content=\"2021-08-07T00:00:24+00:00\" \/>\n<meta property=\"og:image\" content=\"https:\/\/insurancecorp.com.br\/pt\/wp-content\/uploads\/2021\/08\/Amo-minha-turma-1-scaled.jpg\" \/>\n\t<meta property=\"og:image:width\" content=\"2560\" \/>\n\t<meta property=\"og:image:height\" content=\"1707\" \/>\n<meta name=\"twitter:card\" content=\"summary\" \/>\n<script type=\"application\/ld+json\" class=\"yoast-schema-graph\">{\"@context\":\"https:\/\/schema.org\",\"@graph\":[{\"@type\":\"Organization\",\"@id\":\"https:\/\/insurancecorp.com.br\/pt\/#organization\",\"name\":\"Revista Insurance Corp\",\"url\":\"https:\/\/insurancecorp.com.br\/pt\/\",\"sameAs\":[\"https:\/\/www.facebook.com\/RevistaInsuranceCorp\/\"],\"logo\":{\"@type\":\"ImageObject\",\"@id\":\"https:\/\/insurancecorp.com.br\/pt\/#logo\",\"inLanguage\":\"pt-BR\",\"url\":\"\",\"caption\":\"Revista Insurance Corp\"},\"image\":{\"@id\":\"https:\/\/insurancecorp.com.br\/pt\/#logo\"}},{\"@type\":\"WebSite\",\"@id\":\"https:\/\/insurancecorp.com.br\/pt\/#website\",\"url\":\"https:\/\/insurancecorp.com.br\/pt\/\",\"name\":\"Revista Insurance Corp | PT-BR\",\"description\":\"A \\u00fanica revista bil\\u00edngue voltada ao mercado de seguro.\",\"publisher\":{\"@id\":\"https:\/\/insurancecorp.com.br\/pt\/#organization\"},\"potentialAction\":[{\"@type\":\"SearchAction\",\"target\":\"https:\/\/insurancecorp.com.br\/pt\/?s={search_term_string}\",\"query-input\":\"required name=search_term_string\"}],\"inLanguage\":\"pt-BR\"},{\"@type\":\"ImageObject\",\"@id\":\"https:\/\/insurancecorp.com.br\/pt\/2021\/08\/06\/bradesco-seguros-contratacao-de-carro-reserva-auxilia-consumidores-em-tempos-de-pandemia\/#primaryimage\",\"inLanguage\":\"pt-BR\",\"url\":\"https:\/\/insurancecorp.com.br\/pt\/wp-content\/uploads\/2021\/08\/Amo-minha-turma-1-scaled.jpg\",\"width\":2560,\"height\":1707},{\"@type\":\"WebPage\",\"@id\":\"https:\/\/insurancecorp.com.br\/pt\/2021\/08\/06\/bradesco-seguros-contratacao-de-carro-reserva-auxilia-consumidores-em-tempos-de-pandemia\/#webpage\",\"url\":\"https:\/\/insurancecorp.com.br\/pt\/2021\/08\/06\/bradesco-seguros-contratacao-de-carro-reserva-auxilia-consumidores-em-tempos-de-pandemia\/\",\"name\":\"Bradesco seguros: contrata\\u00e7\\u00e3o de carro reserva auxilia consumidores em tempos de pandemia | Revista Insurance Corp | PT-BR\",\"isPartOf\":{\"@id\":\"https:\/\/insurancecorp.com.br\/pt\/#website\"},\"primaryImageOfPage\":{\"@id\":\"https:\/\/insurancecorp.com.br\/pt\/2021\/08\/06\/bradesco-seguros-contratacao-de-carro-reserva-auxilia-consumidores-em-tempos-de-pandemia\/#primaryimage\"},\"datePublished\":\"2021-08-06T23:56:57+00:00\",\"dateModified\":\"2021-08-07T00:00:24+00:00\",\"inLanguage\":\"pt-BR\",\"potentialAction\":[{\"@type\":\"ReadAction\",\"target\":[\"https:\/\/insurancecorp.com.br\/pt\/2021\/08\/06\/bradesco-seguros-contratacao-de-carro-reserva-auxilia-consumidores-em-tempos-de-pandemia\/\"]}]},{\"@type\":\"Article\",\"@id\":\"https:\/\/insurancecorp.com.br\/pt\/2021\/08\/06\/bradesco-seguros-contratacao-de-carro-reserva-auxilia-consumidores-em-tempos-de-pandemia\/#article\",\"isPartOf\":{\"@id\":\"https:\/\/insurancecorp.com.br\/pt\/2021\/08\/06\/bradesco-seguros-contratacao-de-carro-reserva-auxilia-consumidores-em-tempos-de-pandemia\/#webpage\"},\"author\":{\"@id\":\"https:\/\/insurancecorp.com.br\/pt\/#\/schema\/person\/1b69c8cf325f0b7167f1b171f52df4af\"},\"headline\":\"Bradesco seguros: contrata\\u00e7\\u00e3o de carro reserva auxilia consumidores em tempos de pandemia\",\"datePublished\":\"2021-08-06T23:56:57+00:00\",\"dateModified\":\"2021-08-07T00:00:24+00:00\",\"mainEntityOfPage\":{\"@id\":\"https:\/\/insurancecorp.com.br\/pt\/2021\/08\/06\/bradesco-seguros-contratacao-de-carro-reserva-auxilia-consumidores-em-tempos-de-pandemia\/#webpage\"},\"commentCount\":0,\"publisher\":{\"@id\":\"https:\/\/insurancecorp.com.br\/pt\/#organization\"},\"image\":{\"@id\":\"https:\/\/insurancecorp.com.br\/pt\/2021\/08\/06\/bradesco-seguros-contratacao-de-carro-reserva-auxilia-consumidores-em-tempos-de-pandemia\/#primaryimage\"},\"articleSection\":\"Bradesco Seguros\",\"inLanguage\":\"pt-BR\",\"potentialAction\":[{\"@type\":\"CommentAction\",\"name\":\"Comment\",\"target\":[\"https:\/\/insurancecorp.com.br\/pt\/2021\/08\/06\/bradesco-seguros-contratacao-de-carro-reserva-auxilia-consumidores-em-tempos-de-pandemia\/#respond\"]}]},{\"@type\":\"Person\",\"@id\":\"https:\/\/insurancecorp.com.br\/pt\/#\/schema\/person\/1b69c8cf325f0b7167f1b171f52df4af\",\"name\":\"Publica\\u00e7\\u00e3o\",\"image\":{\"@type\":\"ImageObject\",\"@id\":\"https:\/\/insurancecorp.com.br\/pt\/#personlogo\",\"inLanguage\":\"pt-BR\",\"url\":\"https:\/\/secure.gravatar.com\/avatar\/17226f1f60486eb25d4c6b301ffed37f?s=96&d=mm&r=g\",\"caption\":\"Publica\\u00e7\\u00e3o\"}}]}<\/script>\n<!-- \/ Yoast SEO plugin. -->","_links":{"self":[{"href":"https:\/\/insurancecorp.com.br\/pt\/wp-json\/wp\/v2\/posts\/27762"}],"collection":[{"href":"https:\/\/insurancecorp.com.br\/pt\/wp-json\/wp\/v2\/posts"}],"about":[{"href":"https:\/\/insurancecorp.com.br\/pt\/wp-json\/wp\/v2\/types\/post"}],"author":[{"embeddable":true,"href":"https:\/\/insurancecorp.com.br\/pt\/wp-json\/wp\/v2\/users\/2"}],"replies":[{"embeddable":true,"href":"https:\/\/insurancecorp.com.br\/pt\/wp-json\/wp\/v2\/comments?post=27762"}],"version-history":[{"count":1,"href":"https:\/\/insurancecorp.com.br\/pt\/wp-json\/wp\/v2\/posts\/27762\/revisions"}],"predecessor-version":[{"id":27764,"href":"https:\/\/insurancecorp.com.br\/pt\/wp-json\/wp\/v2\/posts\/27762\/revisions\/27764"}],"wp:featuredmedia":[{"embeddable":true,"href":"https:\/\/insurancecorp.com.br\/pt\/wp-json\/wp\/v2\/media\/27763"}],"wp:attachment":[{"href":"https:\/\/insurancecorp.com.br\/pt\/wp-json\/wp\/v2\/media?parent=27762"}],"wp:term":[{"taxonomy":"category","embeddable":true,"href":"https:\/\/insurancecorp.com.br\/pt\/wp-json\/wp\/v2\/categories?post=27762"},{"taxonomy":"post_tag","embeddable":true,"href":"https:\/\/insurancecorp.com.br\/pt\/wp-json\/wp\/v2\/tags?post=27762"}],"curies":[{"name":"wp","href":"https:\/\/api.w.org\/{rel}","templated":true}]}}