{"id":27670,"date":"2021-08-04T13:42:20","date_gmt":"2021-08-04T16:42:20","guid":{"rendered":"https:\/\/insurancecorp.com.br\/pt\/?p=27670"},"modified":"2021-08-04T13:52:02","modified_gmt":"2021-08-04T16:52:02","slug":"aon-assina-compromisso-para-inclusao-de-pessoas-com-deficiencia","status":"publish","type":"post","link":"https:\/\/insurancecorp.com.br\/pt\/2021\/08\/04\/aon-assina-compromisso-para-inclusao-de-pessoas-com-deficiencia\/","title":{"rendered":"Aon assina compromisso para inclus\u00e3o de pessoas com defici\u00eancia"},"content":{"rendered":"<p>A consultoria e corretora de seguros Aon assina em 5 de agosto mais um compromisso voltado \u00e0 inclus\u00e3o e diversidade, agora para pessoas com defici\u00eancia. O objetivo \u00e9 criar um ambiente de neg\u00f3cios mais inclusivo para garantir o acesso dessas pessoas ao mercado de trabalho formal.<\/p>\n<p>Ao assinar o pacto, a Aon se compromete a: envolver a alta lideran\u00e7a em iniciativas de respeito e promo\u00e7\u00e3o dos direitos das Pessoas com Defici\u00eancia; desenvolver pol\u00edticas e procedimentos com vistas \u00e0s a\u00e7\u00f5es afirmativas, em todos os \u00e2mbitos da organiza\u00e7\u00e3o; promover cultura e ambiente inclusivos e acess\u00edveis a todas as pessoas com defici\u00eancia; comunicar e educar para o respeito dos direitos e deveres das pessoas com defici\u00eancia; e incluir a quest\u00e3o da defici\u00eancia na estrat\u00e9gia da empresa, bem como no planejamento de produtos, servi\u00e7os e atendimento a clientes. <\/p>\n<p>Em 24 de julho de 2021, a Lei de Cotas completou 30 anos. A assinatura do pacto ser\u00e1 feita pelo CEO da Aon Brasil, Marcelo Homburguer, e pelo CEO da Aon Resseguros Brasil, Antonio Jorge Rodrigues, junto \u00e0 Rede Empresarial de Inclus\u00e3o Social (REIS): https:\/\/www.redeempresarialdeinclusao.com\/ <\/p>\n<p>A Aon j\u00e1 possui uma s\u00e9rie de iniciativas para diversidade racial, de g\u00eanero, LGBTQIA+ e para pessoas com defici\u00eancia. No Brasil, a empresa \u00e9 signat\u00e1ria dos 10 Princ\u00edpios da Igualdade de G\u00eanero, da ONU Mulheres; dos 10 Compromissos da Empresa com a Promo\u00e7\u00e3o da Igualdade Racial, da Iniciativa Empresarial; dos 10 Compromissos da Empresa com a Promo\u00e7\u00e3o dos Direitos LGBTI+, do F\u00f3rum de Empresas e Direitos LGBTI+; e da Rede Empresarial de Inclus\u00e3o Social pela Empregabilidade da Pessoa com Defici\u00eancia. <\/p>\n<p><strong>FSB Comunica\u00e7\u00e3o<\/strong><\/p>\n","protected":false},"excerpt":{"rendered":"<p>A consultoria e corretora de seguros Aon assina em 5 de agosto mais um compromisso voltado \u00e0 inclus\u00e3o e diversidade, agora para pessoas com defici\u00eancia. O objetivo \u00e9 criar um ambiente de neg\u00f3cios mais inclusivo para garantir o acesso dessas pessoas ao mercado de trabalho formal. Ao assinar o pacto, a Aon se compromete a: [&hellip;]<\/p>\n","protected":false},"author":2,"featured_media":27673,"comment_status":"open","ping_status":"open","sticky":false,"template":"","format":"standard","meta":[],"categories":[440],"tags":[],"jetpack_featured_media_url":"https:\/\/insurancecorp.com.br\/pt\/wp-content\/uploads\/2021\/08\/academia-Travelers-2.jpg","yoast_head":"<!-- This site is optimized with the Yoast SEO plugin v14.8 - https:\/\/yoast.com\/wordpress\/plugins\/seo\/ -->\n<title>Aon assina compromisso para inclus\u00e3o de pessoas com defici\u00eancia | Revista Insurance Corp | PT-BR<\/title>\n<meta name=\"robots\" content=\"index, follow\" \/>\n<meta name=\"googlebot\" content=\"index, follow, max-snippet:-1, max-image-preview:large, max-video-preview:-1\" \/>\n<meta name=\"bingbot\" content=\"index, follow, max-snippet:-1, max-image-preview:large, max-video-preview:-1\" \/>\n<link rel=\"canonical\" href=\"https:\/\/insurancecorp.com.br\/pt\/2021\/08\/04\/aon-assina-compromisso-para-inclusao-de-pessoas-com-deficiencia\/\" \/>\n<meta property=\"og:locale\" content=\"pt_BR\" \/>\n<meta property=\"og:type\" content=\"article\" \/>\n<meta property=\"og:title\" content=\"Aon assina compromisso para inclus\u00e3o de pessoas com defici\u00eancia | Revista Insurance Corp | PT-BR\" \/>\n<meta property=\"og:description\" content=\"A consultoria e corretora de seguros Aon assina em 5 de agosto mais um compromisso voltado \u00e0 inclus\u00e3o e diversidade, agora para pessoas com defici\u00eancia. O objetivo \u00e9 criar um ambiente de neg\u00f3cios mais inclusivo para garantir o acesso dessas pessoas ao mercado de trabalho formal. Ao assinar o pacto, a Aon se compromete a: [&hellip;]\" \/>\n<meta property=\"og:url\" content=\"https:\/\/insurancecorp.com.br\/pt\/2021\/08\/04\/aon-assina-compromisso-para-inclusao-de-pessoas-com-deficiencia\/\" \/>\n<meta property=\"og:site_name\" content=\"Revista Insurance Corp | PT-BR\" \/>\n<meta property=\"article:publisher\" content=\"https:\/\/www.facebook.com\/RevistaInsuranceCorp\/\" \/>\n<meta property=\"article:published_time\" content=\"2021-08-04T16:42:20+00:00\" \/>\n<meta property=\"article:modified_time\" content=\"2021-08-04T16:52:02+00:00\" \/>\n<meta property=\"og:image\" content=\"https:\/\/insurancecorp.com.br\/pt\/wp-content\/uploads\/2021\/08\/academia-Travelers-2.jpg\" \/>\n\t<meta property=\"og:image:width\" content=\"1280\" \/>\n\t<meta property=\"og:image:height\" content=\"850\" \/>\n<meta name=\"twitter:card\" content=\"summary\" \/>\n<script type=\"application\/ld+json\" class=\"yoast-schema-graph\">{\"@context\":\"https:\/\/schema.org\",\"@graph\":[{\"@type\":\"Organization\",\"@id\":\"https:\/\/insurancecorp.com.br\/pt\/#organization\",\"name\":\"Revista Insurance Corp\",\"url\":\"https:\/\/insurancecorp.com.br\/pt\/\",\"sameAs\":[\"https:\/\/www.facebook.com\/RevistaInsuranceCorp\/\"],\"logo\":{\"@type\":\"ImageObject\",\"@id\":\"https:\/\/insurancecorp.com.br\/pt\/#logo\",\"inLanguage\":\"pt-BR\",\"url\":\"\",\"caption\":\"Revista Insurance Corp\"},\"image\":{\"@id\":\"https:\/\/insurancecorp.com.br\/pt\/#logo\"}},{\"@type\":\"WebSite\",\"@id\":\"https:\/\/insurancecorp.com.br\/pt\/#website\",\"url\":\"https:\/\/insurancecorp.com.br\/pt\/\",\"name\":\"Revista Insurance Corp | PT-BR\",\"description\":\"A \\u00fanica revista bil\\u00edngue voltada ao mercado de seguro.\",\"publisher\":{\"@id\":\"https:\/\/insurancecorp.com.br\/pt\/#organization\"},\"potentialAction\":[{\"@type\":\"SearchAction\",\"target\":\"https:\/\/insurancecorp.com.br\/pt\/?s={search_term_string}\",\"query-input\":\"required name=search_term_string\"}],\"inLanguage\":\"pt-BR\"},{\"@type\":\"ImageObject\",\"@id\":\"https:\/\/insurancecorp.com.br\/pt\/2021\/08\/04\/aon-assina-compromisso-para-inclusao-de-pessoas-com-deficiencia\/#primaryimage\",\"inLanguage\":\"pt-BR\",\"url\":\"https:\/\/insurancecorp.com.br\/pt\/wp-content\/uploads\/2021\/08\/academia-Travelers-2.jpg\",\"width\":1280,\"height\":850},{\"@type\":\"WebPage\",\"@id\":\"https:\/\/insurancecorp.com.br\/pt\/2021\/08\/04\/aon-assina-compromisso-para-inclusao-de-pessoas-com-deficiencia\/#webpage\",\"url\":\"https:\/\/insurancecorp.com.br\/pt\/2021\/08\/04\/aon-assina-compromisso-para-inclusao-de-pessoas-com-deficiencia\/\",\"name\":\"Aon assina compromisso para inclus\\u00e3o de pessoas com defici\\u00eancia | Revista Insurance Corp | PT-BR\",\"isPartOf\":{\"@id\":\"https:\/\/insurancecorp.com.br\/pt\/#website\"},\"primaryImageOfPage\":{\"@id\":\"https:\/\/insurancecorp.com.br\/pt\/2021\/08\/04\/aon-assina-compromisso-para-inclusao-de-pessoas-com-deficiencia\/#primaryimage\"},\"datePublished\":\"2021-08-04T16:42:20+00:00\",\"dateModified\":\"2021-08-04T16:52:02+00:00\",\"inLanguage\":\"pt-BR\",\"potentialAction\":[{\"@type\":\"ReadAction\",\"target\":[\"https:\/\/insurancecorp.com.br\/pt\/2021\/08\/04\/aon-assina-compromisso-para-inclusao-de-pessoas-com-deficiencia\/\"]}]},{\"@type\":\"Article\",\"@id\":\"https:\/\/insurancecorp.com.br\/pt\/2021\/08\/04\/aon-assina-compromisso-para-inclusao-de-pessoas-com-deficiencia\/#article\",\"isPartOf\":{\"@id\":\"https:\/\/insurancecorp.com.br\/pt\/2021\/08\/04\/aon-assina-compromisso-para-inclusao-de-pessoas-com-deficiencia\/#webpage\"},\"author\":{\"@id\":\"https:\/\/insurancecorp.com.br\/pt\/#\/schema\/person\/1b69c8cf325f0b7167f1b171f52df4af\"},\"headline\":\"Aon assina compromisso para inclus\\u00e3o de pessoas com defici\\u00eancia\",\"datePublished\":\"2021-08-04T16:42:20+00:00\",\"dateModified\":\"2021-08-04T16:52:02+00:00\",\"mainEntityOfPage\":{\"@id\":\"https:\/\/insurancecorp.com.br\/pt\/2021\/08\/04\/aon-assina-compromisso-para-inclusao-de-pessoas-com-deficiencia\/#webpage\"},\"commentCount\":0,\"publisher\":{\"@id\":\"https:\/\/insurancecorp.com.br\/pt\/#organization\"},\"image\":{\"@id\":\"https:\/\/insurancecorp.com.br\/pt\/2021\/08\/04\/aon-assina-compromisso-para-inclusao-de-pessoas-com-deficiencia\/#primaryimage\"},\"articleSection\":\"Aon Seguros\",\"inLanguage\":\"pt-BR\",\"potentialAction\":[{\"@type\":\"CommentAction\",\"name\":\"Comment\",\"target\":[\"https:\/\/insurancecorp.com.br\/pt\/2021\/08\/04\/aon-assina-compromisso-para-inclusao-de-pessoas-com-deficiencia\/#respond\"]}]},{\"@type\":\"Person\",\"@id\":\"https:\/\/insurancecorp.com.br\/pt\/#\/schema\/person\/1b69c8cf325f0b7167f1b171f52df4af\",\"name\":\"Publica\\u00e7\\u00e3o\",\"image\":{\"@type\":\"ImageObject\",\"@id\":\"https:\/\/insurancecorp.com.br\/pt\/#personlogo\",\"inLanguage\":\"pt-BR\",\"url\":\"https:\/\/secure.gravatar.com\/avatar\/17226f1f60486eb25d4c6b301ffed37f?s=96&d=mm&r=g\",\"caption\":\"Publica\\u00e7\\u00e3o\"}}]}<\/script>\n<!-- \/ Yoast SEO plugin. -->","_links":{"self":[{"href":"https:\/\/insurancecorp.com.br\/pt\/wp-json\/wp\/v2\/posts\/27670"}],"collection":[{"href":"https:\/\/insurancecorp.com.br\/pt\/wp-json\/wp\/v2\/posts"}],"about":[{"href":"https:\/\/insurancecorp.com.br\/pt\/wp-json\/wp\/v2\/types\/post"}],"author":[{"embeddable":true,"href":"https:\/\/insurancecorp.com.br\/pt\/wp-json\/wp\/v2\/users\/2"}],"replies":[{"embeddable":true,"href":"https:\/\/insurancecorp.com.br\/pt\/wp-json\/wp\/v2\/comments?post=27670"}],"version-history":[{"count":1,"href":"https:\/\/insurancecorp.com.br\/pt\/wp-json\/wp\/v2\/posts\/27670\/revisions"}],"predecessor-version":[{"id":27672,"href":"https:\/\/insurancecorp.com.br\/pt\/wp-json\/wp\/v2\/posts\/27670\/revisions\/27672"}],"wp:featuredmedia":[{"embeddable":true,"href":"https:\/\/insurancecorp.com.br\/pt\/wp-json\/wp\/v2\/media\/27673"}],"wp:attachment":[{"href":"https:\/\/insurancecorp.com.br\/pt\/wp-json\/wp\/v2\/media?parent=27670"}],"wp:term":[{"taxonomy":"category","embeddable":true,"href":"https:\/\/insurancecorp.com.br\/pt\/wp-json\/wp\/v2\/categories?post=27670"},{"taxonomy":"post_tag","embeddable":true,"href":"https:\/\/insurancecorp.com.br\/pt\/wp-json\/wp\/v2\/tags?post=27670"}],"curies":[{"name":"wp","href":"https:\/\/api.w.org\/{rel}","templated":true}]}}