{"id":26879,"date":"2021-07-01T19:43:56","date_gmt":"2021-07-01T22:43:56","guid":{"rendered":"https:\/\/insurancecorp.com.br\/pt\/?p=26879"},"modified":"2021-07-01T19:43:56","modified_gmt":"2021-07-01T22:43:56","slug":"impactos-das-mudancas-no-setor-e-temado-direto-reto-com-camillo","status":"publish","type":"post","link":"https:\/\/insurancecorp.com.br\/pt\/2021\/07\/01\/impactos-das-mudancas-no-setor-e-temado-direto-reto-com-camillo\/","title":{"rendered":"Impactos das mudan\u00e7as no setor \u00e9 temado Direto &#038; Reto com Camillo"},"content":{"rendered":"<p>Para discutir o tema \u201cCorretores de seguros, voc\u00eas sabem, na pr\u00e1tica, o impacto de todas as mudan\u00e7as na nossa atividade? O que estamos fazendo para garantir nosso futuro?\u201d, o presidente do Sincor-SP, Alexandre Camillo, recebeu o presidente da Porto Seguro e vice-presidente da CNseg, Roberto Santos, na 28\u00aa edi\u00e7\u00e3o do Direto &#038; Reto com Camillo, que aconteceu nesta quarta-feira (30\/06) pelo canal da TV Sincor-SP no YouTube. A transmiss\u00e3o foi realizada na sede do Sincor-SP, que passou por recente reforma.  <\/p>\n<p>Camillo lembrou que neste mesmo dia, em 1980, ele ingressava no mercado de seguros, come\u00e7ando a trabalhar em uma seguradora. \u201cH\u00e1 40 anos, dava in\u00edcio \u00e0 minha carreira no setor, que me propiciou tudo, mas, o mais importante foram os amigos. Por isso, agrade\u00e7o a voc\u00eas pela companhia nessa caminhada.\u201d <\/p>\n<p>O presidente do Sincor-SP comentou sobre o texto da Medida Provis\u00f3ria n\u00ba 1040\/ 2021, que pretendia regularizar as associa\u00e7\u00f5es de prote\u00e7\u00e3o veicular, mas foi barrado pelo deputado federal Marco Bertaiolli (PSD-SP). \u201cGra\u00e7as \u00e0s nossas movimenta\u00e7\u00f5es, conseguimos impedir mais um absurdo contra o setor de seguros\u201d, explicou Camillo. <\/p>\n<p>Para Roberto Santos, a Medida \u00e9 \u00f3tima para as empresas, pois destrava os processos. \u201cMas, na calada da noite, entra um artigo que regulamenta a prote\u00e7\u00e3o veicular? Quer disputar mercado? Tudo bem, mas tem que estar dentro dos padr\u00f5es, ter reserva t\u00e9cnica, estar em dia com os impostos. O destaque fica para a movimenta\u00e7\u00e3o das lideran\u00e7as no setor, que conseguiram barrar.\u201d <\/p>\n<p>Perguntado sobre o Open Insurance, projeto da Susep para que as seguradoras compartilhem entre si as informa\u00e7\u00f5es dos segurados, o presidente da Porto Seguro acredita ser a maior amea\u00e7a j\u00e1 enfrentada pelo setor. \u201cN\u00e3o temos nada contra inova\u00e7\u00e3o, mas \u00e9 uma c\u00f3pia do Open Banking. A diferen\u00e7a \u00e9 que a rela\u00e7\u00e3o \u00e9 banco e consumidor. No caso do Open Insurance, a rela\u00e7\u00e3o \u00e9 seguradora com seguradora, mais o consumidor. Para os bancos, faz todo sentido, mas para o mercado de seguros n\u00e3o, pois j\u00e1 temos a figura do corretor. Outra quest\u00e3o \u00e9: vai diminuir o valor final para o consumidor? N\u00e3o vai\u201d, defende. <\/p>\n<p>Outro ponto levantado por Santos \u00e9 a cria\u00e7\u00e3o da figura sociedade iniciadora de seguro, inclu\u00edda no projeto do Open Insurance. \u201cQual seria a fun\u00e7\u00e3o dessa sociedade? Quem faz essa ponte \u00e9 o corretor de seguros, que \u00e9 o profissional de confian\u00e7a e qualificado para a fun\u00e7\u00e3o. Com essas mudan\u00e7as, o regulador tem uma boa inten\u00e7\u00e3o, que \u00e9 aumentar a penetra\u00e7\u00e3o do seguro no Pa\u00eds. Entretanto, \u00e9 preciso primeiro ouvir o setor.\u201d <\/p>\n<p>Camillo comentou que as mudan\u00e7as e atualiza\u00e7\u00f5es no setor s\u00e3o necess\u00e1rias. \u201cSomos totalmente favor\u00e1veis \u00e0 inova\u00e7\u00e3o, inclusive, incentivamos os corretores a passar por transforma\u00e7\u00f5es. Temos muito mais converg\u00eancias do que diverg\u00eancias. No entanto, estamos atentos \u00e0s poss\u00edveis amea\u00e7as \u00e0 nossa profiss\u00e3o e ao mercado de seguros, sempre pensando no que \u00e9 melhor para os consumidores\u201d, destacou. <\/p>\n<p>Durante a transmiss\u00e3o, o presidente do Sincor-SP revelou a premia\u00e7\u00e3o do corretor de seguros associado Eduardo Tabelini Junior, da Regional Guarulhos, que ganhou um smartphone, oferecido pela parceira Qualicorp. Mensalmente, o Direto &#038; Reto ir\u00e1 premiar os associados que baixarem e fizerem login no APP Sincor Digital. <\/p>\n<p><strong>Assessoria de Imprensa Sincor-SP<\/strong><\/p>\n","protected":false},"excerpt":{"rendered":"<p>Para discutir o tema \u201cCorretores de seguros, voc\u00eas sabem, na pr\u00e1tica, o impacto de todas as mudan\u00e7as na nossa atividade? O que estamos fazendo para garantir nosso futuro?\u201d, o presidente do Sincor-SP, Alexandre Camillo, recebeu o presidente da Porto Seguro e vice-presidente da CNseg, Roberto Santos, na 28\u00aa edi\u00e7\u00e3o do Direto &#038; Reto com Camillo, [&hellip;]<\/p>\n","protected":false},"author":2,"featured_media":26880,"comment_status":"open","ping_status":"open","sticky":false,"template":"","format":"standard","meta":[],"categories":[376],"tags":[],"jetpack_featured_media_url":"https:\/\/insurancecorp.com.br\/pt\/wp-content\/uploads\/2021\/07\/academia-Travelers.jpg","yoast_head":"<!-- This site is optimized with the Yoast SEO plugin v14.8 - https:\/\/yoast.com\/wordpress\/plugins\/seo\/ -->\n<title>Impactos das mudan\u00e7as no setor \u00e9 temado Direto &amp; Reto com Camillo | Revista Insurance Corp | PT-BR<\/title>\n<meta name=\"robots\" content=\"index, follow\" \/>\n<meta name=\"googlebot\" content=\"index, follow, max-snippet:-1, max-image-preview:large, max-video-preview:-1\" \/>\n<meta name=\"bingbot\" content=\"index, follow, max-snippet:-1, max-image-preview:large, max-video-preview:-1\" \/>\n<link rel=\"canonical\" href=\"https:\/\/insurancecorp.com.br\/pt\/2021\/07\/01\/impactos-das-mudancas-no-setor-e-temado-direto-reto-com-camillo\/\" \/>\n<meta property=\"og:locale\" content=\"pt_BR\" \/>\n<meta property=\"og:type\" content=\"article\" \/>\n<meta property=\"og:title\" content=\"Impactos das mudan\u00e7as no setor \u00e9 temado Direto &amp; Reto com Camillo | Revista Insurance Corp | PT-BR\" \/>\n<meta property=\"og:description\" content=\"Para discutir o tema \u201cCorretores de seguros, voc\u00eas sabem, na pr\u00e1tica, o impacto de todas as mudan\u00e7as na nossa atividade? O que estamos fazendo para garantir nosso futuro?\u201d, o presidente do Sincor-SP, Alexandre Camillo, recebeu o presidente da Porto Seguro e vice-presidente da CNseg, Roberto Santos, na 28\u00aa edi\u00e7\u00e3o do Direto &#038; Reto com Camillo, [&hellip;]\" \/>\n<meta property=\"og:url\" content=\"https:\/\/insurancecorp.com.br\/pt\/2021\/07\/01\/impactos-das-mudancas-no-setor-e-temado-direto-reto-com-camillo\/\" \/>\n<meta property=\"og:site_name\" content=\"Revista Insurance Corp | PT-BR\" \/>\n<meta property=\"article:publisher\" content=\"https:\/\/www.facebook.com\/RevistaInsuranceCorp\/\" \/>\n<meta property=\"article:published_time\" content=\"2021-07-01T22:43:56+00:00\" \/>\n<meta property=\"og:image\" content=\"https:\/\/insurancecorp.com.br\/pt\/wp-content\/uploads\/2021\/07\/academia-Travelers.jpg\" \/>\n\t<meta property=\"og:image:width\" content=\"846\" \/>\n\t<meta property=\"og:image:height\" content=\"383\" \/>\n<meta name=\"twitter:card\" content=\"summary\" \/>\n<script type=\"application\/ld+json\" class=\"yoast-schema-graph\">{\"@context\":\"https:\/\/schema.org\",\"@graph\":[{\"@type\":\"Organization\",\"@id\":\"https:\/\/insurancecorp.com.br\/pt\/#organization\",\"name\":\"Revista Insurance Corp\",\"url\":\"https:\/\/insurancecorp.com.br\/pt\/\",\"sameAs\":[\"https:\/\/www.facebook.com\/RevistaInsuranceCorp\/\"],\"logo\":{\"@type\":\"ImageObject\",\"@id\":\"https:\/\/insurancecorp.com.br\/pt\/#logo\",\"inLanguage\":\"pt-BR\",\"url\":\"\",\"caption\":\"Revista Insurance Corp\"},\"image\":{\"@id\":\"https:\/\/insurancecorp.com.br\/pt\/#logo\"}},{\"@type\":\"WebSite\",\"@id\":\"https:\/\/insurancecorp.com.br\/pt\/#website\",\"url\":\"https:\/\/insurancecorp.com.br\/pt\/\",\"name\":\"Revista Insurance Corp | PT-BR\",\"description\":\"A \\u00fanica revista bil\\u00edngue voltada ao mercado de seguro.\",\"publisher\":{\"@id\":\"https:\/\/insurancecorp.com.br\/pt\/#organization\"},\"potentialAction\":[{\"@type\":\"SearchAction\",\"target\":\"https:\/\/insurancecorp.com.br\/pt\/?s={search_term_string}\",\"query-input\":\"required name=search_term_string\"}],\"inLanguage\":\"pt-BR\"},{\"@type\":\"ImageObject\",\"@id\":\"https:\/\/insurancecorp.com.br\/pt\/2021\/07\/01\/impactos-das-mudancas-no-setor-e-temado-direto-reto-com-camillo\/#primaryimage\",\"inLanguage\":\"pt-BR\",\"url\":\"https:\/\/insurancecorp.com.br\/pt\/wp-content\/uploads\/2021\/07\/academia-Travelers.jpg\",\"width\":846,\"height\":383},{\"@type\":\"WebPage\",\"@id\":\"https:\/\/insurancecorp.com.br\/pt\/2021\/07\/01\/impactos-das-mudancas-no-setor-e-temado-direto-reto-com-camillo\/#webpage\",\"url\":\"https:\/\/insurancecorp.com.br\/pt\/2021\/07\/01\/impactos-das-mudancas-no-setor-e-temado-direto-reto-com-camillo\/\",\"name\":\"Impactos das mudan\\u00e7as no setor \\u00e9 temado Direto & Reto com Camillo | Revista Insurance Corp | PT-BR\",\"isPartOf\":{\"@id\":\"https:\/\/insurancecorp.com.br\/pt\/#website\"},\"primaryImageOfPage\":{\"@id\":\"https:\/\/insurancecorp.com.br\/pt\/2021\/07\/01\/impactos-das-mudancas-no-setor-e-temado-direto-reto-com-camillo\/#primaryimage\"},\"datePublished\":\"2021-07-01T22:43:56+00:00\",\"dateModified\":\"2021-07-01T22:43:56+00:00\",\"inLanguage\":\"pt-BR\",\"potentialAction\":[{\"@type\":\"ReadAction\",\"target\":[\"https:\/\/insurancecorp.com.br\/pt\/2021\/07\/01\/impactos-das-mudancas-no-setor-e-temado-direto-reto-com-camillo\/\"]}]},{\"@type\":\"Article\",\"@id\":\"https:\/\/insurancecorp.com.br\/pt\/2021\/07\/01\/impactos-das-mudancas-no-setor-e-temado-direto-reto-com-camillo\/#article\",\"isPartOf\":{\"@id\":\"https:\/\/insurancecorp.com.br\/pt\/2021\/07\/01\/impactos-das-mudancas-no-setor-e-temado-direto-reto-com-camillo\/#webpage\"},\"author\":{\"@id\":\"https:\/\/insurancecorp.com.br\/pt\/#\/schema\/person\/1b69c8cf325f0b7167f1b171f52df4af\"},\"headline\":\"Impactos das mudan\\u00e7as no setor \\u00e9 temado Direto &#038; Reto com Camillo\",\"datePublished\":\"2021-07-01T22:43:56+00:00\",\"dateModified\":\"2021-07-01T22:43:56+00:00\",\"mainEntityOfPage\":{\"@id\":\"https:\/\/insurancecorp.com.br\/pt\/2021\/07\/01\/impactos-das-mudancas-no-setor-e-temado-direto-reto-com-camillo\/#webpage\"},\"commentCount\":0,\"publisher\":{\"@id\":\"https:\/\/insurancecorp.com.br\/pt\/#organization\"},\"image\":{\"@id\":\"https:\/\/insurancecorp.com.br\/pt\/2021\/07\/01\/impactos-das-mudancas-no-setor-e-temado-direto-reto-com-camillo\/#primaryimage\"},\"articleSection\":\"Programa Direto e Reto\",\"inLanguage\":\"pt-BR\",\"potentialAction\":[{\"@type\":\"CommentAction\",\"name\":\"Comment\",\"target\":[\"https:\/\/insurancecorp.com.br\/pt\/2021\/07\/01\/impactos-das-mudancas-no-setor-e-temado-direto-reto-com-camillo\/#respond\"]}]},{\"@type\":\"Person\",\"@id\":\"https:\/\/insurancecorp.com.br\/pt\/#\/schema\/person\/1b69c8cf325f0b7167f1b171f52df4af\",\"name\":\"Publica\\u00e7\\u00e3o\",\"image\":{\"@type\":\"ImageObject\",\"@id\":\"https:\/\/insurancecorp.com.br\/pt\/#personlogo\",\"inLanguage\":\"pt-BR\",\"url\":\"https:\/\/secure.gravatar.com\/avatar\/17226f1f60486eb25d4c6b301ffed37f?s=96&d=mm&r=g\",\"caption\":\"Publica\\u00e7\\u00e3o\"}}]}<\/script>\n<!-- \/ Yoast SEO plugin. -->","_links":{"self":[{"href":"https:\/\/insurancecorp.com.br\/pt\/wp-json\/wp\/v2\/posts\/26879"}],"collection":[{"href":"https:\/\/insurancecorp.com.br\/pt\/wp-json\/wp\/v2\/posts"}],"about":[{"href":"https:\/\/insurancecorp.com.br\/pt\/wp-json\/wp\/v2\/types\/post"}],"author":[{"embeddable":true,"href":"https:\/\/insurancecorp.com.br\/pt\/wp-json\/wp\/v2\/users\/2"}],"replies":[{"embeddable":true,"href":"https:\/\/insurancecorp.com.br\/pt\/wp-json\/wp\/v2\/comments?post=26879"}],"version-history":[{"count":1,"href":"https:\/\/insurancecorp.com.br\/pt\/wp-json\/wp\/v2\/posts\/26879\/revisions"}],"predecessor-version":[{"id":26881,"href":"https:\/\/insurancecorp.com.br\/pt\/wp-json\/wp\/v2\/posts\/26879\/revisions\/26881"}],"wp:featuredmedia":[{"embeddable":true,"href":"https:\/\/insurancecorp.com.br\/pt\/wp-json\/wp\/v2\/media\/26880"}],"wp:attachment":[{"href":"https:\/\/insurancecorp.com.br\/pt\/wp-json\/wp\/v2\/media?parent=26879"}],"wp:term":[{"taxonomy":"category","embeddable":true,"href":"https:\/\/insurancecorp.com.br\/pt\/wp-json\/wp\/v2\/categories?post=26879"},{"taxonomy":"post_tag","embeddable":true,"href":"https:\/\/insurancecorp.com.br\/pt\/wp-json\/wp\/v2\/tags?post=26879"}],"curies":[{"name":"wp","href":"https:\/\/api.w.org\/{rel}","templated":true}]}}