{"id":26492,"date":"2021-06-22T10:47:55","date_gmt":"2021-06-22T13:47:55","guid":{"rendered":"https:\/\/insurancecorp.com.br\/pt\/?p=26492"},"modified":"2021-06-22T10:58:47","modified_gmt":"2021-06-22T13:58:47","slug":"fundacao-everis-abre-inscricoes-para-o-vii-empreenda-saude","status":"publish","type":"post","link":"https:\/\/insurancecorp.com.br\/pt\/2021\/06\/22\/fundacao-everis-abre-inscricoes-para-o-vii-empreenda-saude\/","title":{"rendered":"Funda\u00e7\u00e3o everis abre inscri\u00e7\u00f5es para o VII Empreenda Sa\u00fade"},"content":{"rendered":"<p>A funda\u00e7\u00e3o everis Brasil, que tem por objetivo incentivar o empreendedorismo, a inova\u00e7\u00e3o e o compromisso com a sociedade e com o desenvolvimento socioecon\u00f4mico brasileiro, acaba de abrir inscri\u00e7\u00f5es para uma das mais relevantes premia\u00e7\u00f5es na \u00e1rea de tecnologia e sa\u00fade: o Pr\u00eamio Empreenda Sa\u00fade . Criado em 2015, o pr\u00eamio chega \u00e0 sua s\u00e9tima edi\u00e7\u00e3o focado em incentivar e apoiar o desenvolvimento de startups com projetos tecnol\u00f3gicos e inovadores que ajudem no desenvolvimento do setor de sa\u00fade do Pa\u00eds. <\/p>\n<p>O pr\u00eamio \u00e9 aberto para startups registradas legalmente e que tenham captado at\u00e9 R? 4,5 milh\u00f5es de financiamento nos \u00faltimos tr\u00eas anos ou faturado mais de R? 2,25 milh\u00f5es no \u00faltimo ano. &#8220;O Empreenda Sa\u00fade \u00e9 a grande chance de startups brasileiras do setor entrarem em contato com um imenso ecossistema de inova\u00e7\u00e3o no setor, a come\u00e7ar pelo nosso j\u00fari, composto por representantes renomados das \u00e1reas de ensino, pesquisa, inova\u00e7\u00e3o, sa\u00fade e executivos dos mais diversos setores do mercado&#8221;, diz Antonio Carlos Valente, presidente da funda\u00e7\u00e3o everis Brasil. <\/p>\n<p>A premia\u00e7\u00e3o busca projetos inovadores e de alto impacto, que estejam em fase de prototipagem ou de comercializa\u00e7\u00e3o e que tenham o potencial de gerar uma transforma\u00e7\u00e3o positiva na sociedade. N\u00e3o ser\u00e3o aceitos projetos de biotecnologia ou de investiga\u00e7\u00e3o cient\u00edfica. <\/p>\n<p>O Empreenda Sa\u00fade \u00e9 a etapa brasileira do eAwards, premia\u00e7\u00e3o internacional da funda\u00e7\u00e3o everis global. A vencedora da etapa nacional participar\u00e1 da e-talent week, em Madri, entre os dias 23 e 25 de novembro, quando ser\u00e1 conhecido o projeto vencedor do eAwards. O vencedor receber\u00e1 60 mil euros e a oportunidade de participar de um programa de acelera\u00e7\u00e3o de tr\u00eas meses. &#8220;No evento global, a startup brasileira ter\u00e1 acesso a um rico ecossistema de investidores, empreendedores e inovadores da Uni\u00e3o Europeia&#8221;, afirma Valente. <\/p>\n<p>As inscri\u00e7\u00f5es podem ser feitas at\u00e9 o dia 2 de agosto pelo website https:\/\/www.premioempreendasaude.com.br. O vencedor ser\u00e1 anunciado em um evento de premia\u00e7\u00e3o no dia 4 de novembro. Na ocasi\u00e3o tamb\u00e9m ser\u00e3o divulgados o ranking dos 12 melhores projetos. <\/p>\n<p>O Empreenda Sa\u00fade \u00e9 uma parceria da funda\u00e7\u00e3o everis com: InovaHC e de dois n\u00facleos de inova\u00e7\u00e3o associados: o InovaInCor e o CITIC, a C\u00e2mara Oficial Espanhola de Com\u00e9rcio; Associa\u00e7\u00e3o Brasileira dos Mentores de Neg\u00f3cios (Abmen); Federa\u00e7\u00e3o das Ind\u00fastrias do Estado de S\u00e3o Paulo (Fiesp); Sociedade Brasileira de Inform\u00e1tica em Sa\u00fade e Tekcapital.<\/p>\n<p><strong>Novas categorias <\/strong><br \/>\nO Empreenda Sa\u00fade 2021 vem com novidades. A principal delas \u00e9 a cria\u00e7\u00e3o de tr\u00eas novas categorias, criadas com o intuito de acompanhar as tend\u00eancias do setor de sa\u00fade, impactado pela pandemia e populariza\u00e7\u00e3o da telemedicina. &#8220;Ano ap\u00f3s ano, o Empreenda tem contribu\u00eddo para a provoca\u00e7\u00e3o do pensar os desafios da sa\u00fade. Nesse sentido, para continuar como um catalisador da transforma\u00e7\u00e3o digital dentro do ambiente da sa\u00fade e no fomento de novos empreendimentos, empreendedores e solu\u00e7\u00f5es para o nosso mercado, n\u00f3s criamos novas categorias para que continue alinhado com o momento do setor e reflita as tend\u00eancias atuais&#8221;, diz Guilherme Rabello, gerente de Inova\u00e7\u00e3o do InovaInCor, associado ao InovaHC do Hospital das Cl\u00ednicas da Faculdade de Medicina da Universidade de S\u00e3o Paulo.<\/p>\n<p><strong>As tr\u00eas novas categorias s\u00e3o: <\/strong><br \/>\n\u2022 Telehealth &#8211; startups que promovam amplia\u00e7\u00e3o da assist\u00eancia em sa\u00fade por meio do uso de ferramentas de tecnologia interativas nos servi\u00e7os p\u00fablicos e privados. Poder\u00e3o concorrer experi\u00eancias de teleconsultas, telemonitoramento, teleorienta\u00e7\u00e3o, tele-educa\u00e7\u00e3o, telematriciamento e Segunda Opini\u00e3o Formativa (SOF), com base nas defini\u00e7\u00f5es do Guia Metodol\u00f3gico para Programas e Servi\u00e7os em Telessa\u00fade do Minist\u00e9rio da Sa\u00fade (2019); <\/p>\n<p>\u2022 Gest\u00e3o de sa\u00fade populacional com foco em wellness &#8211; startups que apresentem tecnologias na linha de mobile ou wearables, com atua\u00e7\u00e3o direcionada \u00e0 gest\u00e3o de dados populacional, cuidados coordenados e integrados em sa\u00fade nos servi\u00e7os p\u00fablicos e privados, sa\u00fade digital com foco em preven\u00e7\u00e3o de doen\u00e7as, promo\u00e7\u00e3o de sa\u00fade, epidemiologia, sa\u00fade ocupacional e vigil\u00e2ncia em sa\u00fade; <\/p>\n<p>\u2022 Efici\u00eancia operacional aplicada \u00e0 Gest\u00e3o da Sa\u00fade &#8211; startups com foco na maior efici\u00eancia e efetividade nas gest\u00f5es administrativas e assistenciais de servi\u00e7os p\u00fablicos ou privados, que promovam inova\u00e7\u00e3o por meio da incorpora\u00e7\u00e3o de novas ferramentas e tecnologias, que confiram maior produtividade, efici\u00eancia, e qualidade, nos \u00e2mbitos hospitalares, de seguradoras e operadoras de sa\u00fade, laborat\u00f3rios e outros elos da cadeia de sa\u00fade. <\/p>\n<p><strong>Muito mais do que uma premia\u00e7\u00e3o <\/strong><br \/>\nA startup vencedora recebe R? 50 mil e a oportunidade de passar por uma mentoria de tr\u00eas meses dada pelo ecossistema do Empreenda Sa\u00fade, que inclui profissionais da everis Brasil, das empresas apoiadoras e do j\u00fari.<br \/>\nSegundo Valente, os benef\u00edcios de concorrer ao Empreenda Sa\u00fade v\u00e3o muito al\u00e9m da premia\u00e7\u00e3o em si. &#8220;A possibilidade de apresentarem os projetos colocar\u00e1 as startups em contato com um grande ecossistema de inova\u00e7\u00e3o em sa\u00fade do Brasil. Com isso, h\u00e1 a chance de que os participantes tenham contato com grandes players do mercado, que podem decidir investir no neg\u00f3cio&#8221;, diz o presidente da funda\u00e7\u00e3o everis. <\/p>\n<p>O Empreenda Sa\u00fade se tornou refer\u00eancia de inova\u00e7\u00e3o e empreendedorismo no mercado nacional. Entre as startups que se destacaram em edi\u00e7\u00f5es anteriores est\u00e3o: Epistemic , com solu\u00e7\u00e3o para detec\u00e7\u00e3o antecipada de surtos epil\u00e9ticos; F\u00f3fuuu , software para tratamentos de fonoaudiologia; Phelcom , retin\u00f3grafo port\u00e1til; Nuclearis , sistema baseado em medicina nuclear; a Neurobots , que criou um exoesqueleto controlado pelo c\u00e9rebro, que ajuda na recupera\u00e7\u00e3o de pacientes que sofreram acidentes vasculares cerebrais (AVCs), e a Cor.Sync , solu\u00e7\u00e3o para diagn\u00f3stico r\u00e1pido e preciso de infarto, idealizada para ser usada no atendimento de emerg\u00eancia hospitalar. Estas startups ganharam outros pr\u00eamios e conseguiram aportes de importantes.<\/p>\n<p><strong>Market21 Comunica\u00e7\u00e3o <\/strong><\/p>\n","protected":false},"excerpt":{"rendered":"<p>A funda\u00e7\u00e3o everis Brasil, que tem por objetivo incentivar o empreendedorismo, a inova\u00e7\u00e3o e o compromisso com a sociedade e com o desenvolvimento socioecon\u00f4mico brasileiro, acaba de abrir inscri\u00e7\u00f5es para uma das mais relevantes premia\u00e7\u00f5es na \u00e1rea de tecnologia e sa\u00fade: o Pr\u00eamio Empreenda Sa\u00fade . Criado em 2015, o pr\u00eamio chega \u00e0 sua s\u00e9tima [&hellip;]<\/p>\n","protected":false},"author":2,"featured_media":26493,"comment_status":"open","ping_status":"open","sticky":false,"template":"","format":"standard","meta":[],"categories":[387],"tags":[],"jetpack_featured_media_url":"https:\/\/insurancecorp.com.br\/pt\/wp-content\/uploads\/2021\/06\/aida-2-18.jpg","yoast_head":"<!-- This site is optimized with the Yoast SEO plugin v14.8 - https:\/\/yoast.com\/wordpress\/plugins\/seo\/ -->\n<title>Funda\u00e7\u00e3o everis abre inscri\u00e7\u00f5es para o VII Empreenda Sa\u00fade | Revista Insurance Corp | PT-BR<\/title>\n<meta name=\"robots\" content=\"index, follow\" \/>\n<meta name=\"googlebot\" content=\"index, follow, max-snippet:-1, max-image-preview:large, max-video-preview:-1\" \/>\n<meta name=\"bingbot\" content=\"index, follow, max-snippet:-1, max-image-preview:large, max-video-preview:-1\" \/>\n<link rel=\"canonical\" href=\"https:\/\/insurancecorp.com.br\/pt\/2021\/06\/22\/fundacao-everis-abre-inscricoes-para-o-vii-empreenda-saude\/\" \/>\n<meta property=\"og:locale\" content=\"pt_BR\" \/>\n<meta property=\"og:type\" content=\"article\" \/>\n<meta property=\"og:title\" content=\"Funda\u00e7\u00e3o everis abre inscri\u00e7\u00f5es para o VII Empreenda Sa\u00fade | Revista Insurance Corp | PT-BR\" \/>\n<meta property=\"og:description\" content=\"A funda\u00e7\u00e3o everis Brasil, que tem por objetivo incentivar o empreendedorismo, a inova\u00e7\u00e3o e o compromisso com a sociedade e com o desenvolvimento socioecon\u00f4mico brasileiro, acaba de abrir inscri\u00e7\u00f5es para uma das mais relevantes premia\u00e7\u00f5es na \u00e1rea de tecnologia e sa\u00fade: o Pr\u00eamio Empreenda Sa\u00fade . Criado em 2015, o pr\u00eamio chega \u00e0 sua s\u00e9tima [&hellip;]\" \/>\n<meta property=\"og:url\" content=\"https:\/\/insurancecorp.com.br\/pt\/2021\/06\/22\/fundacao-everis-abre-inscricoes-para-o-vii-empreenda-saude\/\" \/>\n<meta property=\"og:site_name\" content=\"Revista Insurance Corp | PT-BR\" \/>\n<meta property=\"article:publisher\" content=\"https:\/\/www.facebook.com\/RevistaInsuranceCorp\/\" \/>\n<meta property=\"article:published_time\" content=\"2021-06-22T13:47:55+00:00\" \/>\n<meta property=\"article:modified_time\" content=\"2021-06-22T13:58:47+00:00\" \/>\n<meta property=\"og:image\" content=\"https:\/\/insurancecorp.com.br\/pt\/wp-content\/uploads\/2021\/06\/aida-2-18.jpg\" \/>\n\t<meta property=\"og:image:width\" content=\"1280\" \/>\n\t<meta property=\"og:image:height\" content=\"853\" \/>\n<meta name=\"twitter:card\" content=\"summary\" \/>\n<script type=\"application\/ld+json\" class=\"yoast-schema-graph\">{\"@context\":\"https:\/\/schema.org\",\"@graph\":[{\"@type\":\"Organization\",\"@id\":\"https:\/\/insurancecorp.com.br\/pt\/#organization\",\"name\":\"Revista Insurance Corp\",\"url\":\"https:\/\/insurancecorp.com.br\/pt\/\",\"sameAs\":[\"https:\/\/www.facebook.com\/RevistaInsuranceCorp\/\"],\"logo\":{\"@type\":\"ImageObject\",\"@id\":\"https:\/\/insurancecorp.com.br\/pt\/#logo\",\"inLanguage\":\"pt-BR\",\"url\":\"\",\"caption\":\"Revista Insurance Corp\"},\"image\":{\"@id\":\"https:\/\/insurancecorp.com.br\/pt\/#logo\"}},{\"@type\":\"WebSite\",\"@id\":\"https:\/\/insurancecorp.com.br\/pt\/#website\",\"url\":\"https:\/\/insurancecorp.com.br\/pt\/\",\"name\":\"Revista Insurance Corp | PT-BR\",\"description\":\"A \\u00fanica revista bil\\u00edngue voltada ao mercado de seguro.\",\"publisher\":{\"@id\":\"https:\/\/insurancecorp.com.br\/pt\/#organization\"},\"potentialAction\":[{\"@type\":\"SearchAction\",\"target\":\"https:\/\/insurancecorp.com.br\/pt\/?s={search_term_string}\",\"query-input\":\"required name=search_term_string\"}],\"inLanguage\":\"pt-BR\"},{\"@type\":\"ImageObject\",\"@id\":\"https:\/\/insurancecorp.com.br\/pt\/2021\/06\/22\/fundacao-everis-abre-inscricoes-para-o-vii-empreenda-saude\/#primaryimage\",\"inLanguage\":\"pt-BR\",\"url\":\"https:\/\/insurancecorp.com.br\/pt\/wp-content\/uploads\/2021\/06\/aida-2-18.jpg\",\"width\":1280,\"height\":853},{\"@type\":\"WebPage\",\"@id\":\"https:\/\/insurancecorp.com.br\/pt\/2021\/06\/22\/fundacao-everis-abre-inscricoes-para-o-vii-empreenda-saude\/#webpage\",\"url\":\"https:\/\/insurancecorp.com.br\/pt\/2021\/06\/22\/fundacao-everis-abre-inscricoes-para-o-vii-empreenda-saude\/\",\"name\":\"Funda\\u00e7\\u00e3o everis abre inscri\\u00e7\\u00f5es para o VII Empreenda Sa\\u00fade | Revista Insurance Corp | PT-BR\",\"isPartOf\":{\"@id\":\"https:\/\/insurancecorp.com.br\/pt\/#website\"},\"primaryImageOfPage\":{\"@id\":\"https:\/\/insurancecorp.com.br\/pt\/2021\/06\/22\/fundacao-everis-abre-inscricoes-para-o-vii-empreenda-saude\/#primaryimage\"},\"datePublished\":\"2021-06-22T13:47:55+00:00\",\"dateModified\":\"2021-06-22T13:58:47+00:00\",\"inLanguage\":\"pt-BR\",\"potentialAction\":[{\"@type\":\"ReadAction\",\"target\":[\"https:\/\/insurancecorp.com.br\/pt\/2021\/06\/22\/fundacao-everis-abre-inscricoes-para-o-vii-empreenda-saude\/\"]}]},{\"@type\":\"Article\",\"@id\":\"https:\/\/insurancecorp.com.br\/pt\/2021\/06\/22\/fundacao-everis-abre-inscricoes-para-o-vii-empreenda-saude\/#article\",\"isPartOf\":{\"@id\":\"https:\/\/insurancecorp.com.br\/pt\/2021\/06\/22\/fundacao-everis-abre-inscricoes-para-o-vii-empreenda-saude\/#webpage\"},\"author\":{\"@id\":\"https:\/\/insurancecorp.com.br\/pt\/#\/schema\/person\/1b69c8cf325f0b7167f1b171f52df4af\"},\"headline\":\"Funda\\u00e7\\u00e3o everis abre inscri\\u00e7\\u00f5es para o VII Empreenda Sa\\u00fade\",\"datePublished\":\"2021-06-22T13:47:55+00:00\",\"dateModified\":\"2021-06-22T13:58:47+00:00\",\"mainEntityOfPage\":{\"@id\":\"https:\/\/insurancecorp.com.br\/pt\/2021\/06\/22\/fundacao-everis-abre-inscricoes-para-o-vii-empreenda-saude\/#webpage\"},\"commentCount\":0,\"publisher\":{\"@id\":\"https:\/\/insurancecorp.com.br\/pt\/#organization\"},\"image\":{\"@id\":\"https:\/\/insurancecorp.com.br\/pt\/2021\/06\/22\/fundacao-everis-abre-inscricoes-para-o-vii-empreenda-saude\/#primaryimage\"},\"articleSection\":\"everis Brasil\",\"inLanguage\":\"pt-BR\",\"potentialAction\":[{\"@type\":\"CommentAction\",\"name\":\"Comment\",\"target\":[\"https:\/\/insurancecorp.com.br\/pt\/2021\/06\/22\/fundacao-everis-abre-inscricoes-para-o-vii-empreenda-saude\/#respond\"]}]},{\"@type\":\"Person\",\"@id\":\"https:\/\/insurancecorp.com.br\/pt\/#\/schema\/person\/1b69c8cf325f0b7167f1b171f52df4af\",\"name\":\"Publica\\u00e7\\u00e3o\",\"image\":{\"@type\":\"ImageObject\",\"@id\":\"https:\/\/insurancecorp.com.br\/pt\/#personlogo\",\"inLanguage\":\"pt-BR\",\"url\":\"https:\/\/secure.gravatar.com\/avatar\/17226f1f60486eb25d4c6b301ffed37f?s=96&d=mm&r=g\",\"caption\":\"Publica\\u00e7\\u00e3o\"}}]}<\/script>\n<!-- \/ Yoast SEO plugin. -->","_links":{"self":[{"href":"https:\/\/insurancecorp.com.br\/pt\/wp-json\/wp\/v2\/posts\/26492"}],"collection":[{"href":"https:\/\/insurancecorp.com.br\/pt\/wp-json\/wp\/v2\/posts"}],"about":[{"href":"https:\/\/insurancecorp.com.br\/pt\/wp-json\/wp\/v2\/types\/post"}],"author":[{"embeddable":true,"href":"https:\/\/insurancecorp.com.br\/pt\/wp-json\/wp\/v2\/users\/2"}],"replies":[{"embeddable":true,"href":"https:\/\/insurancecorp.com.br\/pt\/wp-json\/wp\/v2\/comments?post=26492"}],"version-history":[{"count":1,"href":"https:\/\/insurancecorp.com.br\/pt\/wp-json\/wp\/v2\/posts\/26492\/revisions"}],"predecessor-version":[{"id":26494,"href":"https:\/\/insurancecorp.com.br\/pt\/wp-json\/wp\/v2\/posts\/26492\/revisions\/26494"}],"wp:featuredmedia":[{"embeddable":true,"href":"https:\/\/insurancecorp.com.br\/pt\/wp-json\/wp\/v2\/media\/26493"}],"wp:attachment":[{"href":"https:\/\/insurancecorp.com.br\/pt\/wp-json\/wp\/v2\/media?parent=26492"}],"wp:term":[{"taxonomy":"category","embeddable":true,"href":"https:\/\/insurancecorp.com.br\/pt\/wp-json\/wp\/v2\/categories?post=26492"},{"taxonomy":"post_tag","embeddable":true,"href":"https:\/\/insurancecorp.com.br\/pt\/wp-json\/wp\/v2\/tags?post=26492"}],"curies":[{"name":"wp","href":"https:\/\/api.w.org\/{rel}","templated":true}]}}