{"id":26383,"date":"2021-06-17T19:46:54","date_gmt":"2021-06-17T22:46:54","guid":{"rendered":"https:\/\/insurancecorp.com.br\/pt\/?p=26383"},"modified":"2021-06-17T19:47:22","modified_gmt":"2021-06-17T22:47:22","slug":"especialista-mostra-dicas-para-a-compra-do-primeiro-carro","status":"publish","type":"post","link":"https:\/\/insurancecorp.com.br\/pt\/2021\/06\/17\/especialista-mostra-dicas-para-a-compra-do-primeiro-carro\/","title":{"rendered":"Especialista mostra dicas para a compra do primeiro carro"},"content":{"rendered":"<p>O sonho de consumo de grande parcela da popula\u00e7\u00e3o \u00e9 a aquisi\u00e7\u00e3o do primeiro ve\u00edculo, seja novo ou usado. A escolha do carro ideal \u00e9 um per\u00edodo de muitas incertezas, que v\u00e3o desde comprar por aspectos est\u00e9ticos, como a cor do ve\u00edculo e a marca, ou at\u00e9 mesmo saber qual \u00e9 o melhor motor para o tipo de utiliza\u00e7\u00e3o desejado.<br \/>\nA aquisi\u00e7\u00e3o do primeiro carro esconde v\u00e1rios mist\u00e9rios, que devem ser visualizados para fazer uma boa escolha, que atenda as demandas do comprador de forma satisfat\u00f3ria. <\/p>\n<p>Analisando essas condi\u00e7\u00f5es que assombram os compradores, Ricardo Sardagna, executivo da Allianz Automotive, marca especializada em neg\u00f3cios automotivos da Allianz Partners, apresenta algumas dicas de cuidados preventivos.<\/p>\n<p><strong>Manuten\u00e7\u00e3o do ve\u00edculo <\/strong><br \/>\nSegundo o executivo, para um carro zero km, o recomendado \u00e9 seguir o manual de instru\u00e7\u00e3o que \u00e9 fornecido pela montadora do ve\u00edculo, sempre realizando as revis\u00f5es necess\u00e1rias e possivelmente aumentando de maneira significativa a vida \u00fatil do autom\u00f3vel. \u201cPara ve\u00edculos usados \u00e9 de grande import\u00e2ncia fazer revis\u00f5es peri\u00f3dicas em partes espec\u00edficas, como motor, freios, pneus e suspens\u00e3o. Uma das principais dicas nesse processo \u00e9 realizar uma revis\u00e3o a cada 10 a 15 mil km rodados\u201d, afirma o especialista.<\/p>\n<p><strong>Aten\u00e7\u00e3o especial <\/strong><br \/>\nAlguns componentes merecem aten\u00e7\u00e3o especial do rec\u00e9m dono do autom\u00f3vel, sendo pneus e freios os principais itens na lista de prioridades, uma vez que sofrem maior desgaste natural. Al\u00e9m disso, o manual do ve\u00edculo \u00e9 um grande aliado, por apresentar com precis\u00e3o o per\u00edodo ideal de manuten\u00e7\u00e3o e seus componentes de acordo com a quilometragem. <\/p>\n<p><strong>Troca de \u00f3leo<\/strong><br \/>\nOs intervalos de troca de \u00f3leo s\u00e3o fundamentais para manter a vida \u00fatil do ve\u00edculo, sendo que o principal crit\u00e9rio \u00e9 realizar a troca nos intervalos recomendados pelo fabricante (ex. a cada 10 mil km rodados) ou de acordo com o prazo de validade do \u00f3leo, que em m\u00e9dia gira em torno de um ano.<br \/>\nOs ve\u00edculos novos contam com as revis\u00f5es obrigat\u00f3rias, que contribuem com a realiza\u00e7\u00e3o nos per\u00edodos corretos. \u201cEm ve\u00edculos usados, \u00e9 recomendado fazer a troca do \u00f3leo logo ap\u00f3s a compra, a n\u00e3o ser que voc\u00ea tenha alguma comprova\u00e7\u00e3o do momento que a \u00faltima troca foi realizada e que a quilometragem percorrida desde ent\u00e3o ainda n\u00e3o tenha sido atingida\u201d.<br \/>\nEm todas as trocas \u00e9 importante substituir tamb\u00e9m o filtro de \u00f3leo, outro componente fundamental para a vida \u00fatil do motor.<\/p>\n<p><strong>Cuidado com a pintura <\/strong><br \/>\nOutro item de extrema relev\u00e2ncia \u00e9 a manuten\u00e7\u00e3o da pintura dos ve\u00edculos, que deve ser conservada com lavagem peri\u00f3dica, evitando as manchas. Aplica\u00e7\u00e3o de uma cera protetora de boa qualidade a cada 3 meses ajuda muito na prote\u00e7\u00e3o e boa apar\u00eancia da pintura do ve\u00edculo. J\u00e1 para ve\u00edculos usados, o polimento t\u00e9cnico realizado em um local especializado \u00e9 a melhor alternativa quando a pintura j\u00e1 perdeu o seu brilho ou est\u00e1 com riscos.<\/p>\n<p><strong>Ar-condicionado<\/strong><br \/>\nO ar-condicionado dos carros possui filtros que ret\u00eam as impurezas do ambiente exterior e devem ser trocados de forma regular conforme recomenda\u00e7\u00e3o do fabricante. Em casos de perda de capacidade de refrigera\u00e7\u00e3o, \u00e9 necess\u00e1ria a troca de g\u00e1s. De acordo com Sardagna, \u00e9 importante ligar o ar-condicionado a cada 15 dias por, no m\u00ednimo, 15 minutos para o sistema manter a vida \u00fatil.<\/p>\n<p>Seguindo essas recomenda\u00e7\u00f5es, a durabilidade do seu ve\u00edculo poder\u00e1 aumentar de maneira substancial. Conte sempre com um especialista de confian\u00e7a para poder realizar as manuten\u00e7\u00f5es necess\u00e1rias de forma a evitar maiores dores de cabe\u00e7a.<\/p>\n<p><strong>Ag\u00eancia Race<\/strong><\/p>\n","protected":false},"excerpt":{"rendered":"<p>O sonho de consumo de grande parcela da popula\u00e7\u00e3o \u00e9 a aquisi\u00e7\u00e3o do primeiro ve\u00edculo, seja novo ou usado. A escolha do carro ideal \u00e9 um per\u00edodo de muitas incertezas, que v\u00e3o desde comprar por aspectos est\u00e9ticos, como a cor do ve\u00edculo e a marca, ou at\u00e9 mesmo saber qual \u00e9 o melhor motor para [&hellip;]<\/p>\n","protected":false},"author":2,"featured_media":26384,"comment_status":"open","ping_status":"open","sticky":false,"template":"","format":"standard","meta":[],"categories":[472],"tags":[],"jetpack_featured_media_url":"https:\/\/insurancecorp.com.br\/pt\/wp-content\/uploads\/2021\/06\/academia-Travelers-12.jpg","yoast_head":"<!-- This site is optimized with the Yoast SEO plugin v14.8 - https:\/\/yoast.com\/wordpress\/plugins\/seo\/ -->\n<title>Especialista mostra dicas para a compra do primeiro carro | Revista Insurance Corp | PT-BR<\/title>\n<meta name=\"robots\" content=\"index, follow\" \/>\n<meta name=\"googlebot\" content=\"index, follow, max-snippet:-1, max-image-preview:large, max-video-preview:-1\" \/>\n<meta name=\"bingbot\" content=\"index, follow, max-snippet:-1, max-image-preview:large, max-video-preview:-1\" \/>\n<link rel=\"canonical\" href=\"https:\/\/insurancecorp.com.br\/pt\/2021\/06\/17\/especialista-mostra-dicas-para-a-compra-do-primeiro-carro\/\" \/>\n<meta property=\"og:locale\" content=\"pt_BR\" \/>\n<meta property=\"og:type\" content=\"article\" \/>\n<meta property=\"og:title\" content=\"Especialista mostra dicas para a compra do primeiro carro | Revista Insurance Corp | PT-BR\" \/>\n<meta property=\"og:description\" content=\"O sonho de consumo de grande parcela da popula\u00e7\u00e3o \u00e9 a aquisi\u00e7\u00e3o do primeiro ve\u00edculo, seja novo ou usado. A escolha do carro ideal \u00e9 um per\u00edodo de muitas incertezas, que v\u00e3o desde comprar por aspectos est\u00e9ticos, como a cor do ve\u00edculo e a marca, ou at\u00e9 mesmo saber qual \u00e9 o melhor motor para [&hellip;]\" \/>\n<meta property=\"og:url\" content=\"https:\/\/insurancecorp.com.br\/pt\/2021\/06\/17\/especialista-mostra-dicas-para-a-compra-do-primeiro-carro\/\" \/>\n<meta property=\"og:site_name\" content=\"Revista Insurance Corp | PT-BR\" \/>\n<meta property=\"article:publisher\" content=\"https:\/\/www.facebook.com\/RevistaInsuranceCorp\/\" \/>\n<meta property=\"article:published_time\" content=\"2021-06-17T22:46:54+00:00\" \/>\n<meta property=\"article:modified_time\" content=\"2021-06-17T22:47:22+00:00\" \/>\n<meta property=\"og:image\" content=\"https:\/\/insurancecorp.com.br\/pt\/wp-content\/uploads\/2021\/06\/academia-Travelers-12-1024x682.jpg\" \/>\n\t<meta property=\"og:image:width\" content=\"1024\" \/>\n\t<meta property=\"og:image:height\" content=\"682\" \/>\n<meta name=\"twitter:card\" content=\"summary\" \/>\n<script type=\"application\/ld+json\" class=\"yoast-schema-graph\">{\"@context\":\"https:\/\/schema.org\",\"@graph\":[{\"@type\":\"Organization\",\"@id\":\"https:\/\/insurancecorp.com.br\/pt\/#organization\",\"name\":\"Revista Insurance Corp\",\"url\":\"https:\/\/insurancecorp.com.br\/pt\/\",\"sameAs\":[\"https:\/\/www.facebook.com\/RevistaInsuranceCorp\/\"],\"logo\":{\"@type\":\"ImageObject\",\"@id\":\"https:\/\/insurancecorp.com.br\/pt\/#logo\",\"inLanguage\":\"pt-BR\",\"url\":\"\",\"caption\":\"Revista Insurance Corp\"},\"image\":{\"@id\":\"https:\/\/insurancecorp.com.br\/pt\/#logo\"}},{\"@type\":\"WebSite\",\"@id\":\"https:\/\/insurancecorp.com.br\/pt\/#website\",\"url\":\"https:\/\/insurancecorp.com.br\/pt\/\",\"name\":\"Revista Insurance Corp | PT-BR\",\"description\":\"A \\u00fanica revista bil\\u00edngue voltada ao mercado de seguro.\",\"publisher\":{\"@id\":\"https:\/\/insurancecorp.com.br\/pt\/#organization\"},\"potentialAction\":[{\"@type\":\"SearchAction\",\"target\":\"https:\/\/insurancecorp.com.br\/pt\/?s={search_term_string}\",\"query-input\":\"required name=search_term_string\"}],\"inLanguage\":\"pt-BR\"},{\"@type\":\"ImageObject\",\"@id\":\"https:\/\/insurancecorp.com.br\/pt\/2021\/06\/17\/especialista-mostra-dicas-para-a-compra-do-primeiro-carro\/#primaryimage\",\"inLanguage\":\"pt-BR\",\"url\":\"https:\/\/insurancecorp.com.br\/pt\/wp-content\/uploads\/2021\/06\/academia-Travelers-12.jpg\",\"width\":1280,\"height\":853},{\"@type\":\"WebPage\",\"@id\":\"https:\/\/insurancecorp.com.br\/pt\/2021\/06\/17\/especialista-mostra-dicas-para-a-compra-do-primeiro-carro\/#webpage\",\"url\":\"https:\/\/insurancecorp.com.br\/pt\/2021\/06\/17\/especialista-mostra-dicas-para-a-compra-do-primeiro-carro\/\",\"name\":\"Especialista mostra dicas para a compra do primeiro carro | Revista Insurance Corp | PT-BR\",\"isPartOf\":{\"@id\":\"https:\/\/insurancecorp.com.br\/pt\/#website\"},\"primaryImageOfPage\":{\"@id\":\"https:\/\/insurancecorp.com.br\/pt\/2021\/06\/17\/especialista-mostra-dicas-para-a-compra-do-primeiro-carro\/#primaryimage\"},\"datePublished\":\"2021-06-17T22:46:54+00:00\",\"dateModified\":\"2021-06-17T22:47:22+00:00\",\"inLanguage\":\"pt-BR\",\"potentialAction\":[{\"@type\":\"ReadAction\",\"target\":[\"https:\/\/insurancecorp.com.br\/pt\/2021\/06\/17\/especialista-mostra-dicas-para-a-compra-do-primeiro-carro\/\"]}]},{\"@type\":\"Article\",\"@id\":\"https:\/\/insurancecorp.com.br\/pt\/2021\/06\/17\/especialista-mostra-dicas-para-a-compra-do-primeiro-carro\/#article\",\"isPartOf\":{\"@id\":\"https:\/\/insurancecorp.com.br\/pt\/2021\/06\/17\/especialista-mostra-dicas-para-a-compra-do-primeiro-carro\/#webpage\"},\"author\":{\"@id\":\"https:\/\/insurancecorp.com.br\/pt\/#\/schema\/person\/1b69c8cf325f0b7167f1b171f52df4af\"},\"headline\":\"Especialista mostra dicas para a compra do primeiro carro\",\"datePublished\":\"2021-06-17T22:46:54+00:00\",\"dateModified\":\"2021-06-17T22:47:22+00:00\",\"mainEntityOfPage\":{\"@id\":\"https:\/\/insurancecorp.com.br\/pt\/2021\/06\/17\/especialista-mostra-dicas-para-a-compra-do-primeiro-carro\/#webpage\"},\"commentCount\":0,\"publisher\":{\"@id\":\"https:\/\/insurancecorp.com.br\/pt\/#organization\"},\"image\":{\"@id\":\"https:\/\/insurancecorp.com.br\/pt\/2021\/06\/17\/especialista-mostra-dicas-para-a-compra-do-primeiro-carro\/#primaryimage\"},\"articleSection\":\"Allianz Automotive\",\"inLanguage\":\"pt-BR\",\"potentialAction\":[{\"@type\":\"CommentAction\",\"name\":\"Comment\",\"target\":[\"https:\/\/insurancecorp.com.br\/pt\/2021\/06\/17\/especialista-mostra-dicas-para-a-compra-do-primeiro-carro\/#respond\"]}]},{\"@type\":\"Person\",\"@id\":\"https:\/\/insurancecorp.com.br\/pt\/#\/schema\/person\/1b69c8cf325f0b7167f1b171f52df4af\",\"name\":\"Publica\\u00e7\\u00e3o\",\"image\":{\"@type\":\"ImageObject\",\"@id\":\"https:\/\/insurancecorp.com.br\/pt\/#personlogo\",\"inLanguage\":\"pt-BR\",\"url\":\"https:\/\/secure.gravatar.com\/avatar\/17226f1f60486eb25d4c6b301ffed37f?s=96&d=mm&r=g\",\"caption\":\"Publica\\u00e7\\u00e3o\"}}]}<\/script>\n<!-- \/ Yoast SEO plugin. -->","_links":{"self":[{"href":"https:\/\/insurancecorp.com.br\/pt\/wp-json\/wp\/v2\/posts\/26383"}],"collection":[{"href":"https:\/\/insurancecorp.com.br\/pt\/wp-json\/wp\/v2\/posts"}],"about":[{"href":"https:\/\/insurancecorp.com.br\/pt\/wp-json\/wp\/v2\/types\/post"}],"author":[{"embeddable":true,"href":"https:\/\/insurancecorp.com.br\/pt\/wp-json\/wp\/v2\/users\/2"}],"replies":[{"embeddable":true,"href":"https:\/\/insurancecorp.com.br\/pt\/wp-json\/wp\/v2\/comments?post=26383"}],"version-history":[{"count":2,"href":"https:\/\/insurancecorp.com.br\/pt\/wp-json\/wp\/v2\/posts\/26383\/revisions"}],"predecessor-version":[{"id":26386,"href":"https:\/\/insurancecorp.com.br\/pt\/wp-json\/wp\/v2\/posts\/26383\/revisions\/26386"}],"wp:featuredmedia":[{"embeddable":true,"href":"https:\/\/insurancecorp.com.br\/pt\/wp-json\/wp\/v2\/media\/26384"}],"wp:attachment":[{"href":"https:\/\/insurancecorp.com.br\/pt\/wp-json\/wp\/v2\/media?parent=26383"}],"wp:term":[{"taxonomy":"category","embeddable":true,"href":"https:\/\/insurancecorp.com.br\/pt\/wp-json\/wp\/v2\/categories?post=26383"},{"taxonomy":"post_tag","embeddable":true,"href":"https:\/\/insurancecorp.com.br\/pt\/wp-json\/wp\/v2\/tags?post=26383"}],"curies":[{"name":"wp","href":"https:\/\/api.w.org\/{rel}","templated":true}]}}