{"id":26269,"date":"2021-06-15T21:30:51","date_gmt":"2021-06-16T00:30:51","guid":{"rendered":"https:\/\/insurancecorp.com.br\/pt\/?p=26269"},"modified":"2021-06-15T21:30:51","modified_gmt":"2021-06-16T00:30:51","slug":"bradesco-seguros-promove-mais-um-treinando-e-motivando-e-premia-os-destaques","status":"publish","type":"post","link":"https:\/\/insurancecorp.com.br\/pt\/2021\/06\/15\/bradesco-seguros-promove-mais-um-treinando-e-motivando-e-premia-os-destaques\/","title":{"rendered":"Bradesco Seguros promove mais um &#8220;Treinando e Motivando&#8221; e premia os destaques"},"content":{"rendered":"<p>Na \u00faltima semana, nos dias 10 e 11 de junho, a Bradesco Seguros realizou a edi\u00e7\u00e3o 2021 do evento &#8220;Treinando e Motivando&#8221; &#8211; T&#038;M, uma das maiores campanhas comerciais da Organiza\u00e7\u00e3o de Vendas do Grupo Bradesco Seguros, voltada ao segmento de Corretores Rede. Desta vez, a a\u00e7\u00e3o ocorreu no formato virtual, trazendo uma experi\u00eancia digital l\u00fadica e interativa. E o tema escolhido para os dois dias de evento foi &#8220;Miss\u00e3o 2021 &#8211; Uma jornada de Conquistas&#8221;. <\/p>\n<p>O T&#038;M contou com uma programa\u00e7\u00e3o especial &#8211; incluindo momentos de aprendizado, treinamento e reconhecimento aos que se destacaram durante o ano. Foram premiados funcion\u00e1rios da Organiza\u00e7\u00e3o de Vendas e corretores parceiros do Grupo, que atuam de forma integrada para a venda dos produtos Bradesco Seguros na Rede de Ag\u00eancias Bradesco. A experi\u00eancia trouxe temas relevantes para o cen\u00e1rio atual e apresentou projetos e novas ferramentas de trabalho oferecidas pela seguradora, para que os profissionais possam otimizar as vendas. <\/p>\n<p><strong>Ideal H+K Strategies<\/strong><\/p>\n","protected":false},"excerpt":{"rendered":"<p>Na \u00faltima semana, nos dias 10 e 11 de junho, a Bradesco Seguros realizou a edi\u00e7\u00e3o 2021 do evento &#8220;Treinando e Motivando&#8221; &#8211; T&#038;M, uma das maiores campanhas comerciais da Organiza\u00e7\u00e3o de Vendas do Grupo Bradesco Seguros, voltada ao segmento de Corretores Rede. Desta vez, a a\u00e7\u00e3o ocorreu no formato virtual, trazendo uma experi\u00eancia digital [&hellip;]<\/p>\n","protected":false},"author":2,"featured_media":26270,"comment_status":"open","ping_status":"open","sticky":false,"template":"","format":"standard","meta":[],"categories":[413],"tags":[],"jetpack_featured_media_url":"https:\/\/insurancecorp.com.br\/pt\/wp-content\/uploads\/2021\/06\/aida-2-11.jpg","yoast_head":"<!-- This site is optimized with the Yoast SEO plugin v14.8 - https:\/\/yoast.com\/wordpress\/plugins\/seo\/ -->\n<title>Bradesco Seguros promove mais um &quot;Treinando e Motivando&quot; e premia os destaques | Revista Insurance Corp | PT-BR<\/title>\n<meta name=\"robots\" content=\"index, follow\" \/>\n<meta name=\"googlebot\" content=\"index, follow, max-snippet:-1, max-image-preview:large, max-video-preview:-1\" \/>\n<meta name=\"bingbot\" content=\"index, follow, max-snippet:-1, max-image-preview:large, max-video-preview:-1\" \/>\n<link rel=\"canonical\" href=\"https:\/\/insurancecorp.com.br\/pt\/2021\/06\/15\/bradesco-seguros-promove-mais-um-treinando-e-motivando-e-premia-os-destaques\/\" \/>\n<meta property=\"og:locale\" content=\"pt_BR\" \/>\n<meta property=\"og:type\" content=\"article\" \/>\n<meta property=\"og:title\" content=\"Bradesco Seguros promove mais um &quot;Treinando e Motivando&quot; e premia os destaques | Revista Insurance Corp | PT-BR\" \/>\n<meta property=\"og:description\" content=\"Na \u00faltima semana, nos dias 10 e 11 de junho, a Bradesco Seguros realizou a edi\u00e7\u00e3o 2021 do evento &#8220;Treinando e Motivando&#8221; &#8211; T&#038;M, uma das maiores campanhas comerciais da Organiza\u00e7\u00e3o de Vendas do Grupo Bradesco Seguros, voltada ao segmento de Corretores Rede. Desta vez, a a\u00e7\u00e3o ocorreu no formato virtual, trazendo uma experi\u00eancia digital [&hellip;]\" \/>\n<meta property=\"og:url\" content=\"https:\/\/insurancecorp.com.br\/pt\/2021\/06\/15\/bradesco-seguros-promove-mais-um-treinando-e-motivando-e-premia-os-destaques\/\" \/>\n<meta property=\"og:site_name\" content=\"Revista Insurance Corp | PT-BR\" \/>\n<meta property=\"article:publisher\" content=\"https:\/\/www.facebook.com\/RevistaInsuranceCorp\/\" \/>\n<meta property=\"article:published_time\" content=\"2021-06-16T00:30:51+00:00\" \/>\n<meta property=\"og:image\" content=\"https:\/\/insurancecorp.com.br\/pt\/wp-content\/uploads\/2021\/06\/aida-2-11.jpg\" \/>\n\t<meta property=\"og:image:width\" content=\"1280\" \/>\n\t<meta property=\"og:image:height\" content=\"1103\" \/>\n<meta name=\"twitter:card\" content=\"summary\" \/>\n<script type=\"application\/ld+json\" class=\"yoast-schema-graph\">{\"@context\":\"https:\/\/schema.org\",\"@graph\":[{\"@type\":\"Organization\",\"@id\":\"https:\/\/insurancecorp.com.br\/pt\/#organization\",\"name\":\"Revista Insurance Corp\",\"url\":\"https:\/\/insurancecorp.com.br\/pt\/\",\"sameAs\":[\"https:\/\/www.facebook.com\/RevistaInsuranceCorp\/\"],\"logo\":{\"@type\":\"ImageObject\",\"@id\":\"https:\/\/insurancecorp.com.br\/pt\/#logo\",\"inLanguage\":\"pt-BR\",\"url\":\"\",\"caption\":\"Revista Insurance Corp\"},\"image\":{\"@id\":\"https:\/\/insurancecorp.com.br\/pt\/#logo\"}},{\"@type\":\"WebSite\",\"@id\":\"https:\/\/insurancecorp.com.br\/pt\/#website\",\"url\":\"https:\/\/insurancecorp.com.br\/pt\/\",\"name\":\"Revista Insurance Corp | PT-BR\",\"description\":\"A \\u00fanica revista bil\\u00edngue voltada ao mercado de seguro.\",\"publisher\":{\"@id\":\"https:\/\/insurancecorp.com.br\/pt\/#organization\"},\"potentialAction\":[{\"@type\":\"SearchAction\",\"target\":\"https:\/\/insurancecorp.com.br\/pt\/?s={search_term_string}\",\"query-input\":\"required name=search_term_string\"}],\"inLanguage\":\"pt-BR\"},{\"@type\":\"ImageObject\",\"@id\":\"https:\/\/insurancecorp.com.br\/pt\/2021\/06\/15\/bradesco-seguros-promove-mais-um-treinando-e-motivando-e-premia-os-destaques\/#primaryimage\",\"inLanguage\":\"pt-BR\",\"url\":\"https:\/\/insurancecorp.com.br\/pt\/wp-content\/uploads\/2021\/06\/aida-2-11.jpg\",\"width\":1280,\"height\":1103},{\"@type\":\"WebPage\",\"@id\":\"https:\/\/insurancecorp.com.br\/pt\/2021\/06\/15\/bradesco-seguros-promove-mais-um-treinando-e-motivando-e-premia-os-destaques\/#webpage\",\"url\":\"https:\/\/insurancecorp.com.br\/pt\/2021\/06\/15\/bradesco-seguros-promove-mais-um-treinando-e-motivando-e-premia-os-destaques\/\",\"name\":\"Bradesco Seguros promove mais um \\\"Treinando e Motivando\\\" e premia os destaques | Revista Insurance Corp | PT-BR\",\"isPartOf\":{\"@id\":\"https:\/\/insurancecorp.com.br\/pt\/#website\"},\"primaryImageOfPage\":{\"@id\":\"https:\/\/insurancecorp.com.br\/pt\/2021\/06\/15\/bradesco-seguros-promove-mais-um-treinando-e-motivando-e-premia-os-destaques\/#primaryimage\"},\"datePublished\":\"2021-06-16T00:30:51+00:00\",\"dateModified\":\"2021-06-16T00:30:51+00:00\",\"inLanguage\":\"pt-BR\",\"potentialAction\":[{\"@type\":\"ReadAction\",\"target\":[\"https:\/\/insurancecorp.com.br\/pt\/2021\/06\/15\/bradesco-seguros-promove-mais-um-treinando-e-motivando-e-premia-os-destaques\/\"]}]},{\"@type\":\"Article\",\"@id\":\"https:\/\/insurancecorp.com.br\/pt\/2021\/06\/15\/bradesco-seguros-promove-mais-um-treinando-e-motivando-e-premia-os-destaques\/#article\",\"isPartOf\":{\"@id\":\"https:\/\/insurancecorp.com.br\/pt\/2021\/06\/15\/bradesco-seguros-promove-mais-um-treinando-e-motivando-e-premia-os-destaques\/#webpage\"},\"author\":{\"@id\":\"https:\/\/insurancecorp.com.br\/pt\/#\/schema\/person\/1b69c8cf325f0b7167f1b171f52df4af\"},\"headline\":\"Bradesco Seguros promove mais um &#8220;Treinando e Motivando&#8221; e premia os destaques\",\"datePublished\":\"2021-06-16T00:30:51+00:00\",\"dateModified\":\"2021-06-16T00:30:51+00:00\",\"mainEntityOfPage\":{\"@id\":\"https:\/\/insurancecorp.com.br\/pt\/2021\/06\/15\/bradesco-seguros-promove-mais-um-treinando-e-motivando-e-premia-os-destaques\/#webpage\"},\"commentCount\":0,\"publisher\":{\"@id\":\"https:\/\/insurancecorp.com.br\/pt\/#organization\"},\"image\":{\"@id\":\"https:\/\/insurancecorp.com.br\/pt\/2021\/06\/15\/bradesco-seguros-promove-mais-um-treinando-e-motivando-e-premia-os-destaques\/#primaryimage\"},\"articleSection\":\"Bradesco Seguros\",\"inLanguage\":\"pt-BR\",\"potentialAction\":[{\"@type\":\"CommentAction\",\"name\":\"Comment\",\"target\":[\"https:\/\/insurancecorp.com.br\/pt\/2021\/06\/15\/bradesco-seguros-promove-mais-um-treinando-e-motivando-e-premia-os-destaques\/#respond\"]}]},{\"@type\":\"Person\",\"@id\":\"https:\/\/insurancecorp.com.br\/pt\/#\/schema\/person\/1b69c8cf325f0b7167f1b171f52df4af\",\"name\":\"Publica\\u00e7\\u00e3o\",\"image\":{\"@type\":\"ImageObject\",\"@id\":\"https:\/\/insurancecorp.com.br\/pt\/#personlogo\",\"inLanguage\":\"pt-BR\",\"url\":\"https:\/\/secure.gravatar.com\/avatar\/17226f1f60486eb25d4c6b301ffed37f?s=96&d=mm&r=g\",\"caption\":\"Publica\\u00e7\\u00e3o\"}}]}<\/script>\n<!-- \/ Yoast SEO plugin. -->","_links":{"self":[{"href":"https:\/\/insurancecorp.com.br\/pt\/wp-json\/wp\/v2\/posts\/26269"}],"collection":[{"href":"https:\/\/insurancecorp.com.br\/pt\/wp-json\/wp\/v2\/posts"}],"about":[{"href":"https:\/\/insurancecorp.com.br\/pt\/wp-json\/wp\/v2\/types\/post"}],"author":[{"embeddable":true,"href":"https:\/\/insurancecorp.com.br\/pt\/wp-json\/wp\/v2\/users\/2"}],"replies":[{"embeddable":true,"href":"https:\/\/insurancecorp.com.br\/pt\/wp-json\/wp\/v2\/comments?post=26269"}],"version-history":[{"count":1,"href":"https:\/\/insurancecorp.com.br\/pt\/wp-json\/wp\/v2\/posts\/26269\/revisions"}],"predecessor-version":[{"id":26271,"href":"https:\/\/insurancecorp.com.br\/pt\/wp-json\/wp\/v2\/posts\/26269\/revisions\/26271"}],"wp:featuredmedia":[{"embeddable":true,"href":"https:\/\/insurancecorp.com.br\/pt\/wp-json\/wp\/v2\/media\/26270"}],"wp:attachment":[{"href":"https:\/\/insurancecorp.com.br\/pt\/wp-json\/wp\/v2\/media?parent=26269"}],"wp:term":[{"taxonomy":"category","embeddable":true,"href":"https:\/\/insurancecorp.com.br\/pt\/wp-json\/wp\/v2\/categories?post=26269"},{"taxonomy":"post_tag","embeddable":true,"href":"https:\/\/insurancecorp.com.br\/pt\/wp-json\/wp\/v2\/tags?post=26269"}],"curies":[{"name":"wp","href":"https:\/\/api.w.org\/{rel}","templated":true}]}}