{"id":26045,"date":"2021-06-09T16:41:58","date_gmt":"2021-06-09T19:41:58","guid":{"rendered":"https:\/\/insurancecorp.com.br\/pt\/?p=26045"},"modified":"2021-06-09T16:42:25","modified_gmt":"2021-06-09T19:42:25","slug":"bradesco-seguros-promove-acoes-para-minimizar-impactos-climaticos","status":"publish","type":"post","link":"https:\/\/insurancecorp.com.br\/pt\/2021\/06\/09\/bradesco-seguros-promove-acoes-para-minimizar-impactos-climaticos\/","title":{"rendered":"Bradesco Seguros promove a\u00e7\u00f5es para minimizar impactos clim\u00e1ticos"},"content":{"rendered":"<p>Como forma de promover a Semana do Meio Ambiente, a Bradesco Seguros refor\u00e7a seus compromissos de contribuir com a sustentabilidade, por meio das pr\u00e1ticas ASG (Ambiental, Social e Governan\u00e7a) &#8211; seja por meio de normas relacionadas ao tema, avaliando a cria\u00e7\u00e3o de novos produtos e servi\u00e7os sustent\u00e1veis e monitorando os impactos de suas opera\u00e7\u00f5es. Esse per\u00edodo vai de 07 a 11 de junho e envolve uma s\u00e9rie de a\u00e7\u00f5es com temas estrat\u00e9gicos relacionados a sustentabilidade, como Neg\u00f3cios Sustent\u00e1veis, Mudan\u00e7as Clim\u00e1ticas, Diversidade, Investimento Social, Clientes e Inova\u00e7\u00e3o. <\/p>\n<p>Para Valdirene Soares &#8211; Diretora de Recursos Humanos, Ouvidoria e Sustentabilidade da Bradesco Seguros, avaliar os impactos no meio ambiente \u00e9 essencial para o mercado segurador. &#8220;Nesse contexto, buscamos garantir que nossas opera\u00e7\u00f5es e neg\u00f3cios estejam preparados para os desafios clim\u00e1ticos, fortalecendo a governan\u00e7a referente ao assunto e implementando estrat\u00e9gias e processos de gest\u00e3o de riscos e oportunidades relacionados ao tema&#8221;, detalha. <\/p>\n<p>Como forma de fortalecer esses objetivos, a seguradora possui uma Comiss\u00e3o de Sustentabilidade, que define uma s\u00e9rie de a\u00e7\u00f5es e iniciativas voltadas ao tema. Destacamos algumas iniciativas abaixo: <\/p>\n<p><strong>Revis\u00e3o de produtos e servi\u00e7os<\/strong>: A seguradora tem estruturado processos de revis\u00e3o do seu portf\u00f3lio de produtos e servi\u00e7os considerando uma s\u00e9rie de fatores socioambientais na avalia\u00e7\u00e3o e manuten\u00e7\u00e3o dessas solu\u00e7\u00f5es. Dessa forma, \u00e9 poss\u00edvel identificar e mitigar poss\u00edveis impactos indiretos do nosso portf\u00f3lio, bem como o aproveitamento de oportunidades e a gera\u00e7\u00e3o de valor compartilhado. <\/p>\n<p>&#8220;Para atender essa demanda, algumas provid\u00eancias importantes t\u00eam sido tomadas, incluindo o aculturamento em sustentabilidade junto \u00e0s \u00e1reas e empresas; a inser\u00e7\u00e3o de cl\u00e1usulas com crit\u00e9rios ASG e de Mudan\u00e7as Clim\u00e1ticas nos contratos de clientes das empresas; al\u00e9m da inclus\u00e3o na Norma de Investimento a An\u00e1lise de Risco e Oportunidades referentes aos crit\u00e9rios ASG e Mudan\u00e7as Clim\u00e1ticas&#8221;, destaca a executiva. <\/p>\n<p><strong>Opera\u00e7\u00e3o Calamidade<\/strong>: A\u00e7\u00e3o que visa auxiliar os clientes da Bradesco Seguros a adapta\u00e7\u00e3o \u00e0s mudan\u00e7as clim\u00e1ticas, reduzindo de forma mais r\u00e1pida poss\u00edvel o atendimento aos sinistros e pagamento das indeniza\u00e7\u00f5es em atendimentos a situa\u00e7\u00f5es climatol\u00f3gicas severas. O benef\u00edcio pode ser inclu\u00eddo em trag\u00e9dias naturais aos segurados dos produtos de autom\u00f3veis (coberturas para alagamento) e residenciais, empresariais, condom\u00ednio e de equipamentos (cobertura para vendavais e queda de granizo). Desde de seu in\u00edcio, j\u00e1 foi acionada 33 vezes, teve mais de R$ 17 milh\u00f5es pagos em indeniza\u00e7\u00f5es e 2020 foi o ano de recordes da Opera\u00e7\u00e3o Calamidade. <\/p>\n<p><strong>Anjo da Guarda<\/strong>: Iniciativa que auxilia em consertos de pequena complexidade, evitando o reboque e reduzindo o consumo de combust\u00edvel e emiss\u00e3o de gases poluentes. Garante ainda maior agilidade no atendimento, uma vez que o tempo m\u00e9dio de chegada de um guincho \u00e9 de 40 minutos, enquanto o tempo m\u00e9dio de chegada do Anjo da Guarda \u00e9 de 15 minutos. <\/p>\n<p><strong>Ideal H+K Strategies<\/strong><\/p>\n","protected":false},"excerpt":{"rendered":"<p>Como forma de promover a Semana do Meio Ambiente, a Bradesco Seguros refor\u00e7a seus compromissos de contribuir com a sustentabilidade, por meio das pr\u00e1ticas ASG (Ambiental, Social e Governan\u00e7a) &#8211; seja por meio de normas relacionadas ao tema, avaliando a cria\u00e7\u00e3o de novos produtos e servi\u00e7os sustent\u00e1veis e monitorando os impactos de suas opera\u00e7\u00f5es. Esse [&hellip;]<\/p>\n","protected":false},"author":2,"featured_media":26046,"comment_status":"open","ping_status":"open","sticky":false,"template":"","format":"standard","meta":[],"categories":[413],"tags":[],"jetpack_featured_media_url":"https:\/\/insurancecorp.com.br\/pt\/wp-content\/uploads\/2021\/06\/aida-1.jpg","yoast_head":"<!-- This site is optimized with the Yoast SEO plugin v14.8 - https:\/\/yoast.com\/wordpress\/plugins\/seo\/ -->\n<title>Bradesco Seguros promove a\u00e7\u00f5es para minimizar impactos clim\u00e1ticos | Revista Insurance Corp | PT-BR<\/title>\n<meta name=\"robots\" content=\"index, follow\" \/>\n<meta name=\"googlebot\" content=\"index, follow, max-snippet:-1, max-image-preview:large, max-video-preview:-1\" \/>\n<meta name=\"bingbot\" content=\"index, follow, max-snippet:-1, max-image-preview:large, max-video-preview:-1\" \/>\n<link rel=\"canonical\" href=\"https:\/\/insurancecorp.com.br\/pt\/2021\/06\/09\/bradesco-seguros-promove-acoes-para-minimizar-impactos-climaticos\/\" \/>\n<meta property=\"og:locale\" content=\"pt_BR\" \/>\n<meta property=\"og:type\" content=\"article\" \/>\n<meta property=\"og:title\" content=\"Bradesco Seguros promove a\u00e7\u00f5es para minimizar impactos clim\u00e1ticos | Revista Insurance Corp | PT-BR\" \/>\n<meta property=\"og:description\" content=\"Como forma de promover a Semana do Meio Ambiente, a Bradesco Seguros refor\u00e7a seus compromissos de contribuir com a sustentabilidade, por meio das pr\u00e1ticas ASG (Ambiental, Social e Governan\u00e7a) &#8211; seja por meio de normas relacionadas ao tema, avaliando a cria\u00e7\u00e3o de novos produtos e servi\u00e7os sustent\u00e1veis e monitorando os impactos de suas opera\u00e7\u00f5es. Esse [&hellip;]\" \/>\n<meta property=\"og:url\" content=\"https:\/\/insurancecorp.com.br\/pt\/2021\/06\/09\/bradesco-seguros-promove-acoes-para-minimizar-impactos-climaticos\/\" \/>\n<meta property=\"og:site_name\" content=\"Revista Insurance Corp | PT-BR\" \/>\n<meta property=\"article:publisher\" content=\"https:\/\/www.facebook.com\/RevistaInsuranceCorp\/\" \/>\n<meta property=\"article:published_time\" content=\"2021-06-09T19:41:58+00:00\" \/>\n<meta property=\"article:modified_time\" content=\"2021-06-09T19:42:25+00:00\" \/>\n<meta property=\"og:image\" content=\"https:\/\/insurancecorp.com.br\/pt\/wp-content\/uploads\/2021\/06\/aida-1-1024x659.jpg\" \/>\n\t<meta property=\"og:image:width\" content=\"1024\" \/>\n\t<meta property=\"og:image:height\" content=\"659\" \/>\n<meta name=\"twitter:card\" content=\"summary\" \/>\n<script type=\"application\/ld+json\" class=\"yoast-schema-graph\">{\"@context\":\"https:\/\/schema.org\",\"@graph\":[{\"@type\":\"Organization\",\"@id\":\"https:\/\/insurancecorp.com.br\/pt\/#organization\",\"name\":\"Revista Insurance Corp\",\"url\":\"https:\/\/insurancecorp.com.br\/pt\/\",\"sameAs\":[\"https:\/\/www.facebook.com\/RevistaInsuranceCorp\/\"],\"logo\":{\"@type\":\"ImageObject\",\"@id\":\"https:\/\/insurancecorp.com.br\/pt\/#logo\",\"inLanguage\":\"pt-BR\",\"url\":\"\",\"caption\":\"Revista Insurance Corp\"},\"image\":{\"@id\":\"https:\/\/insurancecorp.com.br\/pt\/#logo\"}},{\"@type\":\"WebSite\",\"@id\":\"https:\/\/insurancecorp.com.br\/pt\/#website\",\"url\":\"https:\/\/insurancecorp.com.br\/pt\/\",\"name\":\"Revista Insurance Corp | PT-BR\",\"description\":\"A \\u00fanica revista bil\\u00edngue voltada ao mercado de seguro.\",\"publisher\":{\"@id\":\"https:\/\/insurancecorp.com.br\/pt\/#organization\"},\"potentialAction\":[{\"@type\":\"SearchAction\",\"target\":\"https:\/\/insurancecorp.com.br\/pt\/?s={search_term_string}\",\"query-input\":\"required name=search_term_string\"}],\"inLanguage\":\"pt-BR\"},{\"@type\":\"ImageObject\",\"@id\":\"https:\/\/insurancecorp.com.br\/pt\/2021\/06\/09\/bradesco-seguros-promove-acoes-para-minimizar-impactos-climaticos\/#primaryimage\",\"inLanguage\":\"pt-BR\",\"url\":\"https:\/\/insurancecorp.com.br\/pt\/wp-content\/uploads\/2021\/06\/aida-1.jpg\",\"width\":1280,\"height\":824},{\"@type\":\"WebPage\",\"@id\":\"https:\/\/insurancecorp.com.br\/pt\/2021\/06\/09\/bradesco-seguros-promove-acoes-para-minimizar-impactos-climaticos\/#webpage\",\"url\":\"https:\/\/insurancecorp.com.br\/pt\/2021\/06\/09\/bradesco-seguros-promove-acoes-para-minimizar-impactos-climaticos\/\",\"name\":\"Bradesco Seguros promove a\\u00e7\\u00f5es para minimizar impactos clim\\u00e1ticos | Revista Insurance Corp | PT-BR\",\"isPartOf\":{\"@id\":\"https:\/\/insurancecorp.com.br\/pt\/#website\"},\"primaryImageOfPage\":{\"@id\":\"https:\/\/insurancecorp.com.br\/pt\/2021\/06\/09\/bradesco-seguros-promove-acoes-para-minimizar-impactos-climaticos\/#primaryimage\"},\"datePublished\":\"2021-06-09T19:41:58+00:00\",\"dateModified\":\"2021-06-09T19:42:25+00:00\",\"inLanguage\":\"pt-BR\",\"potentialAction\":[{\"@type\":\"ReadAction\",\"target\":[\"https:\/\/insurancecorp.com.br\/pt\/2021\/06\/09\/bradesco-seguros-promove-acoes-para-minimizar-impactos-climaticos\/\"]}]},{\"@type\":\"Article\",\"@id\":\"https:\/\/insurancecorp.com.br\/pt\/2021\/06\/09\/bradesco-seguros-promove-acoes-para-minimizar-impactos-climaticos\/#article\",\"isPartOf\":{\"@id\":\"https:\/\/insurancecorp.com.br\/pt\/2021\/06\/09\/bradesco-seguros-promove-acoes-para-minimizar-impactos-climaticos\/#webpage\"},\"author\":{\"@id\":\"https:\/\/insurancecorp.com.br\/pt\/#\/schema\/person\/1b69c8cf325f0b7167f1b171f52df4af\"},\"headline\":\"Bradesco Seguros promove a\\u00e7\\u00f5es para minimizar impactos clim\\u00e1ticos\",\"datePublished\":\"2021-06-09T19:41:58+00:00\",\"dateModified\":\"2021-06-09T19:42:25+00:00\",\"mainEntityOfPage\":{\"@id\":\"https:\/\/insurancecorp.com.br\/pt\/2021\/06\/09\/bradesco-seguros-promove-acoes-para-minimizar-impactos-climaticos\/#webpage\"},\"commentCount\":0,\"publisher\":{\"@id\":\"https:\/\/insurancecorp.com.br\/pt\/#organization\"},\"image\":{\"@id\":\"https:\/\/insurancecorp.com.br\/pt\/2021\/06\/09\/bradesco-seguros-promove-acoes-para-minimizar-impactos-climaticos\/#primaryimage\"},\"articleSection\":\"Bradesco Seguros\",\"inLanguage\":\"pt-BR\",\"potentialAction\":[{\"@type\":\"CommentAction\",\"name\":\"Comment\",\"target\":[\"https:\/\/insurancecorp.com.br\/pt\/2021\/06\/09\/bradesco-seguros-promove-acoes-para-minimizar-impactos-climaticos\/#respond\"]}]},{\"@type\":\"Person\",\"@id\":\"https:\/\/insurancecorp.com.br\/pt\/#\/schema\/person\/1b69c8cf325f0b7167f1b171f52df4af\",\"name\":\"Publica\\u00e7\\u00e3o\",\"image\":{\"@type\":\"ImageObject\",\"@id\":\"https:\/\/insurancecorp.com.br\/pt\/#personlogo\",\"inLanguage\":\"pt-BR\",\"url\":\"https:\/\/secure.gravatar.com\/avatar\/17226f1f60486eb25d4c6b301ffed37f?s=96&d=mm&r=g\",\"caption\":\"Publica\\u00e7\\u00e3o\"}}]}<\/script>\n<!-- \/ Yoast SEO plugin. -->","_links":{"self":[{"href":"https:\/\/insurancecorp.com.br\/pt\/wp-json\/wp\/v2\/posts\/26045"}],"collection":[{"href":"https:\/\/insurancecorp.com.br\/pt\/wp-json\/wp\/v2\/posts"}],"about":[{"href":"https:\/\/insurancecorp.com.br\/pt\/wp-json\/wp\/v2\/types\/post"}],"author":[{"embeddable":true,"href":"https:\/\/insurancecorp.com.br\/pt\/wp-json\/wp\/v2\/users\/2"}],"replies":[{"embeddable":true,"href":"https:\/\/insurancecorp.com.br\/pt\/wp-json\/wp\/v2\/comments?post=26045"}],"version-history":[{"count":1,"href":"https:\/\/insurancecorp.com.br\/pt\/wp-json\/wp\/v2\/posts\/26045\/revisions"}],"predecessor-version":[{"id":26047,"href":"https:\/\/insurancecorp.com.br\/pt\/wp-json\/wp\/v2\/posts\/26045\/revisions\/26047"}],"wp:featuredmedia":[{"embeddable":true,"href":"https:\/\/insurancecorp.com.br\/pt\/wp-json\/wp\/v2\/media\/26046"}],"wp:attachment":[{"href":"https:\/\/insurancecorp.com.br\/pt\/wp-json\/wp\/v2\/media?parent=26045"}],"wp:term":[{"taxonomy":"category","embeddable":true,"href":"https:\/\/insurancecorp.com.br\/pt\/wp-json\/wp\/v2\/categories?post=26045"},{"taxonomy":"post_tag","embeddable":true,"href":"https:\/\/insurancecorp.com.br\/pt\/wp-json\/wp\/v2\/tags?post=26045"}],"curies":[{"name":"wp","href":"https:\/\/api.w.org\/{rel}","templated":true}]}}