{"id":25996,"date":"2021-06-07T18:20:54","date_gmt":"2021-06-07T21:20:54","guid":{"rendered":"https:\/\/insurancecorp.com.br\/pt\/?p=25996"},"modified":"2021-06-07T18:27:35","modified_gmt":"2021-06-07T21:27:35","slug":"zurich-lanca-app-de-gestao-de-qualidade-de-vida-para-colaboradores","status":"publish","type":"post","link":"https:\/\/insurancecorp.com.br\/pt\/2021\/06\/07\/zurich-lanca-app-de-gestao-de-qualidade-de-vida-para-colaboradores\/","title":{"rendered":"Zurich lan\u00e7a app de gest\u00e3o de qualidade de vida para colaboradores"},"content":{"rendered":"<p>A Zurich acaba de dar mais um passo importante em seu programa de sa\u00fade e bem-estar para seus funcion\u00e1rios no Brasil: o lan\u00e7amento do aplicativo Equil\u00edbrio Z, que tem por objetivo auxili\u00e1-los, assim como seus familiares, a integrarem gest\u00e3o de sa\u00fade, bem-estar e qualidade de vida em uma s\u00f3 plataforma. O app re\u00fane todas as a\u00e7\u00f5es e vantagens do programa, tamb\u00e9m chamado Equil\u00edbrio Z, que d\u00e1 suporte \u00e0s dimens\u00f5es f\u00edsica, emocional, financeira e social da sa\u00fade aos colaboradores e suas fam\u00edlias.<\/p>\n<p>Com o aplicativo, os funcion\u00e1rios da Zurich, seus c\u00f4njuges e filhos (maiores de 18 anos) ter\u00e3o \u00e0 sua disposi\u00e7\u00e3o ferramentas como: protocolos de avalia\u00e7\u00e3o de sua sa\u00fade f\u00edsica e emocional, com question\u00e1rios validados por especialistas; acesso a conte\u00fado personalizado, com base nas metas de sa\u00fade de cada usu\u00e1rio; hist\u00f3rico de sa\u00fade, com possibilidade de inclus\u00e3o de calend\u00e1rio vacinal e resultados de exames j\u00e1 realizados; e encaminhamento ao portal das operadoras de sa\u00fade, para agendamento de consulta. Todas as informa\u00e7\u00f5es concedidas pelo usu\u00e1rio s\u00e3o sigilosas.<\/p>\n<p>\u201cO app Equil\u00edbrio Z foi criado para potencializar as a\u00e7\u00f5es do programa de sa\u00fade e bem-estar da companhia, com o objetivo maior de ajudar o colaborador e sua fam\u00edlia a cuidarem da sa\u00fade de maneira simples e completa\u201d, explica o Diretor de Recursos Humanos da Zurich no Brasil, Carlos Toledo. \u201cTodas essas fun\u00e7\u00f5es, \u00e0s quais ainda se somam artigos informativos e a integra\u00e7\u00e3o com as atividades oferecidas pelo programa, transformam o aplicativo em uma ferramenta high level para a gest\u00e3o da sa\u00fade pelo colaborador\u201d.<\/p>\n<p>Em tempos de pandemia, o app da Zurich conta tamb\u00e9m com um m\u00f3dulo de monitoramento para casos de Covid-19. Os usu\u00e1rios podem responder a um question\u00e1rio inicial de an\u00e1lise de risco para a doen\u00e7a e depois a notifica\u00e7\u00f5es peri\u00f3dicas de verifica\u00e7\u00e3o de seu estado de sa\u00fade. Os casos identificados com dificuldade respirat\u00f3ria ou alto risco para a Covid-19 ser\u00e3o acompanhados por uma equipe m\u00e9dica via contato telef\u00f4nico.<\/p>\n<p>\u201cN\u00f3s sempre reconhecemos a import\u00e2ncia de dar suporte ao colaborador em sua sa\u00fade geral e, com a pandemia, as pessoas est\u00e3o dando mais aten\u00e7\u00e3o ao seu bem-estar.  Acreditamos que o app far\u00e1 uma grande diferen\u00e7a para a qualidade de vida dos nossos colaboradores e nos permitir\u00e1 apoi\u00e1-los de maneira mais direta nessa gest\u00e3o\u201d, pontua o executivo.<\/p>\n<p><strong>Programa Equil\u00edbrio Z<\/strong><\/p>\n<p>O aplicativo da Zurich oferece integra\u00e7\u00e3o com as atividades do programa Equil\u00edbrio Z, que foi lan\u00e7ado em 2019 na companhia e disp\u00f5e de uma s\u00e9rie de benef\u00edcios para os seus funcion\u00e1rios, em quatro dimens\u00f5es da sa\u00fade.<\/p>\n<p>Para a sa\u00fade f\u00edsica, o programa contempla GymPass, seguros sa\u00fade e odontol\u00f3gico, telemedicina, campanhas de vacina\u00e7\u00e3o e a\u00e7\u00f5es de conscientiza\u00e7\u00e3o, entre outras iniciativas. J\u00e1 na sa\u00fade emocional, os funcion\u00e1rios podem contar com um programa de aconselhamento psicol\u00f3gico, terapias, medita\u00e7\u00e3o e atividades variadas. Para a sa\u00fade social, destacam-se a jornada flex\u00edvel, trabalho remoto e o n\u00e3o estabelecimento de um dress code. J\u00e1 para a sa\u00fade financeira, a companhia oferece programas de orienta\u00e7\u00e3o jur\u00eddica e financeira, condi\u00e7\u00f5es diferenciadas de seguro de vida e previd\u00eancia privada, aux\u00edlio creche\/bab\u00e1 e a\u00e7\u00f5es diversas de educa\u00e7\u00e3o financeira.<\/p>\n<p>A companhia ainda contou com a\u00e7\u00f5es espec\u00edficas focadas no cen\u00e1rio de pandemia. Al\u00e9m de providenciar todas as condi\u00e7\u00f5es para o trabalho remoto, situa\u00e7\u00e3o na qual a empresa permanece, e fazer um monitoramento dos casos de Covid-19 dos colaboradores e de seus familiares, a Zurich ainda estendeu o grupo familiar eleg\u00edvel ao aux\u00edlio funeral (c\u00f4njuge, filhos de qualquer idade, pais, av\u00f3s e sogros), a fim de apoiar as fam\u00edlias em um momento delicado.<\/p>\n<p>\u201cN\u00f3s temos como promessa aos nossos colaboradores o crescimento m\u00fatuo. E isso s\u00f3 \u00e9 poss\u00edvel se garantirmos, ao m\u00e1ximo, uma boa qualidade de vida e o bem-estar dos nossos, em todas as esferas. O programa Equil\u00edbrio Z traduz esse compromisso para a pr\u00e1tica de maneira muito clara, e continuaremos aprimorando nossas a\u00e7\u00f5es em prol desse objetivo, que \u00e9 um dos pilares de nossa atua\u00e7\u00e3o no Brasil\u201d, finaliza Carlos Toledo.<\/p>\n<p><strong>Conte\u00fado Comunica\u00e7\u00e3o<\/strong><\/p>\n","protected":false},"excerpt":{"rendered":"<p>A Zurich acaba de dar mais um passo importante em seu programa de sa\u00fade e bem-estar para seus funcion\u00e1rios no Brasil: o lan\u00e7amento do aplicativo Equil\u00edbrio Z, que tem por objetivo auxili\u00e1-los, assim como seus familiares, a integrarem gest\u00e3o de sa\u00fade, bem-estar e qualidade de vida em uma s\u00f3 plataforma. O app re\u00fane todas as [&hellip;]<\/p>\n","protected":false},"author":2,"featured_media":25997,"comment_status":"open","ping_status":"open","sticky":false,"template":"","format":"standard","meta":[],"categories":[523],"tags":[],"jetpack_featured_media_url":"https:\/\/insurancecorp.com.br\/pt\/wp-content\/uploads\/2021\/06\/aida-scaled.jpg","yoast_head":"<!-- This site is optimized with the Yoast SEO plugin v14.8 - https:\/\/yoast.com\/wordpress\/plugins\/seo\/ -->\n<title>Zurich lan\u00e7a app de gest\u00e3o de qualidade de vida para colaboradores | Revista Insurance Corp | PT-BR<\/title>\n<meta name=\"robots\" content=\"index, follow\" \/>\n<meta name=\"googlebot\" content=\"index, follow, max-snippet:-1, max-image-preview:large, max-video-preview:-1\" \/>\n<meta name=\"bingbot\" content=\"index, follow, max-snippet:-1, max-image-preview:large, max-video-preview:-1\" \/>\n<link rel=\"canonical\" href=\"https:\/\/insurancecorp.com.br\/pt\/2021\/06\/07\/zurich-lanca-app-de-gestao-de-qualidade-de-vida-para-colaboradores\/\" \/>\n<meta property=\"og:locale\" content=\"pt_BR\" \/>\n<meta property=\"og:type\" content=\"article\" \/>\n<meta property=\"og:title\" content=\"Zurich lan\u00e7a app de gest\u00e3o de qualidade de vida para colaboradores | Revista Insurance Corp | PT-BR\" \/>\n<meta property=\"og:description\" content=\"A Zurich acaba de dar mais um passo importante em seu programa de sa\u00fade e bem-estar para seus funcion\u00e1rios no Brasil: o lan\u00e7amento do aplicativo Equil\u00edbrio Z, que tem por objetivo auxili\u00e1-los, assim como seus familiares, a integrarem gest\u00e3o de sa\u00fade, bem-estar e qualidade de vida em uma s\u00f3 plataforma. O app re\u00fane todas as [&hellip;]\" \/>\n<meta property=\"og:url\" content=\"https:\/\/insurancecorp.com.br\/pt\/2021\/06\/07\/zurich-lanca-app-de-gestao-de-qualidade-de-vida-para-colaboradores\/\" \/>\n<meta property=\"og:site_name\" content=\"Revista Insurance Corp | PT-BR\" \/>\n<meta property=\"article:publisher\" content=\"https:\/\/www.facebook.com\/RevistaInsuranceCorp\/\" \/>\n<meta property=\"article:published_time\" content=\"2021-06-07T21:20:54+00:00\" \/>\n<meta property=\"article:modified_time\" content=\"2021-06-07T21:27:35+00:00\" \/>\n<meta property=\"og:image\" content=\"https:\/\/insurancecorp.com.br\/pt\/wp-content\/uploads\/2021\/06\/aida-scaled.jpg\" \/>\n\t<meta property=\"og:image:width\" content=\"2560\" \/>\n\t<meta property=\"og:image:height\" content=\"1707\" \/>\n<meta name=\"twitter:card\" content=\"summary\" \/>\n<script type=\"application\/ld+json\" class=\"yoast-schema-graph\">{\"@context\":\"https:\/\/schema.org\",\"@graph\":[{\"@type\":\"Organization\",\"@id\":\"https:\/\/insurancecorp.com.br\/pt\/#organization\",\"name\":\"Revista Insurance Corp\",\"url\":\"https:\/\/insurancecorp.com.br\/pt\/\",\"sameAs\":[\"https:\/\/www.facebook.com\/RevistaInsuranceCorp\/\"],\"logo\":{\"@type\":\"ImageObject\",\"@id\":\"https:\/\/insurancecorp.com.br\/pt\/#logo\",\"inLanguage\":\"pt-BR\",\"url\":\"\",\"caption\":\"Revista Insurance Corp\"},\"image\":{\"@id\":\"https:\/\/insurancecorp.com.br\/pt\/#logo\"}},{\"@type\":\"WebSite\",\"@id\":\"https:\/\/insurancecorp.com.br\/pt\/#website\",\"url\":\"https:\/\/insurancecorp.com.br\/pt\/\",\"name\":\"Revista Insurance Corp | PT-BR\",\"description\":\"A \\u00fanica revista bil\\u00edngue voltada ao mercado de seguro.\",\"publisher\":{\"@id\":\"https:\/\/insurancecorp.com.br\/pt\/#organization\"},\"potentialAction\":[{\"@type\":\"SearchAction\",\"target\":\"https:\/\/insurancecorp.com.br\/pt\/?s={search_term_string}\",\"query-input\":\"required name=search_term_string\"}],\"inLanguage\":\"pt-BR\"},{\"@type\":\"ImageObject\",\"@id\":\"https:\/\/insurancecorp.com.br\/pt\/2021\/06\/07\/zurich-lanca-app-de-gestao-de-qualidade-de-vida-para-colaboradores\/#primaryimage\",\"inLanguage\":\"pt-BR\",\"url\":\"https:\/\/insurancecorp.com.br\/pt\/wp-content\/uploads\/2021\/06\/aida-scaled.jpg\",\"width\":2560,\"height\":1707,\"caption\":\"Carlos Toledo\"},{\"@type\":\"WebPage\",\"@id\":\"https:\/\/insurancecorp.com.br\/pt\/2021\/06\/07\/zurich-lanca-app-de-gestao-de-qualidade-de-vida-para-colaboradores\/#webpage\",\"url\":\"https:\/\/insurancecorp.com.br\/pt\/2021\/06\/07\/zurich-lanca-app-de-gestao-de-qualidade-de-vida-para-colaboradores\/\",\"name\":\"Zurich lan\\u00e7a app de gest\\u00e3o de qualidade de vida para colaboradores | Revista Insurance Corp | PT-BR\",\"isPartOf\":{\"@id\":\"https:\/\/insurancecorp.com.br\/pt\/#website\"},\"primaryImageOfPage\":{\"@id\":\"https:\/\/insurancecorp.com.br\/pt\/2021\/06\/07\/zurich-lanca-app-de-gestao-de-qualidade-de-vida-para-colaboradores\/#primaryimage\"},\"datePublished\":\"2021-06-07T21:20:54+00:00\",\"dateModified\":\"2021-06-07T21:27:35+00:00\",\"inLanguage\":\"pt-BR\",\"potentialAction\":[{\"@type\":\"ReadAction\",\"target\":[\"https:\/\/insurancecorp.com.br\/pt\/2021\/06\/07\/zurich-lanca-app-de-gestao-de-qualidade-de-vida-para-colaboradores\/\"]}]},{\"@type\":\"Article\",\"@id\":\"https:\/\/insurancecorp.com.br\/pt\/2021\/06\/07\/zurich-lanca-app-de-gestao-de-qualidade-de-vida-para-colaboradores\/#article\",\"isPartOf\":{\"@id\":\"https:\/\/insurancecorp.com.br\/pt\/2021\/06\/07\/zurich-lanca-app-de-gestao-de-qualidade-de-vida-para-colaboradores\/#webpage\"},\"author\":{\"@id\":\"https:\/\/insurancecorp.com.br\/pt\/#\/schema\/person\/1b69c8cf325f0b7167f1b171f52df4af\"},\"headline\":\"Zurich lan\\u00e7a app de gest\\u00e3o de qualidade de vida para colaboradores\",\"datePublished\":\"2021-06-07T21:20:54+00:00\",\"dateModified\":\"2021-06-07T21:27:35+00:00\",\"mainEntityOfPage\":{\"@id\":\"https:\/\/insurancecorp.com.br\/pt\/2021\/06\/07\/zurich-lanca-app-de-gestao-de-qualidade-de-vida-para-colaboradores\/#webpage\"},\"commentCount\":0,\"publisher\":{\"@id\":\"https:\/\/insurancecorp.com.br\/pt\/#organization\"},\"image\":{\"@id\":\"https:\/\/insurancecorp.com.br\/pt\/2021\/06\/07\/zurich-lanca-app-de-gestao-de-qualidade-de-vida-para-colaboradores\/#primaryimage\"},\"articleSection\":\"Zurich no Brasil\",\"inLanguage\":\"pt-BR\",\"potentialAction\":[{\"@type\":\"CommentAction\",\"name\":\"Comment\",\"target\":[\"https:\/\/insurancecorp.com.br\/pt\/2021\/06\/07\/zurich-lanca-app-de-gestao-de-qualidade-de-vida-para-colaboradores\/#respond\"]}]},{\"@type\":\"Person\",\"@id\":\"https:\/\/insurancecorp.com.br\/pt\/#\/schema\/person\/1b69c8cf325f0b7167f1b171f52df4af\",\"name\":\"Publica\\u00e7\\u00e3o\",\"image\":{\"@type\":\"ImageObject\",\"@id\":\"https:\/\/insurancecorp.com.br\/pt\/#personlogo\",\"inLanguage\":\"pt-BR\",\"url\":\"https:\/\/secure.gravatar.com\/avatar\/17226f1f60486eb25d4c6b301ffed37f?s=96&d=mm&r=g\",\"caption\":\"Publica\\u00e7\\u00e3o\"}}]}<\/script>\n<!-- \/ Yoast SEO plugin. -->","_links":{"self":[{"href":"https:\/\/insurancecorp.com.br\/pt\/wp-json\/wp\/v2\/posts\/25996"}],"collection":[{"href":"https:\/\/insurancecorp.com.br\/pt\/wp-json\/wp\/v2\/posts"}],"about":[{"href":"https:\/\/insurancecorp.com.br\/pt\/wp-json\/wp\/v2\/types\/post"}],"author":[{"embeddable":true,"href":"https:\/\/insurancecorp.com.br\/pt\/wp-json\/wp\/v2\/users\/2"}],"replies":[{"embeddable":true,"href":"https:\/\/insurancecorp.com.br\/pt\/wp-json\/wp\/v2\/comments?post=25996"}],"version-history":[{"count":1,"href":"https:\/\/insurancecorp.com.br\/pt\/wp-json\/wp\/v2\/posts\/25996\/revisions"}],"predecessor-version":[{"id":25998,"href":"https:\/\/insurancecorp.com.br\/pt\/wp-json\/wp\/v2\/posts\/25996\/revisions\/25998"}],"wp:featuredmedia":[{"embeddable":true,"href":"https:\/\/insurancecorp.com.br\/pt\/wp-json\/wp\/v2\/media\/25997"}],"wp:attachment":[{"href":"https:\/\/insurancecorp.com.br\/pt\/wp-json\/wp\/v2\/media?parent=25996"}],"wp:term":[{"taxonomy":"category","embeddable":true,"href":"https:\/\/insurancecorp.com.br\/pt\/wp-json\/wp\/v2\/categories?post=25996"},{"taxonomy":"post_tag","embeddable":true,"href":"https:\/\/insurancecorp.com.br\/pt\/wp-json\/wp\/v2\/tags?post=25996"}],"curies":[{"name":"wp","href":"https:\/\/api.w.org\/{rel}","templated":true}]}}