{"id":25856,"date":"2021-06-01T11:29:57","date_gmt":"2021-06-01T14:29:57","guid":{"rendered":"https:\/\/insurancecorp.com.br\/pt\/?p=25856"},"modified":"2021-06-01T11:44:52","modified_gmt":"2021-06-01T14:44:52","slug":"bradesco-promove-webinar-com-executivos-na-semana-do-meio-ambiente","status":"publish","type":"post","link":"https:\/\/insurancecorp.com.br\/pt\/2021\/06\/01\/bradesco-promove-webinar-com-executivos-na-semana-do-meio-ambiente\/","title":{"rendered":"Bradesco  promove Webinar com executivos na Semana do Meio Ambiente"},"content":{"rendered":"<p>Nesta semana, quarta-feira, 02, o Grupo Bradesco Seguros inicia a Semana do Meio Ambiente, em comemora\u00e7\u00e3o ao Dia Mundial do Meio Ambiente, celebrado em 05 de junho. O evento trar\u00e1 debates sobre a import\u00e2ncia das pr\u00e1ticas de Sustentabilidade na seguradora e ter\u00e1 transmiss\u00e3o pelo canal da Bradesco Seguros no YouTube, a partir das 10h. <\/p>\n<p>Temas como Neg\u00f3cios Sustent\u00e1veis, Mudan\u00e7as Clim\u00e1ticas, Diversidade e Inclus\u00e3o, Inova\u00e7\u00e3o, Iniciativas ASG e Investimento Social ser\u00e3o debatidos pelos executivos do Grupo Bradesco Seguros. Ao final de cada conversa, os internautas poder\u00e3o enviar perguntas por meio da plataforma do evento. <\/p>\n<p>O webinar ter\u00e1 a abertura da Diretora de Recursos Humanos e Sustentabilidade, Valdirene Soares, e apresenta\u00e7\u00e3o de Maria Eug\u00eania Sosa Taborda, Coordenadora de Rede para a Am\u00e9rica Latina e Caribe da Iniciativa Financeira do Programa das Na\u00e7\u00f5es Unidas para o Meio Ambiente (UNEP-FI) e ser\u00e1 dividido em dois pain\u00e9is ministrados por: Saint Clair Pereira &#8211; Diretor da Bradesco Auto\/Re; Bernardo Castello &#8211; Diretor da Bradesco Vida e Previd\u00eancia; Estev\u00e3o Escripilitti &#8211; Superintendente Executivo do Departamento Financeiro e de Investimentos e Tha\u00eds Jorge &#8211; Diretora de Servi\u00e7os ao Segurado e Gest\u00e3o M\u00e9dica da Bradesco Sa\u00fade. Valdirene Soares tamb\u00e9m participar\u00e1 de um dos pain\u00e9is. <\/p>\n<p><strong>Ideal H+K Strategies <\/strong><\/p>\n","protected":false},"excerpt":{"rendered":"<p>Nesta semana, quarta-feira, 02, o Grupo Bradesco Seguros inicia a Semana do Meio Ambiente, em comemora\u00e7\u00e3o ao Dia Mundial do Meio Ambiente, celebrado em 05 de junho. O evento trar\u00e1 debates sobre a import\u00e2ncia das pr\u00e1ticas de Sustentabilidade na seguradora e ter\u00e1 transmiss\u00e3o pelo canal da Bradesco Seguros no YouTube, a partir das 10h. Temas [&hellip;]<\/p>\n","protected":false},"author":2,"featured_media":25857,"comment_status":"open","ping_status":"open","sticky":false,"template":"","format":"standard","meta":[],"categories":[413],"tags":[],"jetpack_featured_media_url":"https:\/\/insurancecorp.com.br\/pt\/wp-content\/uploads\/2021\/06\/1-2.jpg","yoast_head":"<!-- This site is optimized with the Yoast SEO plugin v14.8 - https:\/\/yoast.com\/wordpress\/plugins\/seo\/ -->\n<title>Bradesco promove Webinar com executivos na Semana do Meio Ambiente | Revista Insurance Corp | PT-BR<\/title>\n<meta name=\"robots\" content=\"index, follow\" \/>\n<meta name=\"googlebot\" content=\"index, follow, max-snippet:-1, max-image-preview:large, max-video-preview:-1\" \/>\n<meta name=\"bingbot\" content=\"index, follow, max-snippet:-1, max-image-preview:large, max-video-preview:-1\" \/>\n<link rel=\"canonical\" href=\"https:\/\/insurancecorp.com.br\/pt\/2021\/06\/01\/bradesco-promove-webinar-com-executivos-na-semana-do-meio-ambiente\/\" \/>\n<meta property=\"og:locale\" content=\"pt_BR\" \/>\n<meta property=\"og:type\" content=\"article\" \/>\n<meta property=\"og:title\" content=\"Bradesco promove Webinar com executivos na Semana do Meio Ambiente | Revista Insurance Corp | PT-BR\" \/>\n<meta property=\"og:description\" content=\"Nesta semana, quarta-feira, 02, o Grupo Bradesco Seguros inicia a Semana do Meio Ambiente, em comemora\u00e7\u00e3o ao Dia Mundial do Meio Ambiente, celebrado em 05 de junho. O evento trar\u00e1 debates sobre a import\u00e2ncia das pr\u00e1ticas de Sustentabilidade na seguradora e ter\u00e1 transmiss\u00e3o pelo canal da Bradesco Seguros no YouTube, a partir das 10h. Temas [&hellip;]\" \/>\n<meta property=\"og:url\" content=\"https:\/\/insurancecorp.com.br\/pt\/2021\/06\/01\/bradesco-promove-webinar-com-executivos-na-semana-do-meio-ambiente\/\" \/>\n<meta property=\"og:site_name\" content=\"Revista Insurance Corp | PT-BR\" \/>\n<meta property=\"article:publisher\" content=\"https:\/\/www.facebook.com\/RevistaInsuranceCorp\/\" \/>\n<meta property=\"article:published_time\" content=\"2021-06-01T14:29:57+00:00\" \/>\n<meta property=\"article:modified_time\" content=\"2021-06-01T14:44:52+00:00\" \/>\n<meta property=\"og:image\" content=\"https:\/\/insurancecorp.com.br\/pt\/wp-content\/uploads\/2021\/06\/1-2.jpg\" \/>\n\t<meta property=\"og:image:width\" content=\"1280\" \/>\n\t<meta property=\"og:image:height\" content=\"853\" \/>\n<meta name=\"twitter:card\" content=\"summary\" \/>\n<script type=\"application\/ld+json\" class=\"yoast-schema-graph\">{\"@context\":\"https:\/\/schema.org\",\"@graph\":[{\"@type\":\"Organization\",\"@id\":\"https:\/\/insurancecorp.com.br\/pt\/#organization\",\"name\":\"Revista Insurance Corp\",\"url\":\"https:\/\/insurancecorp.com.br\/pt\/\",\"sameAs\":[\"https:\/\/www.facebook.com\/RevistaInsuranceCorp\/\"],\"logo\":{\"@type\":\"ImageObject\",\"@id\":\"https:\/\/insurancecorp.com.br\/pt\/#logo\",\"inLanguage\":\"pt-BR\",\"url\":\"\",\"caption\":\"Revista Insurance Corp\"},\"image\":{\"@id\":\"https:\/\/insurancecorp.com.br\/pt\/#logo\"}},{\"@type\":\"WebSite\",\"@id\":\"https:\/\/insurancecorp.com.br\/pt\/#website\",\"url\":\"https:\/\/insurancecorp.com.br\/pt\/\",\"name\":\"Revista Insurance Corp | PT-BR\",\"description\":\"A \\u00fanica revista bil\\u00edngue voltada ao mercado de seguro.\",\"publisher\":{\"@id\":\"https:\/\/insurancecorp.com.br\/pt\/#organization\"},\"potentialAction\":[{\"@type\":\"SearchAction\",\"target\":\"https:\/\/insurancecorp.com.br\/pt\/?s={search_term_string}\",\"query-input\":\"required name=search_term_string\"}],\"inLanguage\":\"pt-BR\"},{\"@type\":\"ImageObject\",\"@id\":\"https:\/\/insurancecorp.com.br\/pt\/2021\/06\/01\/bradesco-promove-webinar-com-executivos-na-semana-do-meio-ambiente\/#primaryimage\",\"inLanguage\":\"pt-BR\",\"url\":\"https:\/\/insurancecorp.com.br\/pt\/wp-content\/uploads\/2021\/06\/1-2.jpg\",\"width\":1280,\"height\":853},{\"@type\":\"WebPage\",\"@id\":\"https:\/\/insurancecorp.com.br\/pt\/2021\/06\/01\/bradesco-promove-webinar-com-executivos-na-semana-do-meio-ambiente\/#webpage\",\"url\":\"https:\/\/insurancecorp.com.br\/pt\/2021\/06\/01\/bradesco-promove-webinar-com-executivos-na-semana-do-meio-ambiente\/\",\"name\":\"Bradesco promove Webinar com executivos na Semana do Meio Ambiente | Revista Insurance Corp | PT-BR\",\"isPartOf\":{\"@id\":\"https:\/\/insurancecorp.com.br\/pt\/#website\"},\"primaryImageOfPage\":{\"@id\":\"https:\/\/insurancecorp.com.br\/pt\/2021\/06\/01\/bradesco-promove-webinar-com-executivos-na-semana-do-meio-ambiente\/#primaryimage\"},\"datePublished\":\"2021-06-01T14:29:57+00:00\",\"dateModified\":\"2021-06-01T14:44:52+00:00\",\"inLanguage\":\"pt-BR\",\"potentialAction\":[{\"@type\":\"ReadAction\",\"target\":[\"https:\/\/insurancecorp.com.br\/pt\/2021\/06\/01\/bradesco-promove-webinar-com-executivos-na-semana-do-meio-ambiente\/\"]}]},{\"@type\":\"Article\",\"@id\":\"https:\/\/insurancecorp.com.br\/pt\/2021\/06\/01\/bradesco-promove-webinar-com-executivos-na-semana-do-meio-ambiente\/#article\",\"isPartOf\":{\"@id\":\"https:\/\/insurancecorp.com.br\/pt\/2021\/06\/01\/bradesco-promove-webinar-com-executivos-na-semana-do-meio-ambiente\/#webpage\"},\"author\":{\"@id\":\"https:\/\/insurancecorp.com.br\/pt\/#\/schema\/person\/1b69c8cf325f0b7167f1b171f52df4af\"},\"headline\":\"Bradesco promove Webinar com executivos na Semana do Meio Ambiente\",\"datePublished\":\"2021-06-01T14:29:57+00:00\",\"dateModified\":\"2021-06-01T14:44:52+00:00\",\"mainEntityOfPage\":{\"@id\":\"https:\/\/insurancecorp.com.br\/pt\/2021\/06\/01\/bradesco-promove-webinar-com-executivos-na-semana-do-meio-ambiente\/#webpage\"},\"commentCount\":0,\"publisher\":{\"@id\":\"https:\/\/insurancecorp.com.br\/pt\/#organization\"},\"image\":{\"@id\":\"https:\/\/insurancecorp.com.br\/pt\/2021\/06\/01\/bradesco-promove-webinar-com-executivos-na-semana-do-meio-ambiente\/#primaryimage\"},\"articleSection\":\"Bradesco Seguros\",\"inLanguage\":\"pt-BR\",\"potentialAction\":[{\"@type\":\"CommentAction\",\"name\":\"Comment\",\"target\":[\"https:\/\/insurancecorp.com.br\/pt\/2021\/06\/01\/bradesco-promove-webinar-com-executivos-na-semana-do-meio-ambiente\/#respond\"]}]},{\"@type\":\"Person\",\"@id\":\"https:\/\/insurancecorp.com.br\/pt\/#\/schema\/person\/1b69c8cf325f0b7167f1b171f52df4af\",\"name\":\"Publica\\u00e7\\u00e3o\",\"image\":{\"@type\":\"ImageObject\",\"@id\":\"https:\/\/insurancecorp.com.br\/pt\/#personlogo\",\"inLanguage\":\"pt-BR\",\"url\":\"https:\/\/secure.gravatar.com\/avatar\/17226f1f60486eb25d4c6b301ffed37f?s=96&d=mm&r=g\",\"caption\":\"Publica\\u00e7\\u00e3o\"}}]}<\/script>\n<!-- \/ Yoast SEO plugin. -->","_links":{"self":[{"href":"https:\/\/insurancecorp.com.br\/pt\/wp-json\/wp\/v2\/posts\/25856"}],"collection":[{"href":"https:\/\/insurancecorp.com.br\/pt\/wp-json\/wp\/v2\/posts"}],"about":[{"href":"https:\/\/insurancecorp.com.br\/pt\/wp-json\/wp\/v2\/types\/post"}],"author":[{"embeddable":true,"href":"https:\/\/insurancecorp.com.br\/pt\/wp-json\/wp\/v2\/users\/2"}],"replies":[{"embeddable":true,"href":"https:\/\/insurancecorp.com.br\/pt\/wp-json\/wp\/v2\/comments?post=25856"}],"version-history":[{"count":1,"href":"https:\/\/insurancecorp.com.br\/pt\/wp-json\/wp\/v2\/posts\/25856\/revisions"}],"predecessor-version":[{"id":25858,"href":"https:\/\/insurancecorp.com.br\/pt\/wp-json\/wp\/v2\/posts\/25856\/revisions\/25858"}],"wp:featuredmedia":[{"embeddable":true,"href":"https:\/\/insurancecorp.com.br\/pt\/wp-json\/wp\/v2\/media\/25857"}],"wp:attachment":[{"href":"https:\/\/insurancecorp.com.br\/pt\/wp-json\/wp\/v2\/media?parent=25856"}],"wp:term":[{"taxonomy":"category","embeddable":true,"href":"https:\/\/insurancecorp.com.br\/pt\/wp-json\/wp\/v2\/categories?post=25856"},{"taxonomy":"post_tag","embeddable":true,"href":"https:\/\/insurancecorp.com.br\/pt\/wp-json\/wp\/v2\/tags?post=25856"}],"curies":[{"name":"wp","href":"https:\/\/api.w.org\/{rel}","templated":true}]}}