{"id":25684,"date":"2021-05-25T17:21:56","date_gmt":"2021-05-25T20:21:56","guid":{"rendered":"https:\/\/insurancecorp.com.br\/pt\/?p=25684"},"modified":"2021-05-25T17:21:56","modified_gmt":"2021-05-25T20:21:56","slug":"direto-reto-com-camillo-anuncia-parceria-do-sincor-sp-com-qualicorp","status":"publish","type":"post","link":"https:\/\/insurancecorp.com.br\/pt\/2021\/05\/25\/direto-reto-com-camillo-anuncia-parceria-do-sincor-sp-com-qualicorp\/","title":{"rendered":"Direto &#038; Reto com Camillo anuncia parceria do Sincor-SP com Qualicorp"},"content":{"rendered":"<p>Com o tema \u201cLan\u00e7amento Sincor-SP e Qualicorp \u2013 Planos de sa\u00fade para o corretor ter e vender\u201d, a 27\u00aa edi\u00e7\u00e3o do Direto &#038; Reto com Camillo vai ao ar nesta quarta-feira (26\/05), a partir das 10h, pelo canal da TV Sincor-SP, no YouTube. J\u00e1 \u00e9 poss\u00edvel participar da transmiss\u00e3o enviando perguntas e coment\u00e1rios para o WhatsApp (11) 97363-0844. <\/p>\n<p>A transmiss\u00e3o vai receber o CEO da Qualicorp, Bruno Blatt, o vice-presidente Comercial, de Inova\u00e7\u00e3o e Novos Neg\u00f3cios da companhia, Elton Carluci, e o 2\u00ba secret\u00e1rio e diretor de Benef\u00edcios do Sincor-SP, \u00c1lvaro Fonseca, para anunciar o novo plano de sa\u00fade dos associados \u00e0 entidade, al\u00e9m de oportunidades para os corretores venderem planos da Qualicorp. <\/p>\n<p>Na ocasi\u00e3o, o presidente do Sincor-SP, Alexandre Camillo, tamb\u00e9m ir\u00e1 sortear um smartphone entre os associados que baixaram e fizeram login no aplicativo Sincor Digital, al\u00e9m de divulgar a nova edi\u00e7\u00e3o do Ranking das Seguradoras.<br \/>\nO Direto &#038; Reto com Camillo \u00e9 exibido todas as \u00faltimas quartas-feiras do m\u00eas e tem como prop\u00f3sito aproximar, ainda mais, o Sincor-SP dos corretores de seguros, promovendo di\u00e1logo entre a categoria e o presidente.<\/p>\n<p><strong>Assessoria de Imprensa Sincor-SP<\/strong><\/p>\n","protected":false},"excerpt":{"rendered":"<p>Com o tema \u201cLan\u00e7amento Sincor-SP e Qualicorp \u2013 Planos de sa\u00fade para o corretor ter e vender\u201d, a 27\u00aa edi\u00e7\u00e3o do Direto &#038; Reto com Camillo vai ao ar nesta quarta-feira (26\/05), a partir das 10h, pelo canal da TV Sincor-SP, no YouTube. J\u00e1 \u00e9 poss\u00edvel participar da transmiss\u00e3o enviando perguntas e coment\u00e1rios para o [&hellip;]<\/p>\n","protected":false},"author":2,"featured_media":25685,"comment_status":"open","ping_status":"open","sticky":false,"template":"","format":"standard","meta":[],"categories":[376],"tags":[],"jetpack_featured_media_url":"https:\/\/insurancecorp.com.br\/pt\/wp-content\/uploads\/2021\/05\/argo-seguros.png","yoast_head":"<!-- This site is optimized with the Yoast SEO plugin v14.8 - https:\/\/yoast.com\/wordpress\/plugins\/seo\/ -->\n<title>Direto &amp; Reto com Camillo anuncia parceria do Sincor-SP com Qualicorp | Revista Insurance Corp | PT-BR<\/title>\n<meta name=\"robots\" content=\"index, follow\" \/>\n<meta name=\"googlebot\" content=\"index, follow, max-snippet:-1, max-image-preview:large, max-video-preview:-1\" \/>\n<meta name=\"bingbot\" content=\"index, follow, max-snippet:-1, max-image-preview:large, max-video-preview:-1\" \/>\n<link rel=\"canonical\" href=\"https:\/\/insurancecorp.com.br\/pt\/2021\/05\/25\/direto-reto-com-camillo-anuncia-parceria-do-sincor-sp-com-qualicorp\/\" \/>\n<meta property=\"og:locale\" content=\"pt_BR\" \/>\n<meta property=\"og:type\" content=\"article\" \/>\n<meta property=\"og:title\" content=\"Direto &amp; Reto com Camillo anuncia parceria do Sincor-SP com Qualicorp | Revista Insurance Corp | PT-BR\" \/>\n<meta property=\"og:description\" content=\"Com o tema \u201cLan\u00e7amento Sincor-SP e Qualicorp \u2013 Planos de sa\u00fade para o corretor ter e vender\u201d, a 27\u00aa edi\u00e7\u00e3o do Direto &#038; Reto com Camillo vai ao ar nesta quarta-feira (26\/05), a partir das 10h, pelo canal da TV Sincor-SP, no YouTube. J\u00e1 \u00e9 poss\u00edvel participar da transmiss\u00e3o enviando perguntas e coment\u00e1rios para o [&hellip;]\" \/>\n<meta property=\"og:url\" content=\"https:\/\/insurancecorp.com.br\/pt\/2021\/05\/25\/direto-reto-com-camillo-anuncia-parceria-do-sincor-sp-com-qualicorp\/\" \/>\n<meta property=\"og:site_name\" content=\"Revista Insurance Corp | PT-BR\" \/>\n<meta property=\"article:publisher\" content=\"https:\/\/www.facebook.com\/RevistaInsuranceCorp\/\" \/>\n<meta property=\"article:published_time\" content=\"2021-05-25T20:21:56+00:00\" \/>\n<meta property=\"og:image\" content=\"https:\/\/insurancecorp.com.br\/pt\/wp-content\/uploads\/2021\/05\/argo-seguros.png\" \/>\n\t<meta property=\"og:image:width\" content=\"750\" \/>\n\t<meta property=\"og:image:height\" content=\"365\" \/>\n<meta name=\"twitter:card\" content=\"summary\" \/>\n<script type=\"application\/ld+json\" class=\"yoast-schema-graph\">{\"@context\":\"https:\/\/schema.org\",\"@graph\":[{\"@type\":\"Organization\",\"@id\":\"https:\/\/insurancecorp.com.br\/pt\/#organization\",\"name\":\"Revista Insurance Corp\",\"url\":\"https:\/\/insurancecorp.com.br\/pt\/\",\"sameAs\":[\"https:\/\/www.facebook.com\/RevistaInsuranceCorp\/\"],\"logo\":{\"@type\":\"ImageObject\",\"@id\":\"https:\/\/insurancecorp.com.br\/pt\/#logo\",\"inLanguage\":\"pt-BR\",\"url\":\"\",\"caption\":\"Revista Insurance Corp\"},\"image\":{\"@id\":\"https:\/\/insurancecorp.com.br\/pt\/#logo\"}},{\"@type\":\"WebSite\",\"@id\":\"https:\/\/insurancecorp.com.br\/pt\/#website\",\"url\":\"https:\/\/insurancecorp.com.br\/pt\/\",\"name\":\"Revista Insurance Corp | PT-BR\",\"description\":\"A \\u00fanica revista bil\\u00edngue voltada ao mercado de seguro.\",\"publisher\":{\"@id\":\"https:\/\/insurancecorp.com.br\/pt\/#organization\"},\"potentialAction\":[{\"@type\":\"SearchAction\",\"target\":\"https:\/\/insurancecorp.com.br\/pt\/?s={search_term_string}\",\"query-input\":\"required name=search_term_string\"}],\"inLanguage\":\"pt-BR\"},{\"@type\":\"ImageObject\",\"@id\":\"https:\/\/insurancecorp.com.br\/pt\/2021\/05\/25\/direto-reto-com-camillo-anuncia-parceria-do-sincor-sp-com-qualicorp\/#primaryimage\",\"inLanguage\":\"pt-BR\",\"url\":\"https:\/\/insurancecorp.com.br\/pt\/wp-content\/uploads\/2021\/05\/argo-seguros.png\",\"width\":750,\"height\":365},{\"@type\":\"WebPage\",\"@id\":\"https:\/\/insurancecorp.com.br\/pt\/2021\/05\/25\/direto-reto-com-camillo-anuncia-parceria-do-sincor-sp-com-qualicorp\/#webpage\",\"url\":\"https:\/\/insurancecorp.com.br\/pt\/2021\/05\/25\/direto-reto-com-camillo-anuncia-parceria-do-sincor-sp-com-qualicorp\/\",\"name\":\"Direto & Reto com Camillo anuncia parceria do Sincor-SP com Qualicorp | Revista Insurance Corp | PT-BR\",\"isPartOf\":{\"@id\":\"https:\/\/insurancecorp.com.br\/pt\/#website\"},\"primaryImageOfPage\":{\"@id\":\"https:\/\/insurancecorp.com.br\/pt\/2021\/05\/25\/direto-reto-com-camillo-anuncia-parceria-do-sincor-sp-com-qualicorp\/#primaryimage\"},\"datePublished\":\"2021-05-25T20:21:56+00:00\",\"dateModified\":\"2021-05-25T20:21:56+00:00\",\"inLanguage\":\"pt-BR\",\"potentialAction\":[{\"@type\":\"ReadAction\",\"target\":[\"https:\/\/insurancecorp.com.br\/pt\/2021\/05\/25\/direto-reto-com-camillo-anuncia-parceria-do-sincor-sp-com-qualicorp\/\"]}]},{\"@type\":\"Article\",\"@id\":\"https:\/\/insurancecorp.com.br\/pt\/2021\/05\/25\/direto-reto-com-camillo-anuncia-parceria-do-sincor-sp-com-qualicorp\/#article\",\"isPartOf\":{\"@id\":\"https:\/\/insurancecorp.com.br\/pt\/2021\/05\/25\/direto-reto-com-camillo-anuncia-parceria-do-sincor-sp-com-qualicorp\/#webpage\"},\"author\":{\"@id\":\"https:\/\/insurancecorp.com.br\/pt\/#\/schema\/person\/1b69c8cf325f0b7167f1b171f52df4af\"},\"headline\":\"Direto &#038; Reto com Camillo anuncia parceria do Sincor-SP com Qualicorp\",\"datePublished\":\"2021-05-25T20:21:56+00:00\",\"dateModified\":\"2021-05-25T20:21:56+00:00\",\"mainEntityOfPage\":{\"@id\":\"https:\/\/insurancecorp.com.br\/pt\/2021\/05\/25\/direto-reto-com-camillo-anuncia-parceria-do-sincor-sp-com-qualicorp\/#webpage\"},\"commentCount\":0,\"publisher\":{\"@id\":\"https:\/\/insurancecorp.com.br\/pt\/#organization\"},\"image\":{\"@id\":\"https:\/\/insurancecorp.com.br\/pt\/2021\/05\/25\/direto-reto-com-camillo-anuncia-parceria-do-sincor-sp-com-qualicorp\/#primaryimage\"},\"articleSection\":\"Programa Direto e Reto\",\"inLanguage\":\"pt-BR\",\"potentialAction\":[{\"@type\":\"CommentAction\",\"name\":\"Comment\",\"target\":[\"https:\/\/insurancecorp.com.br\/pt\/2021\/05\/25\/direto-reto-com-camillo-anuncia-parceria-do-sincor-sp-com-qualicorp\/#respond\"]}]},{\"@type\":\"Person\",\"@id\":\"https:\/\/insurancecorp.com.br\/pt\/#\/schema\/person\/1b69c8cf325f0b7167f1b171f52df4af\",\"name\":\"Publica\\u00e7\\u00e3o\",\"image\":{\"@type\":\"ImageObject\",\"@id\":\"https:\/\/insurancecorp.com.br\/pt\/#personlogo\",\"inLanguage\":\"pt-BR\",\"url\":\"https:\/\/secure.gravatar.com\/avatar\/17226f1f60486eb25d4c6b301ffed37f?s=96&d=mm&r=g\",\"caption\":\"Publica\\u00e7\\u00e3o\"}}]}<\/script>\n<!-- \/ Yoast SEO plugin. -->","_links":{"self":[{"href":"https:\/\/insurancecorp.com.br\/pt\/wp-json\/wp\/v2\/posts\/25684"}],"collection":[{"href":"https:\/\/insurancecorp.com.br\/pt\/wp-json\/wp\/v2\/posts"}],"about":[{"href":"https:\/\/insurancecorp.com.br\/pt\/wp-json\/wp\/v2\/types\/post"}],"author":[{"embeddable":true,"href":"https:\/\/insurancecorp.com.br\/pt\/wp-json\/wp\/v2\/users\/2"}],"replies":[{"embeddable":true,"href":"https:\/\/insurancecorp.com.br\/pt\/wp-json\/wp\/v2\/comments?post=25684"}],"version-history":[{"count":1,"href":"https:\/\/insurancecorp.com.br\/pt\/wp-json\/wp\/v2\/posts\/25684\/revisions"}],"predecessor-version":[{"id":25686,"href":"https:\/\/insurancecorp.com.br\/pt\/wp-json\/wp\/v2\/posts\/25684\/revisions\/25686"}],"wp:featuredmedia":[{"embeddable":true,"href":"https:\/\/insurancecorp.com.br\/pt\/wp-json\/wp\/v2\/media\/25685"}],"wp:attachment":[{"href":"https:\/\/insurancecorp.com.br\/pt\/wp-json\/wp\/v2\/media?parent=25684"}],"wp:term":[{"taxonomy":"category","embeddable":true,"href":"https:\/\/insurancecorp.com.br\/pt\/wp-json\/wp\/v2\/categories?post=25684"},{"taxonomy":"post_tag","embeddable":true,"href":"https:\/\/insurancecorp.com.br\/pt\/wp-json\/wp\/v2\/tags?post=25684"}],"curies":[{"name":"wp","href":"https:\/\/api.w.org\/{rel}","templated":true}]}}