{"id":24842,"date":"2021-04-23T14:48:12","date_gmt":"2021-04-23T17:48:12","guid":{"rendered":"https:\/\/insurancecorp.com.br\/pt\/?p=24842"},"modified":"2021-04-23T14:49:10","modified_gmt":"2021-04-23T17:49:10","slug":"direto-reto-com-camillo-quer-ouvir-corretor-de-seguros-sobre-mudancas-no-mercado","status":"publish","type":"post","link":"https:\/\/insurancecorp.com.br\/pt\/2021\/04\/23\/direto-reto-com-camillo-quer-ouvir-corretor-de-seguros-sobre-mudancas-no-mercado\/","title":{"rendered":"Direto &#038; Reto com Camillo quer ouvir corretor de seguros sobre mudan\u00e7as no mercado"},"content":{"rendered":"<p>A 26\u00aa edi\u00e7\u00e3o do Direto &#038; Reto com Camillo quer ouvir o corretor de seguros a respeito das mudan\u00e7as recentes aplicadas pela Susep que afetam o setor de seguros. A transmiss\u00e3o acontece na pr\u00f3xima quarta-feira (28\/04), a partir das 10h, pelo canal da TV Sincor-SP, no YouTube.<br \/>\nO tema \u201cQual sua percep\u00e7\u00e3o sobre as recentes mudan\u00e7as que afetam o mercado de seguros?\u201d vai ser abordado pelo presidente do Sincor-SP, Alexandre Camillo, com base nas respostas dadas pelos corretores para a pesquisa dispon\u00edvel neste link. Camillo tamb\u00e9m ir\u00e1 interagir ao vivo com os internautas.<br \/>\n\u201cCom as recentes mudan\u00e7as aplicadas pela Susep, como tamb\u00e9m as que est\u00e3o por vir, a din\u00e2mica do mercado de seguros ser\u00e1 alterada de maneira significativa. Por isso, ouvir a opini\u00e3o dos corretores de seguros vai permitir que o Sincor-SP haja de assertivamente para auxili\u00e1-los\u201d, defende Camillo.<br \/>\nTamb\u00e9m \u00e9 poss\u00edvel participar da transmiss\u00e3o enviando perguntas, questionamentos e coment\u00e1rios para o WhatsApp (11) 97363-0844.<br \/>\nO Direto &#038; Reto com Camillo \u00e9 exibido todas as \u00faltimas quartas-feiras do m\u00eas e tem como prop\u00f3sito aproximar, ainda mais, o Sincor-SP dos corretores de seguros, promovendo di\u00e1logo entre a categoria e o presidente.<br \/>\n<strong><br \/>\nAssessoria de Imprensa Sincor-SP<\/strong><\/p>\n","protected":false},"excerpt":{"rendered":"<p>A 26\u00aa edi\u00e7\u00e3o do Direto &#038; Reto com Camillo quer ouvir o corretor de seguros a respeito das mudan\u00e7as recentes aplicadas pela Susep que afetam o setor de seguros. A transmiss\u00e3o acontece na pr\u00f3xima quarta-feira (28\/04), a partir das 10h, pelo canal da TV Sincor-SP, no YouTube. O tema \u201cQual sua percep\u00e7\u00e3o sobre as recentes [&hellip;]<\/p>\n","protected":false},"author":2,"featured_media":24843,"comment_status":"open","ping_status":"open","sticky":false,"template":"","format":"standard","meta":[],"categories":[376],"tags":[],"jetpack_featured_media_url":"https:\/\/insurancecorp.com.br\/pt\/wp-content\/uploads\/2021\/04\/0-93.jpg","yoast_head":"<!-- This site is optimized with the Yoast SEO plugin v14.8 - https:\/\/yoast.com\/wordpress\/plugins\/seo\/ -->\n<title>Direto &amp; Reto com Camillo quer ouvir corretor de seguros sobre mudan\u00e7as no mercado | Revista Insurance Corp | PT-BR<\/title>\n<meta name=\"robots\" content=\"index, follow\" \/>\n<meta name=\"googlebot\" content=\"index, follow, max-snippet:-1, max-image-preview:large, max-video-preview:-1\" \/>\n<meta name=\"bingbot\" content=\"index, follow, max-snippet:-1, max-image-preview:large, max-video-preview:-1\" \/>\n<link rel=\"canonical\" href=\"https:\/\/insurancecorp.com.br\/pt\/2021\/04\/23\/direto-reto-com-camillo-quer-ouvir-corretor-de-seguros-sobre-mudancas-no-mercado\/\" \/>\n<meta property=\"og:locale\" content=\"pt_BR\" \/>\n<meta property=\"og:type\" content=\"article\" \/>\n<meta property=\"og:title\" content=\"Direto &amp; Reto com Camillo quer ouvir corretor de seguros sobre mudan\u00e7as no mercado | Revista Insurance Corp | PT-BR\" \/>\n<meta property=\"og:description\" content=\"A 26\u00aa edi\u00e7\u00e3o do Direto &#038; Reto com Camillo quer ouvir o corretor de seguros a respeito das mudan\u00e7as recentes aplicadas pela Susep que afetam o setor de seguros. A transmiss\u00e3o acontece na pr\u00f3xima quarta-feira (28\/04), a partir das 10h, pelo canal da TV Sincor-SP, no YouTube. O tema \u201cQual sua percep\u00e7\u00e3o sobre as recentes [&hellip;]\" \/>\n<meta property=\"og:url\" content=\"https:\/\/insurancecorp.com.br\/pt\/2021\/04\/23\/direto-reto-com-camillo-quer-ouvir-corretor-de-seguros-sobre-mudancas-no-mercado\/\" \/>\n<meta property=\"og:site_name\" content=\"Revista Insurance Corp | PT-BR\" \/>\n<meta property=\"article:publisher\" content=\"https:\/\/www.facebook.com\/RevistaInsuranceCorp\/\" \/>\n<meta property=\"article:published_time\" content=\"2021-04-23T17:48:12+00:00\" \/>\n<meta property=\"article:modified_time\" content=\"2021-04-23T17:49:10+00:00\" \/>\n<meta property=\"og:image\" content=\"https:\/\/insurancecorp.com.br\/pt\/wp-content\/uploads\/2021\/04\/0-93.jpg\" \/>\n\t<meta property=\"og:image:width\" content=\"683\" \/>\n\t<meta property=\"og:image:height\" content=\"385\" \/>\n<meta name=\"twitter:card\" content=\"summary\" \/>\n<script type=\"application\/ld+json\" class=\"yoast-schema-graph\">{\"@context\":\"https:\/\/schema.org\",\"@graph\":[{\"@type\":\"Organization\",\"@id\":\"https:\/\/insurancecorp.com.br\/pt\/#organization\",\"name\":\"Revista Insurance Corp\",\"url\":\"https:\/\/insurancecorp.com.br\/pt\/\",\"sameAs\":[\"https:\/\/www.facebook.com\/RevistaInsuranceCorp\/\"],\"logo\":{\"@type\":\"ImageObject\",\"@id\":\"https:\/\/insurancecorp.com.br\/pt\/#logo\",\"inLanguage\":\"pt-BR\",\"url\":\"\",\"caption\":\"Revista Insurance Corp\"},\"image\":{\"@id\":\"https:\/\/insurancecorp.com.br\/pt\/#logo\"}},{\"@type\":\"WebSite\",\"@id\":\"https:\/\/insurancecorp.com.br\/pt\/#website\",\"url\":\"https:\/\/insurancecorp.com.br\/pt\/\",\"name\":\"Revista Insurance Corp | PT-BR\",\"description\":\"A \\u00fanica revista bil\\u00edngue voltada ao mercado de seguro.\",\"publisher\":{\"@id\":\"https:\/\/insurancecorp.com.br\/pt\/#organization\"},\"potentialAction\":[{\"@type\":\"SearchAction\",\"target\":\"https:\/\/insurancecorp.com.br\/pt\/?s={search_term_string}\",\"query-input\":\"required name=search_term_string\"}],\"inLanguage\":\"pt-BR\"},{\"@type\":\"ImageObject\",\"@id\":\"https:\/\/insurancecorp.com.br\/pt\/2021\/04\/23\/direto-reto-com-camillo-quer-ouvir-corretor-de-seguros-sobre-mudancas-no-mercado\/#primaryimage\",\"inLanguage\":\"pt-BR\",\"url\":\"https:\/\/insurancecorp.com.br\/pt\/wp-content\/uploads\/2021\/04\/0-93.jpg\",\"width\":683,\"height\":385},{\"@type\":\"WebPage\",\"@id\":\"https:\/\/insurancecorp.com.br\/pt\/2021\/04\/23\/direto-reto-com-camillo-quer-ouvir-corretor-de-seguros-sobre-mudancas-no-mercado\/#webpage\",\"url\":\"https:\/\/insurancecorp.com.br\/pt\/2021\/04\/23\/direto-reto-com-camillo-quer-ouvir-corretor-de-seguros-sobre-mudancas-no-mercado\/\",\"name\":\"Direto & Reto com Camillo quer ouvir corretor de seguros sobre mudan\\u00e7as no mercado | Revista Insurance Corp | PT-BR\",\"isPartOf\":{\"@id\":\"https:\/\/insurancecorp.com.br\/pt\/#website\"},\"primaryImageOfPage\":{\"@id\":\"https:\/\/insurancecorp.com.br\/pt\/2021\/04\/23\/direto-reto-com-camillo-quer-ouvir-corretor-de-seguros-sobre-mudancas-no-mercado\/#primaryimage\"},\"datePublished\":\"2021-04-23T17:48:12+00:00\",\"dateModified\":\"2021-04-23T17:49:10+00:00\",\"inLanguage\":\"pt-BR\",\"potentialAction\":[{\"@type\":\"ReadAction\",\"target\":[\"https:\/\/insurancecorp.com.br\/pt\/2021\/04\/23\/direto-reto-com-camillo-quer-ouvir-corretor-de-seguros-sobre-mudancas-no-mercado\/\"]}]},{\"@type\":\"Article\",\"@id\":\"https:\/\/insurancecorp.com.br\/pt\/2021\/04\/23\/direto-reto-com-camillo-quer-ouvir-corretor-de-seguros-sobre-mudancas-no-mercado\/#article\",\"isPartOf\":{\"@id\":\"https:\/\/insurancecorp.com.br\/pt\/2021\/04\/23\/direto-reto-com-camillo-quer-ouvir-corretor-de-seguros-sobre-mudancas-no-mercado\/#webpage\"},\"author\":{\"@id\":\"https:\/\/insurancecorp.com.br\/pt\/#\/schema\/person\/1b69c8cf325f0b7167f1b171f52df4af\"},\"headline\":\"Direto &#038; Reto com Camillo quer ouvir corretor de seguros sobre mudan\\u00e7as no mercado\",\"datePublished\":\"2021-04-23T17:48:12+00:00\",\"dateModified\":\"2021-04-23T17:49:10+00:00\",\"mainEntityOfPage\":{\"@id\":\"https:\/\/insurancecorp.com.br\/pt\/2021\/04\/23\/direto-reto-com-camillo-quer-ouvir-corretor-de-seguros-sobre-mudancas-no-mercado\/#webpage\"},\"commentCount\":0,\"publisher\":{\"@id\":\"https:\/\/insurancecorp.com.br\/pt\/#organization\"},\"image\":{\"@id\":\"https:\/\/insurancecorp.com.br\/pt\/2021\/04\/23\/direto-reto-com-camillo-quer-ouvir-corretor-de-seguros-sobre-mudancas-no-mercado\/#primaryimage\"},\"articleSection\":\"Programa Direto e Reto\",\"inLanguage\":\"pt-BR\",\"potentialAction\":[{\"@type\":\"CommentAction\",\"name\":\"Comment\",\"target\":[\"https:\/\/insurancecorp.com.br\/pt\/2021\/04\/23\/direto-reto-com-camillo-quer-ouvir-corretor-de-seguros-sobre-mudancas-no-mercado\/#respond\"]}]},{\"@type\":\"Person\",\"@id\":\"https:\/\/insurancecorp.com.br\/pt\/#\/schema\/person\/1b69c8cf325f0b7167f1b171f52df4af\",\"name\":\"Publica\\u00e7\\u00e3o\",\"image\":{\"@type\":\"ImageObject\",\"@id\":\"https:\/\/insurancecorp.com.br\/pt\/#personlogo\",\"inLanguage\":\"pt-BR\",\"url\":\"https:\/\/secure.gravatar.com\/avatar\/17226f1f60486eb25d4c6b301ffed37f?s=96&d=mm&r=g\",\"caption\":\"Publica\\u00e7\\u00e3o\"}}]}<\/script>\n<!-- \/ Yoast SEO plugin. -->","_links":{"self":[{"href":"https:\/\/insurancecorp.com.br\/pt\/wp-json\/wp\/v2\/posts\/24842"}],"collection":[{"href":"https:\/\/insurancecorp.com.br\/pt\/wp-json\/wp\/v2\/posts"}],"about":[{"href":"https:\/\/insurancecorp.com.br\/pt\/wp-json\/wp\/v2\/types\/post"}],"author":[{"embeddable":true,"href":"https:\/\/insurancecorp.com.br\/pt\/wp-json\/wp\/v2\/users\/2"}],"replies":[{"embeddable":true,"href":"https:\/\/insurancecorp.com.br\/pt\/wp-json\/wp\/v2\/comments?post=24842"}],"version-history":[{"count":1,"href":"https:\/\/insurancecorp.com.br\/pt\/wp-json\/wp\/v2\/posts\/24842\/revisions"}],"predecessor-version":[{"id":24844,"href":"https:\/\/insurancecorp.com.br\/pt\/wp-json\/wp\/v2\/posts\/24842\/revisions\/24844"}],"wp:featuredmedia":[{"embeddable":true,"href":"https:\/\/insurancecorp.com.br\/pt\/wp-json\/wp\/v2\/media\/24843"}],"wp:attachment":[{"href":"https:\/\/insurancecorp.com.br\/pt\/wp-json\/wp\/v2\/media?parent=24842"}],"wp:term":[{"taxonomy":"category","embeddable":true,"href":"https:\/\/insurancecorp.com.br\/pt\/wp-json\/wp\/v2\/categories?post=24842"},{"taxonomy":"post_tag","embeddable":true,"href":"https:\/\/insurancecorp.com.br\/pt\/wp-json\/wp\/v2\/tags?post=24842"}],"curies":[{"name":"wp","href":"https:\/\/api.w.org\/{rel}","templated":true}]}}