{"id":2476,"date":"2018-06-20T18:17:56","date_gmt":"2018-06-20T21:17:56","guid":{"rendered":"https:\/\/insurancecorp.com.br\/pt\/?p=2476"},"modified":"2018-06-21T16:01:35","modified_gmt":"2018-06-21T19:01:35","slug":"formacao-de-corretor-apresenta-perspectivas-de-futuro-para-profissao","status":"publish","type":"post","link":"https:\/\/insurancecorp.com.br\/pt\/2018\/06\/20\/formacao-de-corretor-apresenta-perspectivas-de-futuro-para-profissao\/","title":{"rendered":"Forma\u00e7\u00e3o de corretor apresenta perspectivas"},"content":{"rendered":"<p><span style=\"font-family: Arial,sans-serif; font-size: small;\">\u201cA vis\u00e3o de futuro e de como podemos ser profissionais no mercado de Seguros\u201d. Para a diretora da Flanci Corretora de Seguros e ex-aluna da Escola Nacional de Seguros, F\u00e1tima Cristina Monteiro, esse \u00e9 o destaque dos Cursos para Habilita\u00e7\u00e3o de Corretores de Seguros, oferecidos pela Institui\u00e7\u00e3o.\u00a0<\/span><span style=\"font-family: Arial,sans-serif; font-size: small;\"><br \/>\n<\/span><span style=\"font-family: Arial,sans-serif; font-size: small;\">\u00a0<\/span><span style=\"font-family: Arial,sans-serif; font-size: small;\"><br \/>\n<\/span><span style=\"font-family: Arial,sans-serif; font-size: small;\">F\u00e1tima ingressou na forma\u00e7\u00e3o devido ao seu trabalho em um banco, onde precisou come\u00e7ar a vender seguros. Com a aprova\u00e7\u00e3o nos cursos, a corretora pode obter o registro da categoria junto \u00e0 Superintend\u00eancia de Seguros Privados (Susep) e exercer a profiss\u00e3o.<\/span><span style=\"font-family: Arial,sans-serif; font-size: small;\"><br \/>\n<\/span><span style=\"font-family: Arial,sans-serif; font-size: small;\">\u00a0<\/span><span style=\"font-family: Arial,sans-serif; font-size: small;\"><br \/>\n<\/span><span style=\"font-family: Arial,sans-serif; font-size: small;\">Segundo ela, a participa\u00e7\u00e3o nos Cursos para Habilita\u00e7\u00e3o foi fundamental para sua carreira. \u201cProcurei a Escola com o objetivo de me desenvolver profissionalmente. Me tornei corretora de seguros e, quando me aposentei, abri minha corretora. Hoje sou reconhecida no mercado como uma profissional de excel\u00eancia\u201d, conta.<\/span><span style=\"font-family: Arial,sans-serif; font-size: small;\"><br \/>\n<\/span><span style=\"font-family: Arial,sans-serif; font-size: small;\">\u00a0<\/span><span style=\"font-family: Arial,sans-serif; font-size: small;\"><br \/>\n<\/span><span style=\"font-family: Arial,sans-serif; font-size: small;\"><b>Matr\u00edculas abertas<\/b><\/span><span style=\"font-family: Arial,sans-serif; font-size: small;\"><br \/>\n<\/span><span style=\"font-family: Arial,sans-serif; font-size: small;\">\u00a0<\/span><span style=\"font-family: Arial,sans-serif; font-size: small;\"><br \/>\n<\/span><span style=\"font-family: Arial,sans-serif; font-size: small;\">No momento, est\u00e3o abertas as inscri\u00e7\u00f5es para o curso de Capitaliza\u00e7\u00e3o, o primeiro dos tr\u00eas cursos que comp\u00f5em a forma\u00e7\u00e3o completa de corretores de seguros. As aulas ser\u00e3o oferecidas em 24 localidades e ter\u00e3o in\u00edcio a partir de 9 de julho.<\/span><span style=\"font-family: Arial,sans-serif; font-size: small;\"><br \/>\n<\/span><span style=\"font-family: Arial,sans-serif; font-size: small;\">\u00a0<\/span><span style=\"font-family: Arial,sans-serif; font-size: small;\"><br \/>\n<\/span><span style=\"font-family: Arial,sans-serif; font-size: small;\">H\u00e1 tamb\u00e9m a possibilidade de adquirir em conjunto o segundo curso do programa, de Vida e Previd\u00eancia. Vale lembrar que a Escola \u00e9 a \u00fanica institui\u00e7\u00e3o habilitada para oferecer a forma\u00e7\u00e3o de corretores de seguros no Brasil.<\/span><span style=\"font-family: Arial,sans-serif; font-size: small;\"><br \/>\n<\/span><span style=\"font-family: Arial,sans-serif; font-size: small;\">As inscri\u00e7\u00f5es podem ser feitas at\u00e9 30 de junho. As matr\u00edculas devem ser realizadas no\u00a0<\/span><a href=\"https:\/\/www.ens.edu.br\/Cursos\/Corretores\/1?Modalidade=Presencial\" target=\"_blank\" rel=\"noopener noreferrer\"><span style=\"font-family: Arial,sans-serif; font-size: small;\"><span style=\"color: windowtext;\"><b>sercorretor.com.br<\/b><\/span><\/span><\/a><span style=\"font-family: Arial,sans-serif; font-size: small;\">, onde mais informa\u00e7\u00f5es est\u00e3o dispon\u00edveis.<\/span><\/p>\n","protected":false},"excerpt":{"rendered":"<p>\u201cA vis\u00e3o de futuro e de como podemos ser profissionais no mercado de Seguros\u201d. Para a diretora da Flanci Corretora de Seguros e ex-aluna da Escola Nacional de Seguros, F\u00e1tima Cristina Monteiro, esse \u00e9 o destaque dos Cursos para Habilita\u00e7\u00e3o de Corretores de Seguros, oferecidos pela Institui\u00e7\u00e3o.\u00a0 \u00a0 F\u00e1tima ingressou na forma\u00e7\u00e3o devido ao seu [&hellip;]<\/p>\n","protected":false},"author":2,"featured_media":2477,"comment_status":"open","ping_status":"open","sticky":false,"template":"","format":"standard","meta":[],"categories":[118],"tags":[],"jetpack_featured_media_url":"https:\/\/insurancecorp.com.br\/pt\/wp-content\/uploads\/2018\/06\/ESCOLA-NACIONAL-DE-SEGUROS.png","yoast_head":"<!-- This site is optimized with the Yoast SEO plugin v14.8 - https:\/\/yoast.com\/wordpress\/plugins\/seo\/ -->\n<title>Forma\u00e7\u00e3o de corretor apresenta perspectivas | Revista Insurance Corp | PT-BR<\/title>\n<meta name=\"robots\" content=\"index, follow\" \/>\n<meta name=\"googlebot\" content=\"index, follow, max-snippet:-1, max-image-preview:large, max-video-preview:-1\" \/>\n<meta name=\"bingbot\" content=\"index, follow, max-snippet:-1, max-image-preview:large, max-video-preview:-1\" \/>\n<link rel=\"canonical\" href=\"https:\/\/insurancecorp.com.br\/pt\/2018\/06\/20\/formacao-de-corretor-apresenta-perspectivas-de-futuro-para-profissao\/\" \/>\n<meta property=\"og:locale\" content=\"pt_BR\" \/>\n<meta property=\"og:type\" content=\"article\" \/>\n<meta property=\"og:title\" content=\"Forma\u00e7\u00e3o de corretor apresenta perspectivas | Revista Insurance Corp | PT-BR\" \/>\n<meta property=\"og:description\" content=\"\u201cA vis\u00e3o de futuro e de como podemos ser profissionais no mercado de Seguros\u201d. Para a diretora da Flanci Corretora de Seguros e ex-aluna da Escola Nacional de Seguros, F\u00e1tima Cristina Monteiro, esse \u00e9 o destaque dos Cursos para Habilita\u00e7\u00e3o de Corretores de Seguros, oferecidos pela Institui\u00e7\u00e3o.\u00a0 \u00a0 F\u00e1tima ingressou na forma\u00e7\u00e3o devido ao seu [&hellip;]\" \/>\n<meta property=\"og:url\" content=\"https:\/\/insurancecorp.com.br\/pt\/2018\/06\/20\/formacao-de-corretor-apresenta-perspectivas-de-futuro-para-profissao\/\" \/>\n<meta property=\"og:site_name\" content=\"Revista Insurance Corp | PT-BR\" \/>\n<meta property=\"article:publisher\" content=\"https:\/\/www.facebook.com\/RevistaInsuranceCorp\/\" \/>\n<meta property=\"article:published_time\" content=\"2018-06-20T21:17:56+00:00\" \/>\n<meta property=\"article:modified_time\" content=\"2018-06-21T19:01:35+00:00\" \/>\n<meta property=\"og:image\" content=\"https:\/\/insurancecorp.com.br\/pt\/wp-content\/uploads\/2018\/06\/ESCOLA-NACIONAL-DE-SEGUROS.png\" \/>\n\t<meta property=\"og:image:width\" content=\"300\" \/>\n\t<meta property=\"og:image:height\" content=\"150\" \/>\n<meta name=\"twitter:card\" content=\"summary\" \/>\n<script type=\"application\/ld+json\" class=\"yoast-schema-graph\">{\"@context\":\"https:\/\/schema.org\",\"@graph\":[{\"@type\":\"Organization\",\"@id\":\"https:\/\/insurancecorp.com.br\/pt\/#organization\",\"name\":\"Revista Insurance Corp\",\"url\":\"https:\/\/insurancecorp.com.br\/pt\/\",\"sameAs\":[\"https:\/\/www.facebook.com\/RevistaInsuranceCorp\/\"],\"logo\":{\"@type\":\"ImageObject\",\"@id\":\"https:\/\/insurancecorp.com.br\/pt\/#logo\",\"inLanguage\":\"pt-BR\",\"url\":\"\",\"caption\":\"Revista Insurance Corp\"},\"image\":{\"@id\":\"https:\/\/insurancecorp.com.br\/pt\/#logo\"}},{\"@type\":\"WebSite\",\"@id\":\"https:\/\/insurancecorp.com.br\/pt\/#website\",\"url\":\"https:\/\/insurancecorp.com.br\/pt\/\",\"name\":\"Revista Insurance Corp | PT-BR\",\"description\":\"A \\u00fanica revista bil\\u00edngue voltada ao mercado de seguro.\",\"publisher\":{\"@id\":\"https:\/\/insurancecorp.com.br\/pt\/#organization\"},\"potentialAction\":[{\"@type\":\"SearchAction\",\"target\":\"https:\/\/insurancecorp.com.br\/pt\/?s={search_term_string}\",\"query-input\":\"required name=search_term_string\"}],\"inLanguage\":\"pt-BR\"},{\"@type\":\"ImageObject\",\"@id\":\"https:\/\/insurancecorp.com.br\/pt\/2018\/06\/20\/formacao-de-corretor-apresenta-perspectivas-de-futuro-para-profissao\/#primaryimage\",\"inLanguage\":\"pt-BR\",\"url\":\"https:\/\/insurancecorp.com.br\/pt\/wp-content\/uploads\/2018\/06\/ESCOLA-NACIONAL-DE-SEGUROS.png\",\"width\":300,\"height\":150},{\"@type\":\"WebPage\",\"@id\":\"https:\/\/insurancecorp.com.br\/pt\/2018\/06\/20\/formacao-de-corretor-apresenta-perspectivas-de-futuro-para-profissao\/#webpage\",\"url\":\"https:\/\/insurancecorp.com.br\/pt\/2018\/06\/20\/formacao-de-corretor-apresenta-perspectivas-de-futuro-para-profissao\/\",\"name\":\"Forma\\u00e7\\u00e3o de corretor apresenta perspectivas | Revista Insurance Corp | PT-BR\",\"isPartOf\":{\"@id\":\"https:\/\/insurancecorp.com.br\/pt\/#website\"},\"primaryImageOfPage\":{\"@id\":\"https:\/\/insurancecorp.com.br\/pt\/2018\/06\/20\/formacao-de-corretor-apresenta-perspectivas-de-futuro-para-profissao\/#primaryimage\"},\"datePublished\":\"2018-06-20T21:17:56+00:00\",\"dateModified\":\"2018-06-21T19:01:35+00:00\",\"inLanguage\":\"pt-BR\",\"potentialAction\":[{\"@type\":\"ReadAction\",\"target\":[\"https:\/\/insurancecorp.com.br\/pt\/2018\/06\/20\/formacao-de-corretor-apresenta-perspectivas-de-futuro-para-profissao\/\"]}]},{\"@type\":\"Article\",\"@id\":\"https:\/\/insurancecorp.com.br\/pt\/2018\/06\/20\/formacao-de-corretor-apresenta-perspectivas-de-futuro-para-profissao\/#article\",\"isPartOf\":{\"@id\":\"https:\/\/insurancecorp.com.br\/pt\/2018\/06\/20\/formacao-de-corretor-apresenta-perspectivas-de-futuro-para-profissao\/#webpage\"},\"author\":{\"@id\":\"https:\/\/insurancecorp.com.br\/pt\/#\/schema\/person\/1b69c8cf325f0b7167f1b171f52df4af\"},\"headline\":\"Forma\\u00e7\\u00e3o de corretor apresenta perspectivas\",\"datePublished\":\"2018-06-20T21:17:56+00:00\",\"dateModified\":\"2018-06-21T19:01:35+00:00\",\"mainEntityOfPage\":{\"@id\":\"https:\/\/insurancecorp.com.br\/pt\/2018\/06\/20\/formacao-de-corretor-apresenta-perspectivas-de-futuro-para-profissao\/#webpage\"},\"commentCount\":0,\"publisher\":{\"@id\":\"https:\/\/insurancecorp.com.br\/pt\/#organization\"},\"image\":{\"@id\":\"https:\/\/insurancecorp.com.br\/pt\/2018\/06\/20\/formacao-de-corretor-apresenta-perspectivas-de-futuro-para-profissao\/#primaryimage\"},\"articleSection\":\"Escola Nacional de Seguros\",\"inLanguage\":\"pt-BR\",\"potentialAction\":[{\"@type\":\"CommentAction\",\"name\":\"Comment\",\"target\":[\"https:\/\/insurancecorp.com.br\/pt\/2018\/06\/20\/formacao-de-corretor-apresenta-perspectivas-de-futuro-para-profissao\/#respond\"]}]},{\"@type\":\"Person\",\"@id\":\"https:\/\/insurancecorp.com.br\/pt\/#\/schema\/person\/1b69c8cf325f0b7167f1b171f52df4af\",\"name\":\"Publica\\u00e7\\u00e3o\",\"image\":{\"@type\":\"ImageObject\",\"@id\":\"https:\/\/insurancecorp.com.br\/pt\/#personlogo\",\"inLanguage\":\"pt-BR\",\"url\":\"https:\/\/secure.gravatar.com\/avatar\/17226f1f60486eb25d4c6b301ffed37f?s=96&d=mm&r=g\",\"caption\":\"Publica\\u00e7\\u00e3o\"}}]}<\/script>\n<!-- \/ Yoast SEO plugin. -->","_links":{"self":[{"href":"https:\/\/insurancecorp.com.br\/pt\/wp-json\/wp\/v2\/posts\/2476"}],"collection":[{"href":"https:\/\/insurancecorp.com.br\/pt\/wp-json\/wp\/v2\/posts"}],"about":[{"href":"https:\/\/insurancecorp.com.br\/pt\/wp-json\/wp\/v2\/types\/post"}],"author":[{"embeddable":true,"href":"https:\/\/insurancecorp.com.br\/pt\/wp-json\/wp\/v2\/users\/2"}],"replies":[{"embeddable":true,"href":"https:\/\/insurancecorp.com.br\/pt\/wp-json\/wp\/v2\/comments?post=2476"}],"version-history":[{"count":3,"href":"https:\/\/insurancecorp.com.br\/pt\/wp-json\/wp\/v2\/posts\/2476\/revisions"}],"predecessor-version":[{"id":2482,"href":"https:\/\/insurancecorp.com.br\/pt\/wp-json\/wp\/v2\/posts\/2476\/revisions\/2482"}],"wp:featuredmedia":[{"embeddable":true,"href":"https:\/\/insurancecorp.com.br\/pt\/wp-json\/wp\/v2\/media\/2477"}],"wp:attachment":[{"href":"https:\/\/insurancecorp.com.br\/pt\/wp-json\/wp\/v2\/media?parent=2476"}],"wp:term":[{"taxonomy":"category","embeddable":true,"href":"https:\/\/insurancecorp.com.br\/pt\/wp-json\/wp\/v2\/categories?post=2476"},{"taxonomy":"post_tag","embeddable":true,"href":"https:\/\/insurancecorp.com.br\/pt\/wp-json\/wp\/v2\/tags?post=2476"}],"curies":[{"name":"wp","href":"https:\/\/api.w.org\/{rel}","templated":true}]}}