{"id":24297,"date":"2021-04-08T09:51:32","date_gmt":"2021-04-08T12:51:32","guid":{"rendered":"https:\/\/insurancecorp.com.br\/pt\/?p=24297"},"modified":"2021-04-08T09:52:27","modified_gmt":"2021-04-08T12:52:27","slug":"dia-mundial-da-saude-acoes-voltadas-para-a-gestao-durante-a-pandemia","status":"publish","type":"post","link":"https:\/\/insurancecorp.com.br\/pt\/2021\/04\/08\/dia-mundial-da-saude-acoes-voltadas-para-a-gestao-durante-a-pandemia\/","title":{"rendered":"Dia Mundial da Sa\u00fade: a\u00e7\u00f5es voltadas para a gest\u00e3o durante a pandemia"},"content":{"rendered":"<p>Com o tema pautado na constru\u00e7\u00e3o de um mundo mais justo e saud\u00e1vel, a campanha pelo Dia Mundial da Sa\u00fade (07\/04), criada pela Organiza\u00e7\u00e3o Mundial da Sa\u00fade (OMS) destaca a import\u00e2ncia da equidade nos servi\u00e7os de sa\u00fade, reconhecendo as necessidades de grupos espec\u00edficos, atuando para reduzir o impacto das diferen\u00e7as diante do cen\u00e1rio causado pela Covid-19.  De acordo com a OMS, a pandemia da Covid-19 evidenciou as desigualdades e ressaltou que as pessoas que possuem uma vida mais saud\u00e1vel s\u00e3o aquelas que conseguem acessar com mais facilidade os servi\u00e7os de sa\u00fade, al\u00e9m de diversos fatores vinculados como renda, condi\u00e7\u00f5es de moradia, educa\u00e7\u00e3o, idade, g\u00eanero e seguran\u00e7a alimentar.  De acordo com a entidade, tal situa\u00e7\u00e3o n\u00e3o \u00e9 somente injusta, mas pass\u00edvel de preven\u00e7\u00e3o.<br \/>\nNeste contexto, a Aten\u00e7\u00e3o Prim\u00e1ria \u00e0 Sa\u00fade \u2013 APS deve ser vista como relevante base para enfrentamento de situa\u00e7\u00f5es emergenciais como epidemias e tamb\u00e9m a pandemia de COVID-19. Os fundamentos da aten\u00e7\u00e3o prim\u00e1ria como a melhoria no acesso aos servi\u00e7os de sa\u00fade, o v\u00ednculo entre o usu\u00e1rio e a equipe de sa\u00fade, a integralidade da assist\u00eancia, o monitoramento das fam\u00edlias e o acompanhamento aos casos suspeitos e leves, s\u00e3o essenciais para conter pandemia e diminuir a possibilidade de agravamento da doen\u00e7a em diversas pessoas. Al\u00e9m disso, a APS tamb\u00e9m pode abordar problemas resultantes do isolamento social e da precariza\u00e7\u00e3o da vida social e econ\u00f4mica, como impactos na sa\u00fade mental, aumento da viol\u00eancia dom\u00e9stica, alcoolismo e intensifica\u00e7\u00e3o ou desenvolvimento de doen\u00e7as cr\u00f4nicas, com consequ\u00eancias pouco previs\u00edveis, que necessitar\u00e3o de cuidados integrados longitudinais.<\/p>\n<p>As discuss\u00f5es e evid\u00eancias da necessidade de se entender a qualidade em sa\u00fade como um conceito multidimensional voltado para o cuidado integral com o paciente e de como a pandemia ressaltou defici\u00eancias do sistema de sa\u00fade no Brasil foram tema da reuni\u00e3o virtual APS em tempos de Covid-19, realizada pela ANS e seus parceiros no Projeto Cuidado Integral \u00e0 Sa\u00fade \u2013 Hospital Alem\u00e3o Oswaldo Cruz, Institute for Healthcare Improvement (IHI) e Sociedade Brasileira de Medicina de Fam\u00edlia e Comunidade.  No encontro, foi enfatizado que a APS \u00e9 a forma mais eficiente e equitativa de organiza\u00e7\u00e3o da aten\u00e7\u00e3o \u00e0 sa\u00fade e que deve, portanto, ser preferencialmente disponibilizada pelas operadoras de planos de sa\u00fade aos benefici\u00e1rios da sa\u00fade suplementar.<\/p>\n<p>Importante citar que a ANS vem desenvolvendo O Projeto Cuidado Integral \u00e0 Sa\u00fade que faz parte do Programa de Certifica\u00e7\u00e3o de Boas Pr\u00e1ticas em Aten\u00e7\u00e3o \u00e0 Sa\u00fade e representa uma fase preparat\u00f3ria para a solicita\u00e7\u00e3o, pelas operadoras de planos de sa\u00fade, da certifica\u00e7\u00e3o em Aten\u00e7\u00e3o Prim\u00e1ria \u00e0 Sa\u00fade (APS). Maiores informa\u00e7\u00f5es sobre o Programa de Certifica\u00e7\u00e3o e o Projeto podem ser obtidas no portal da ANS no \u00edcone Gest\u00e3o em Sa\u00fade.  <\/p>\n<p>Ainda nessa conjuntura, o debate para o reconhecimento de ideias, conquistas e dificuldades, o incentivo \u00e0 constru\u00e7\u00e3o compartilhada de novas vis\u00f5es e o est\u00edmulo de novas pr\u00e1ticas, destacando o crescimento da telemedicina, que promete se tornar uma nova pr\u00e1tica de sa\u00fade com novos conte\u00fados educacionais s\u00e3o temas que a OMS tamb\u00e9m est\u00e1 fomentando para comemorar o Dia Mundial da Sa\u00fade.<\/p>\n<p>Ainda na concep\u00e7\u00e3o de uma sa\u00fade integral e coordenada, destacam-se ideias, conquistas e dificuldades, o incentivo \u00e0 constru\u00e7\u00e3o compartilhada de novas vis\u00f5es e o est\u00edmulo de novas pr\u00e1ticas, destacando o crescimento da telemedicina, que promete se tornar uma nova pr\u00e1tica de sa\u00fade com novos conte\u00fados educacionais s\u00e3o temas que a OMS tamb\u00e9m est\u00e1 fomentando para comemorar o Dia Mundial da Sa\u00fade.<\/p>\n<p>Ademais, a partir de uma vis\u00e3o estrat\u00e9gica e de gest\u00e3o do cuidado, a ANS j\u00e1 vem desenvolvendo diversas a\u00e7\u00f5es de Promo\u00e7\u00e3o da Sa\u00fade e Preven\u00e7\u00e3o de Riscos e Doen\u00e7as (Promoprev) voltadas para as novas pr\u00e1ticas centradas no benefici\u00e1rio, a partir do contexto da pandemia, como: o incentivo \u00e0 utiliza\u00e7\u00e3o da telemedicina no acompanhamento das condi\u00e7\u00f5es de sa\u00fade dos usu\u00e1rios; a import\u00e2ncia da continuidade dos programas de Promoprev para evitar o agravamento das condi\u00e7\u00f5es de sa\u00fade; e a \u00eanfase na aten\u00e7\u00e3o \u00e0 sa\u00fade mental, que passou a ser um tema transversal na gest\u00e3o de sa\u00fade pelo setor. A Sa\u00fade Mental foi tema do I Simp\u00f3sio Virtual ANS (veja aqui), evento que focou na troca de experi\u00eancias de operadoras, contratantes e Academia sobre o impacto da pandemia na sa\u00fade mental da popula\u00e7\u00e3o e a import\u00e2ncia do desenvolvimento de a\u00e7\u00f5es e estrat\u00e9gias de organiza\u00e7\u00e3o do cuidado em sa\u00fade mental na sa\u00fade suplementar.<\/p>\n<p>A ANS vem promovendo, ainda, uma s\u00e9rie de encontros virtuais com o objetivo de compartilhar experi\u00eancias exitosas, de operadoras de planos de sa\u00fade que possuem programas Promoprev aprovados pela ANS, no \u00e2mbito da coordena\u00e7\u00e3o do cuidado e gest\u00e3o de pacientes cr\u00f4nicos durante a pandemia de Covid-19, para que sirvam como exemplos positivos e alinhados a um modelo de aten\u00e7\u00e3o que gere melhores resultados para o paciente, agregando valor ao sistema de sa\u00fade suplementar. <\/p>\n<p>Ainda articulando o amplo debate sobre as tend\u00eancias de promo\u00e7\u00e3o e preven\u00e7\u00e3o integrada \u00e0 sa\u00fade ocupacional a ANS, em parceira com o Servi\u00e7o Social da Ind\u00fastria (SESI), realizou dois encontros entre representantes empresariais e de operadoras de planos de sa\u00fade, onde foram discutidas as poss\u00edveis tend\u00eancias para o futuro como a perman\u00eancia e amplia\u00e7\u00e3o da telemedicina e do home office e a implementa\u00e7\u00e3o de ferramentas de tecnologia da informa\u00e7\u00e3o (Analytics, big data e Intelig\u00eancia Artificial) para an\u00e1lises preditivas e gera\u00e7\u00e3o de subs\u00eddios para a constru\u00e7\u00e3o de jornada de cuidado e promo\u00e7\u00e3o da sa\u00fade na gest\u00e3o de sa\u00fade corporativa. Saiba mais: gov.br\/ans\/pt-br\/assuntos\/noticias\/coronavirus-covid-19\/ans-e-sesi-realizam-segundo-encontro-sobre-cuidados-em-saude-durante-a-pandemia<\/p>\n<p>A ANS tem como miss\u00e3o promover a defesa do interesse p\u00fablico na assist\u00eancia suplementar e contribuir para o desenvolvimento das a\u00e7\u00f5es de sa\u00fade no pa\u00eds.  No contexto da pandemia, a atua\u00e7\u00e3o do \u00f3rg\u00e3o regulador buscando o equil\u00edbrio das a\u00e7\u00f5es para o enfrentamento da Covid-19 tornou-se um enorme desafio.  E diante deste cen\u00e1rio, iniciativas da ANS e de v\u00e1rios atores do setor robustecem a uni\u00e3o de for\u00e7as, a readequa\u00e7\u00e3o de estrat\u00e9gias e a import\u00e2ncia de gerar provid\u00eancias e novas pr\u00e1ticas, que expressam-se como eixos para refrear a pandemia e construir um novo futuro.<\/p>\n<p><strong>Assessoria de Imprensa ANS<br \/>\n <\/strong><\/p>\n","protected":false},"excerpt":{"rendered":"<p>Com o tema pautado na constru\u00e7\u00e3o de um mundo mais justo e saud\u00e1vel, a campanha pelo Dia Mundial da Sa\u00fade (07\/04), criada pela Organiza\u00e7\u00e3o Mundial da Sa\u00fade (OMS) destaca a import\u00e2ncia da equidade nos servi\u00e7os de sa\u00fade, reconhecendo as necessidades de grupos espec\u00edficos, atuando para reduzir o impacto das diferen\u00e7as diante do cen\u00e1rio causado pela [&hellip;]<\/p>\n","protected":false},"author":2,"featured_media":24298,"comment_status":"open","ping_status":"open","sticky":false,"template":"","format":"standard","meta":[],"categories":[380],"tags":[],"jetpack_featured_media_url":"https:\/\/insurancecorp.com.br\/pt\/wp-content\/uploads\/2021\/04\/0-13.jpg","yoast_head":"<!-- This site is optimized with the Yoast SEO plugin v14.8 - https:\/\/yoast.com\/wordpress\/plugins\/seo\/ -->\n<title>Dia Mundial da Sa\u00fade: a\u00e7\u00f5es voltadas para a gest\u00e3o durante a pandemia | Revista Insurance Corp | PT-BR<\/title>\n<meta name=\"robots\" content=\"index, follow\" \/>\n<meta name=\"googlebot\" content=\"index, follow, max-snippet:-1, max-image-preview:large, max-video-preview:-1\" \/>\n<meta name=\"bingbot\" content=\"index, follow, max-snippet:-1, max-image-preview:large, max-video-preview:-1\" \/>\n<link rel=\"canonical\" href=\"https:\/\/insurancecorp.com.br\/pt\/2021\/04\/08\/dia-mundial-da-saude-acoes-voltadas-para-a-gestao-durante-a-pandemia\/\" \/>\n<meta property=\"og:locale\" content=\"pt_BR\" \/>\n<meta property=\"og:type\" content=\"article\" \/>\n<meta property=\"og:title\" content=\"Dia Mundial da Sa\u00fade: a\u00e7\u00f5es voltadas para a gest\u00e3o durante a pandemia | Revista Insurance Corp | PT-BR\" \/>\n<meta property=\"og:description\" content=\"Com o tema pautado na constru\u00e7\u00e3o de um mundo mais justo e saud\u00e1vel, a campanha pelo Dia Mundial da Sa\u00fade (07\/04), criada pela Organiza\u00e7\u00e3o Mundial da Sa\u00fade (OMS) destaca a import\u00e2ncia da equidade nos servi\u00e7os de sa\u00fade, reconhecendo as necessidades de grupos espec\u00edficos, atuando para reduzir o impacto das diferen\u00e7as diante do cen\u00e1rio causado pela [&hellip;]\" \/>\n<meta property=\"og:url\" content=\"https:\/\/insurancecorp.com.br\/pt\/2021\/04\/08\/dia-mundial-da-saude-acoes-voltadas-para-a-gestao-durante-a-pandemia\/\" \/>\n<meta property=\"og:site_name\" content=\"Revista Insurance Corp | PT-BR\" \/>\n<meta property=\"article:publisher\" content=\"https:\/\/www.facebook.com\/RevistaInsuranceCorp\/\" \/>\n<meta property=\"article:published_time\" content=\"2021-04-08T12:51:32+00:00\" \/>\n<meta property=\"article:modified_time\" content=\"2021-04-08T12:52:27+00:00\" \/>\n<meta property=\"og:image\" content=\"https:\/\/insurancecorp.com.br\/pt\/wp-content\/uploads\/2021\/04\/0-13.jpg\" \/>\n\t<meta property=\"og:image:width\" content=\"1280\" \/>\n\t<meta property=\"og:image:height\" content=\"768\" \/>\n<meta name=\"twitter:card\" content=\"summary\" \/>\n<script type=\"application\/ld+json\" class=\"yoast-schema-graph\">{\"@context\":\"https:\/\/schema.org\",\"@graph\":[{\"@type\":\"Organization\",\"@id\":\"https:\/\/insurancecorp.com.br\/pt\/#organization\",\"name\":\"Revista Insurance Corp\",\"url\":\"https:\/\/insurancecorp.com.br\/pt\/\",\"sameAs\":[\"https:\/\/www.facebook.com\/RevistaInsuranceCorp\/\"],\"logo\":{\"@type\":\"ImageObject\",\"@id\":\"https:\/\/insurancecorp.com.br\/pt\/#logo\",\"inLanguage\":\"pt-BR\",\"url\":\"\",\"caption\":\"Revista Insurance Corp\"},\"image\":{\"@id\":\"https:\/\/insurancecorp.com.br\/pt\/#logo\"}},{\"@type\":\"WebSite\",\"@id\":\"https:\/\/insurancecorp.com.br\/pt\/#website\",\"url\":\"https:\/\/insurancecorp.com.br\/pt\/\",\"name\":\"Revista Insurance Corp | PT-BR\",\"description\":\"A \\u00fanica revista bil\\u00edngue voltada ao mercado de seguro.\",\"publisher\":{\"@id\":\"https:\/\/insurancecorp.com.br\/pt\/#organization\"},\"potentialAction\":[{\"@type\":\"SearchAction\",\"target\":\"https:\/\/insurancecorp.com.br\/pt\/?s={search_term_string}\",\"query-input\":\"required name=search_term_string\"}],\"inLanguage\":\"pt-BR\"},{\"@type\":\"ImageObject\",\"@id\":\"https:\/\/insurancecorp.com.br\/pt\/2021\/04\/08\/dia-mundial-da-saude-acoes-voltadas-para-a-gestao-durante-a-pandemia\/#primaryimage\",\"inLanguage\":\"pt-BR\",\"url\":\"https:\/\/insurancecorp.com.br\/pt\/wp-content\/uploads\/2021\/04\/0-13.jpg\",\"width\":1280,\"height\":768},{\"@type\":\"WebPage\",\"@id\":\"https:\/\/insurancecorp.com.br\/pt\/2021\/04\/08\/dia-mundial-da-saude-acoes-voltadas-para-a-gestao-durante-a-pandemia\/#webpage\",\"url\":\"https:\/\/insurancecorp.com.br\/pt\/2021\/04\/08\/dia-mundial-da-saude-acoes-voltadas-para-a-gestao-durante-a-pandemia\/\",\"name\":\"Dia Mundial da Sa\\u00fade: a\\u00e7\\u00f5es voltadas para a gest\\u00e3o durante a pandemia | Revista Insurance Corp | PT-BR\",\"isPartOf\":{\"@id\":\"https:\/\/insurancecorp.com.br\/pt\/#website\"},\"primaryImageOfPage\":{\"@id\":\"https:\/\/insurancecorp.com.br\/pt\/2021\/04\/08\/dia-mundial-da-saude-acoes-voltadas-para-a-gestao-durante-a-pandemia\/#primaryimage\"},\"datePublished\":\"2021-04-08T12:51:32+00:00\",\"dateModified\":\"2021-04-08T12:52:27+00:00\",\"inLanguage\":\"pt-BR\",\"potentialAction\":[{\"@type\":\"ReadAction\",\"target\":[\"https:\/\/insurancecorp.com.br\/pt\/2021\/04\/08\/dia-mundial-da-saude-acoes-voltadas-para-a-gestao-durante-a-pandemia\/\"]}]},{\"@type\":\"Article\",\"@id\":\"https:\/\/insurancecorp.com.br\/pt\/2021\/04\/08\/dia-mundial-da-saude-acoes-voltadas-para-a-gestao-durante-a-pandemia\/#article\",\"isPartOf\":{\"@id\":\"https:\/\/insurancecorp.com.br\/pt\/2021\/04\/08\/dia-mundial-da-saude-acoes-voltadas-para-a-gestao-durante-a-pandemia\/#webpage\"},\"author\":{\"@id\":\"https:\/\/insurancecorp.com.br\/pt\/#\/schema\/person\/1b69c8cf325f0b7167f1b171f52df4af\"},\"headline\":\"Dia Mundial da Sa\\u00fade: a\\u00e7\\u00f5es voltadas para a gest\\u00e3o durante a pandemia\",\"datePublished\":\"2021-04-08T12:51:32+00:00\",\"dateModified\":\"2021-04-08T12:52:27+00:00\",\"mainEntityOfPage\":{\"@id\":\"https:\/\/insurancecorp.com.br\/pt\/2021\/04\/08\/dia-mundial-da-saude-acoes-voltadas-para-a-gestao-durante-a-pandemia\/#webpage\"},\"commentCount\":0,\"publisher\":{\"@id\":\"https:\/\/insurancecorp.com.br\/pt\/#organization\"},\"image\":{\"@id\":\"https:\/\/insurancecorp.com.br\/pt\/2021\/04\/08\/dia-mundial-da-saude-acoes-voltadas-para-a-gestao-durante-a-pandemia\/#primaryimage\"},\"articleSection\":\"ANS\",\"inLanguage\":\"pt-BR\",\"potentialAction\":[{\"@type\":\"CommentAction\",\"name\":\"Comment\",\"target\":[\"https:\/\/insurancecorp.com.br\/pt\/2021\/04\/08\/dia-mundial-da-saude-acoes-voltadas-para-a-gestao-durante-a-pandemia\/#respond\"]}]},{\"@type\":\"Person\",\"@id\":\"https:\/\/insurancecorp.com.br\/pt\/#\/schema\/person\/1b69c8cf325f0b7167f1b171f52df4af\",\"name\":\"Publica\\u00e7\\u00e3o\",\"image\":{\"@type\":\"ImageObject\",\"@id\":\"https:\/\/insurancecorp.com.br\/pt\/#personlogo\",\"inLanguage\":\"pt-BR\",\"url\":\"https:\/\/secure.gravatar.com\/avatar\/17226f1f60486eb25d4c6b301ffed37f?s=96&d=mm&r=g\",\"caption\":\"Publica\\u00e7\\u00e3o\"}}]}<\/script>\n<!-- \/ Yoast SEO plugin. -->","_links":{"self":[{"href":"https:\/\/insurancecorp.com.br\/pt\/wp-json\/wp\/v2\/posts\/24297"}],"collection":[{"href":"https:\/\/insurancecorp.com.br\/pt\/wp-json\/wp\/v2\/posts"}],"about":[{"href":"https:\/\/insurancecorp.com.br\/pt\/wp-json\/wp\/v2\/types\/post"}],"author":[{"embeddable":true,"href":"https:\/\/insurancecorp.com.br\/pt\/wp-json\/wp\/v2\/users\/2"}],"replies":[{"embeddable":true,"href":"https:\/\/insurancecorp.com.br\/pt\/wp-json\/wp\/v2\/comments?post=24297"}],"version-history":[{"count":2,"href":"https:\/\/insurancecorp.com.br\/pt\/wp-json\/wp\/v2\/posts\/24297\/revisions"}],"predecessor-version":[{"id":24300,"href":"https:\/\/insurancecorp.com.br\/pt\/wp-json\/wp\/v2\/posts\/24297\/revisions\/24300"}],"wp:featuredmedia":[{"embeddable":true,"href":"https:\/\/insurancecorp.com.br\/pt\/wp-json\/wp\/v2\/media\/24298"}],"wp:attachment":[{"href":"https:\/\/insurancecorp.com.br\/pt\/wp-json\/wp\/v2\/media?parent=24297"}],"wp:term":[{"taxonomy":"category","embeddable":true,"href":"https:\/\/insurancecorp.com.br\/pt\/wp-json\/wp\/v2\/categories?post=24297"},{"taxonomy":"post_tag","embeddable":true,"href":"https:\/\/insurancecorp.com.br\/pt\/wp-json\/wp\/v2\/tags?post=24297"}],"curies":[{"name":"wp","href":"https:\/\/api.w.org\/{rel}","templated":true}]}}