{"id":24182,"date":"2021-04-05T15:52:38","date_gmt":"2021-04-05T18:52:38","guid":{"rendered":"https:\/\/insurancecorp.com.br\/pt\/?p=24182"},"modified":"2021-04-05T15:52:38","modified_gmt":"2021-04-05T18:52:38","slug":"ans-e-fiocruz-unidas-no-enfrentamento-a-covid-19","status":"publish","type":"post","link":"https:\/\/insurancecorp.com.br\/pt\/2021\/04\/05\/ans-e-fiocruz-unidas-no-enfrentamento-a-covid-19\/","title":{"rendered":"ANS e Fiocruz unidas no enfrentamento \u00e0 Covid-19"},"content":{"rendered":"<p>A Ag\u00eancia Nacional de Sa\u00fade Suplementar (ANS) promoveu, na manh\u00e3 da quinta-feira (01\/04), uma reuni\u00e3o virtual com representantes da Funda\u00e7\u00e3o Oswaldo Cruz (Fiocruz). Na pauta, medidas do setor de planos de sa\u00fade que possam colaborar de forma ainda mais efetiva para o combate \u00e0 pandemia de Covid-19 e para o fortalecimento do sistema de sa\u00fade brasileiro.<br \/>\n\u201cO objetivo dessa aproxima\u00e7\u00e3o \u00e9 unir esfor\u00e7os e definir a\u00e7\u00f5es concretas que possam ser adotadas em prol de toda a sociedade. \u00c9 fundamental que todo o sistema de sa\u00fade esteja alinhado e comprometido no combate a essa pandemia\u201d, ressaltou o diretor-presidente da ANS, Rog\u00e9rio Scarabel. <\/p>\n<p>Em seguida, o diretor de Normas e Habilita\u00e7\u00e3o das Operadoras, Paulo Rebello, falou que o maior envolvimento do setor de planos de sa\u00fade no combate \u00e0 Covid-19 foi tema de conversa recente com o ministro da Sa\u00fade, Marcelo Queiroga: \u201cVamos ter uma reuni\u00e3o de diretoria com o ministro para aprofundar o assunto, mas j\u00e1 queremos identificar como o setor pode contribuir e nos colocar \u00e0 disposi\u00e7\u00e3o da Fiocruz\u201d, enfatizou Rebello.<\/p>\n<p>A presidente da Fiocruz, N\u00edsia Trindade, falou da import\u00e2ncia da contribui\u00e7\u00e3o do setor privado para as a\u00e7\u00f5es de sa\u00fade e destacou que h\u00e1 diferentes frentes de atua\u00e7\u00e3o poss\u00edveis. \u201cA sociedade tem que estar mesmo mobilizada, mas \u00e9 preciso ter um direcionamento de como atuar\u201d, pontuou. \u201cA aquisi\u00e7\u00e3o de IFA (ingrediente farmac\u00eautico ativo) para a produ\u00e7\u00e3o interna e a vinda de mais vacinas prontas s\u00e3o de grande import\u00e2ncia neste momento. Mas temos que considerar que h\u00e1 uma crise de oferta de vacinas em todo o mundo, ent\u00e3o \u00e9 preciso uma maior aproxima\u00e7\u00e3o com governos de pa\u00edses produtores para que autorizem suas f\u00e1bricas a liberar parte de sua produ\u00e7\u00e3o ao Brasil\u201d, explicou.<\/p>\n<p>Segundo N\u00edsia Trindade, a Fiocruz segue com a produ\u00e7\u00e3o de vacinas e a expectativa \u00e9 que ser\u00e1 poss\u00edvel ampliar a cobertura vacinal a partir de maio. At\u00e9 julho, a Fiocruz pretende atingir 45 milh\u00f5es de vacinas produzidas.<\/p>\n<p>ANS e Fiocruz far\u00e3o novas conversas, assim como a ANS far\u00e1 reuni\u00f5es com os integrantes da sa\u00fade suplementar, para que a\u00e7\u00f5es sejam implementadas com a maior brevidade poss\u00edvel.<\/p>\n<p>Tamb\u00e9m participaram da reuni\u00e3o, pela ANS, a chefe de Gabinete, Lenise Secchin, e a diretora-adjunta de Normas e Habilita\u00e7\u00e3o dos Produtos, Carla Soares; e pela Fiocruz, o vice-presidente de Gest\u00e3o e Desenvolvimento Institucional, Mario Moreira, o Chefe de Gabinete, Juliano Lima e o Assessor Especial da Presid\u00eancia, Carlos Maciel.<\/p>\n<p><strong>Assessoria de Imprensa da ANS<\/strong><\/p>\n","protected":false},"excerpt":{"rendered":"<p>A Ag\u00eancia Nacional de Sa\u00fade Suplementar (ANS) promoveu, na manh\u00e3 da quinta-feira (01\/04), uma reuni\u00e3o virtual com representantes da Funda\u00e7\u00e3o Oswaldo Cruz (Fiocruz). Na pauta, medidas do setor de planos de sa\u00fade que possam colaborar de forma ainda mais efetiva para o combate \u00e0 pandemia de Covid-19 e para o fortalecimento do sistema de sa\u00fade [&hellip;]<\/p>\n","protected":false},"author":2,"featured_media":24185,"comment_status":"open","ping_status":"open","sticky":false,"template":"","format":"standard","meta":[],"categories":[380],"tags":[],"jetpack_featured_media_url":"https:\/\/insurancecorp.com.br\/pt\/wp-content\/uploads\/2021\/04\/agro-4.png","yoast_head":"<!-- This site is optimized with the Yoast SEO plugin v14.8 - https:\/\/yoast.com\/wordpress\/plugins\/seo\/ -->\n<title>ANS e Fiocruz unidas no enfrentamento \u00e0 Covid-19 | Revista Insurance Corp | PT-BR<\/title>\n<meta name=\"robots\" content=\"index, follow\" \/>\n<meta name=\"googlebot\" content=\"index, follow, max-snippet:-1, max-image-preview:large, max-video-preview:-1\" \/>\n<meta name=\"bingbot\" content=\"index, follow, max-snippet:-1, max-image-preview:large, max-video-preview:-1\" \/>\n<link rel=\"canonical\" href=\"https:\/\/insurancecorp.com.br\/pt\/2021\/04\/05\/ans-e-fiocruz-unidas-no-enfrentamento-a-covid-19\/\" \/>\n<meta property=\"og:locale\" content=\"pt_BR\" \/>\n<meta property=\"og:type\" content=\"article\" \/>\n<meta property=\"og:title\" content=\"ANS e Fiocruz unidas no enfrentamento \u00e0 Covid-19 | Revista Insurance Corp | PT-BR\" \/>\n<meta property=\"og:description\" content=\"A Ag\u00eancia Nacional de Sa\u00fade Suplementar (ANS) promoveu, na manh\u00e3 da quinta-feira (01\/04), uma reuni\u00e3o virtual com representantes da Funda\u00e7\u00e3o Oswaldo Cruz (Fiocruz). Na pauta, medidas do setor de planos de sa\u00fade que possam colaborar de forma ainda mais efetiva para o combate \u00e0 pandemia de Covid-19 e para o fortalecimento do sistema de sa\u00fade [&hellip;]\" \/>\n<meta property=\"og:url\" content=\"https:\/\/insurancecorp.com.br\/pt\/2021\/04\/05\/ans-e-fiocruz-unidas-no-enfrentamento-a-covid-19\/\" \/>\n<meta property=\"og:site_name\" content=\"Revista Insurance Corp | PT-BR\" \/>\n<meta property=\"article:publisher\" content=\"https:\/\/www.facebook.com\/RevistaInsuranceCorp\/\" \/>\n<meta property=\"article:published_time\" content=\"2021-04-05T18:52:38+00:00\" \/>\n<meta property=\"og:image\" content=\"https:\/\/insurancecorp.com.br\/pt\/wp-content\/uploads\/2021\/04\/agro-4.png\" \/>\n\t<meta property=\"og:image:width\" content=\"287\" \/>\n\t<meta property=\"og:image:height\" content=\"175\" \/>\n<meta name=\"twitter:card\" content=\"summary\" \/>\n<script type=\"application\/ld+json\" class=\"yoast-schema-graph\">{\"@context\":\"https:\/\/schema.org\",\"@graph\":[{\"@type\":\"Organization\",\"@id\":\"https:\/\/insurancecorp.com.br\/pt\/#organization\",\"name\":\"Revista Insurance Corp\",\"url\":\"https:\/\/insurancecorp.com.br\/pt\/\",\"sameAs\":[\"https:\/\/www.facebook.com\/RevistaInsuranceCorp\/\"],\"logo\":{\"@type\":\"ImageObject\",\"@id\":\"https:\/\/insurancecorp.com.br\/pt\/#logo\",\"inLanguage\":\"pt-BR\",\"url\":\"\",\"caption\":\"Revista Insurance Corp\"},\"image\":{\"@id\":\"https:\/\/insurancecorp.com.br\/pt\/#logo\"}},{\"@type\":\"WebSite\",\"@id\":\"https:\/\/insurancecorp.com.br\/pt\/#website\",\"url\":\"https:\/\/insurancecorp.com.br\/pt\/\",\"name\":\"Revista Insurance Corp | PT-BR\",\"description\":\"A \\u00fanica revista bil\\u00edngue voltada ao mercado de seguro.\",\"publisher\":{\"@id\":\"https:\/\/insurancecorp.com.br\/pt\/#organization\"},\"potentialAction\":[{\"@type\":\"SearchAction\",\"target\":\"https:\/\/insurancecorp.com.br\/pt\/?s={search_term_string}\",\"query-input\":\"required name=search_term_string\"}],\"inLanguage\":\"pt-BR\"},{\"@type\":\"ImageObject\",\"@id\":\"https:\/\/insurancecorp.com.br\/pt\/2021\/04\/05\/ans-e-fiocruz-unidas-no-enfrentamento-a-covid-19\/#primaryimage\",\"inLanguage\":\"pt-BR\",\"url\":\"https:\/\/insurancecorp.com.br\/pt\/wp-content\/uploads\/2021\/04\/agro-4.png\",\"width\":287,\"height\":175},{\"@type\":\"WebPage\",\"@id\":\"https:\/\/insurancecorp.com.br\/pt\/2021\/04\/05\/ans-e-fiocruz-unidas-no-enfrentamento-a-covid-19\/#webpage\",\"url\":\"https:\/\/insurancecorp.com.br\/pt\/2021\/04\/05\/ans-e-fiocruz-unidas-no-enfrentamento-a-covid-19\/\",\"name\":\"ANS e Fiocruz unidas no enfrentamento \\u00e0 Covid-19 | Revista Insurance Corp | PT-BR\",\"isPartOf\":{\"@id\":\"https:\/\/insurancecorp.com.br\/pt\/#website\"},\"primaryImageOfPage\":{\"@id\":\"https:\/\/insurancecorp.com.br\/pt\/2021\/04\/05\/ans-e-fiocruz-unidas-no-enfrentamento-a-covid-19\/#primaryimage\"},\"datePublished\":\"2021-04-05T18:52:38+00:00\",\"dateModified\":\"2021-04-05T18:52:38+00:00\",\"inLanguage\":\"pt-BR\",\"potentialAction\":[{\"@type\":\"ReadAction\",\"target\":[\"https:\/\/insurancecorp.com.br\/pt\/2021\/04\/05\/ans-e-fiocruz-unidas-no-enfrentamento-a-covid-19\/\"]}]},{\"@type\":\"Article\",\"@id\":\"https:\/\/insurancecorp.com.br\/pt\/2021\/04\/05\/ans-e-fiocruz-unidas-no-enfrentamento-a-covid-19\/#article\",\"isPartOf\":{\"@id\":\"https:\/\/insurancecorp.com.br\/pt\/2021\/04\/05\/ans-e-fiocruz-unidas-no-enfrentamento-a-covid-19\/#webpage\"},\"author\":{\"@id\":\"https:\/\/insurancecorp.com.br\/pt\/#\/schema\/person\/1b69c8cf325f0b7167f1b171f52df4af\"},\"headline\":\"ANS e Fiocruz unidas no enfrentamento \\u00e0 Covid-19\",\"datePublished\":\"2021-04-05T18:52:38+00:00\",\"dateModified\":\"2021-04-05T18:52:38+00:00\",\"mainEntityOfPage\":{\"@id\":\"https:\/\/insurancecorp.com.br\/pt\/2021\/04\/05\/ans-e-fiocruz-unidas-no-enfrentamento-a-covid-19\/#webpage\"},\"commentCount\":0,\"publisher\":{\"@id\":\"https:\/\/insurancecorp.com.br\/pt\/#organization\"},\"image\":{\"@id\":\"https:\/\/insurancecorp.com.br\/pt\/2021\/04\/05\/ans-e-fiocruz-unidas-no-enfrentamento-a-covid-19\/#primaryimage\"},\"articleSection\":\"ANS\",\"inLanguage\":\"pt-BR\",\"potentialAction\":[{\"@type\":\"CommentAction\",\"name\":\"Comment\",\"target\":[\"https:\/\/insurancecorp.com.br\/pt\/2021\/04\/05\/ans-e-fiocruz-unidas-no-enfrentamento-a-covid-19\/#respond\"]}]},{\"@type\":\"Person\",\"@id\":\"https:\/\/insurancecorp.com.br\/pt\/#\/schema\/person\/1b69c8cf325f0b7167f1b171f52df4af\",\"name\":\"Publica\\u00e7\\u00e3o\",\"image\":{\"@type\":\"ImageObject\",\"@id\":\"https:\/\/insurancecorp.com.br\/pt\/#personlogo\",\"inLanguage\":\"pt-BR\",\"url\":\"https:\/\/secure.gravatar.com\/avatar\/17226f1f60486eb25d4c6b301ffed37f?s=96&d=mm&r=g\",\"caption\":\"Publica\\u00e7\\u00e3o\"}}]}<\/script>\n<!-- \/ Yoast SEO plugin. -->","_links":{"self":[{"href":"https:\/\/insurancecorp.com.br\/pt\/wp-json\/wp\/v2\/posts\/24182"}],"collection":[{"href":"https:\/\/insurancecorp.com.br\/pt\/wp-json\/wp\/v2\/posts"}],"about":[{"href":"https:\/\/insurancecorp.com.br\/pt\/wp-json\/wp\/v2\/types\/post"}],"author":[{"embeddable":true,"href":"https:\/\/insurancecorp.com.br\/pt\/wp-json\/wp\/v2\/users\/2"}],"replies":[{"embeddable":true,"href":"https:\/\/insurancecorp.com.br\/pt\/wp-json\/wp\/v2\/comments?post=24182"}],"version-history":[{"count":1,"href":"https:\/\/insurancecorp.com.br\/pt\/wp-json\/wp\/v2\/posts\/24182\/revisions"}],"predecessor-version":[{"id":24184,"href":"https:\/\/insurancecorp.com.br\/pt\/wp-json\/wp\/v2\/posts\/24182\/revisions\/24184"}],"wp:featuredmedia":[{"embeddable":true,"href":"https:\/\/insurancecorp.com.br\/pt\/wp-json\/wp\/v2\/media\/24185"}],"wp:attachment":[{"href":"https:\/\/insurancecorp.com.br\/pt\/wp-json\/wp\/v2\/media?parent=24182"}],"wp:term":[{"taxonomy":"category","embeddable":true,"href":"https:\/\/insurancecorp.com.br\/pt\/wp-json\/wp\/v2\/categories?post=24182"},{"taxonomy":"post_tag","embeddable":true,"href":"https:\/\/insurancecorp.com.br\/pt\/wp-json\/wp\/v2\/tags?post=24182"}],"curies":[{"name":"wp","href":"https:\/\/api.w.org\/{rel}","templated":true}]}}