{"id":24126,"date":"2021-04-01T18:36:21","date_gmt":"2021-04-01T21:36:21","guid":{"rendered":"https:\/\/insurancecorp.com.br\/pt\/?p=24126"},"modified":"2021-04-01T18:37:01","modified_gmt":"2021-04-01T21:37:01","slug":"camillo-aborda-transformacao-e-o-futuro-do-corretor-de-seguros","status":"publish","type":"post","link":"https:\/\/insurancecorp.com.br\/pt\/2021\/04\/01\/camillo-aborda-transformacao-e-o-futuro-do-corretor-de-seguros\/","title":{"rendered":"Camillo aborda transforma\u00e7\u00e3o e o futuro do corretor de seguros"},"content":{"rendered":"<p>Para debater o tema \u201cEstamos prontos para as transforma\u00e7\u00f5es do s\u00e9culo XXI? Avan\u00e7os do mercado, do Sincor-SP e do corretor de seguros\u201d, o presidente do Sincor-SP, Alexandre Camillo, recebeu o presidente da MAG Seguros, Helder Molina, durante a 25\u00aa edi\u00e7\u00e3o do Direto &#038; Reto com Camillo, que foi ao ar nesta quarta-feira (31\/03), pelo canal da TV Sincor-SP no YouTube.<br \/>\nCamillo anunciou que a MAG Seguros \u00e9 a nova garantidora da ap\u00f3lice de vida dos corretores de seguros associados, oferecida gratuitamente pelo Sincor-SP, e questionou: quase 70% dos corretores de seguros que recebem a indeniza\u00e7\u00e3o tem apenas essa ap\u00f3lice. \u201cSe voc\u00ea n\u00e3o garante a seguran\u00e7a para sua fam\u00edlia, se voc\u00ea n\u00e3o acredita que o seguro de vida possa ser fundamental, como vai levar isso para o cliente?\u201d<br \/>\nSegundo Molina, o brasileiro pensa primeiro nos bens materiais. \u201cFaz primeiro o seguro do carro, da casa e depois se preocupa em se proteger com uma ap\u00f3lice de vida. Se a gente falta, como ficam nossos filhos, nossa esposa, nossa casa? Como dar condi\u00e7\u00f5es para que a fam\u00edlia siga em frente? Quem j\u00e1 amparou uma fam\u00edlia nesse momento, sabe da import\u00e2ncia do seguro de vida. \u00c9 uma experi\u00eancia \u00edmpar e que nos faz acordar para o prop\u00f3sito da ind\u00fastria\u201d, completa.<br \/>\nA diversifica\u00e7\u00e3o da carteira do corretor de seguros foi apontada por Camillo como essencial para as transforma\u00e7\u00f5es do mundo e da sociedade. \u201cO ponto \u00e9 que o corretor deve se preocupar e apostar no seu desenvolvimento, na sua transforma\u00e7\u00e3o. J\u00e1 que os bancos est\u00e3o tomando o mercado de seguros, por que n\u00e3o apostar na diversifica\u00e7\u00e3o, na evolu\u00e7\u00e3o?\u201d<br \/>\nMolina ressaltou que o momento \u00e9 do corretor apostar na qualifica\u00e7\u00e3o e destacou a parceria com a Fenacor e os Sincors. \u201cA parceria come\u00e7a pela educa\u00e7\u00e3o, que \u00e9 disponibilizarmos, por meio da Escola de Neg\u00f3cios e Seguros (ENS), o curso para transformar o corretor de seguros em um agente aut\u00f4nomo de investimento\u201d.<br \/>\nA ferramenta oferecida pela MAG, Fenacor e Sincors vai oferecer suporte comercial e treinamento, forma\u00e7\u00e3o e tecnologias de capta\u00e7\u00e3o, gest\u00e3o de carteira e p\u00f3s-venda, com o objetivo de capacitar e treinar os profissionais para oferecer solu\u00e7\u00f5es de prote\u00e7\u00e3o individual, investimentos e de acumula\u00e7\u00e3o. \u201cAssim, ele poder\u00e1 cobrir e oferecer a prote\u00e7\u00e3o e o investimento adequados aos seus clientes. O corretor deve ser aquela pessoa que o cliente procura primeiro diante das dificuldades. Da mesma forma que temos um m\u00e9dico de fam\u00edlia para cuidar da sa\u00fade, o cliente tem que ter um corretor para cuidar da sua prote\u00e7\u00e3o e da vida financeira\u201d, ressalta Molina.<br \/>\nPara o presidente do Sincor-SP, o corretor de seguros tem tudo para ser o protagonista dessa transforma\u00e7\u00e3o. Toda mudan\u00e7a traz inquieta\u00e7\u00e3o, \u00e9 do ser humano. Mas, vamos tentar enxergar as coisas sem ansiedade e com calma, dessa maneira, podemos ver mais possibilidades e acreditar nas oportunidades. O futuro \u00e9 da responsabilidade dos presentes.Reflita sobre as suas atitudes de hoje, pois s\u00e3o elas que estar\u00e3o construindo o seu futuro amanh\u00e3\u201d, completa.<br \/>\nAssista ao Direto &#038; Reto com Camillo: youtube.com\/watch?v=yjc2j_iaxDE&#038;feature=youtu.be<\/p>\n<p><strong>Assessoria de Imprensa Sincor SP<\/strong><\/p>\n","protected":false},"excerpt":{"rendered":"<p>Para debater o tema \u201cEstamos prontos para as transforma\u00e7\u00f5es do s\u00e9culo XXI? Avan\u00e7os do mercado, do Sincor-SP e do corretor de seguros\u201d, o presidente do Sincor-SP, Alexandre Camillo, recebeu o presidente da MAG Seguros, Helder Molina, durante a 25\u00aa edi\u00e7\u00e3o do Direto &#038; Reto com Camillo, que foi ao ar nesta quarta-feira (31\/03), pelo canal [&hellip;]<\/p>\n","protected":false},"author":2,"featured_media":24127,"comment_status":"open","ping_status":"open","sticky":false,"template":"","format":"standard","meta":[],"categories":[376],"tags":[],"jetpack_featured_media_url":"https:\/\/insurancecorp.com.br\/pt\/wp-content\/uploads\/2021\/04\/acidentes-g1.jpg","yoast_head":"<!-- This site is optimized with the Yoast SEO plugin v14.8 - https:\/\/yoast.com\/wordpress\/plugins\/seo\/ -->\n<title>Camillo aborda transforma\u00e7\u00e3o e o futuro do corretor de seguros | Revista Insurance Corp | PT-BR<\/title>\n<meta name=\"robots\" content=\"index, follow\" \/>\n<meta name=\"googlebot\" content=\"index, follow, max-snippet:-1, max-image-preview:large, max-video-preview:-1\" \/>\n<meta name=\"bingbot\" content=\"index, follow, max-snippet:-1, max-image-preview:large, max-video-preview:-1\" \/>\n<link rel=\"canonical\" href=\"https:\/\/insurancecorp.com.br\/pt\/2021\/04\/01\/camillo-aborda-transformacao-e-o-futuro-do-corretor-de-seguros\/\" \/>\n<meta property=\"og:locale\" content=\"pt_BR\" \/>\n<meta property=\"og:type\" content=\"article\" \/>\n<meta property=\"og:title\" content=\"Camillo aborda transforma\u00e7\u00e3o e o futuro do corretor de seguros | Revista Insurance Corp | PT-BR\" \/>\n<meta property=\"og:description\" content=\"Para debater o tema \u201cEstamos prontos para as transforma\u00e7\u00f5es do s\u00e9culo XXI? Avan\u00e7os do mercado, do Sincor-SP e do corretor de seguros\u201d, o presidente do Sincor-SP, Alexandre Camillo, recebeu o presidente da MAG Seguros, Helder Molina, durante a 25\u00aa edi\u00e7\u00e3o do Direto &#038; Reto com Camillo, que foi ao ar nesta quarta-feira (31\/03), pelo canal [&hellip;]\" \/>\n<meta property=\"og:url\" content=\"https:\/\/insurancecorp.com.br\/pt\/2021\/04\/01\/camillo-aborda-transformacao-e-o-futuro-do-corretor-de-seguros\/\" \/>\n<meta property=\"og:site_name\" content=\"Revista Insurance Corp | PT-BR\" \/>\n<meta property=\"article:publisher\" content=\"https:\/\/www.facebook.com\/RevistaInsuranceCorp\/\" \/>\n<meta property=\"article:published_time\" content=\"2021-04-01T21:36:21+00:00\" \/>\n<meta property=\"article:modified_time\" content=\"2021-04-01T21:37:01+00:00\" \/>\n<meta property=\"og:image\" content=\"https:\/\/insurancecorp.com.br\/pt\/wp-content\/uploads\/2021\/04\/acidentes-g1.jpg\" \/>\n\t<meta property=\"og:image:width\" content=\"1280\" \/>\n\t<meta property=\"og:image:height\" content=\"720\" \/>\n<meta name=\"twitter:card\" content=\"summary\" \/>\n<script type=\"application\/ld+json\" class=\"yoast-schema-graph\">{\"@context\":\"https:\/\/schema.org\",\"@graph\":[{\"@type\":\"Organization\",\"@id\":\"https:\/\/insurancecorp.com.br\/pt\/#organization\",\"name\":\"Revista Insurance Corp\",\"url\":\"https:\/\/insurancecorp.com.br\/pt\/\",\"sameAs\":[\"https:\/\/www.facebook.com\/RevistaInsuranceCorp\/\"],\"logo\":{\"@type\":\"ImageObject\",\"@id\":\"https:\/\/insurancecorp.com.br\/pt\/#logo\",\"inLanguage\":\"pt-BR\",\"url\":\"\",\"caption\":\"Revista Insurance Corp\"},\"image\":{\"@id\":\"https:\/\/insurancecorp.com.br\/pt\/#logo\"}},{\"@type\":\"WebSite\",\"@id\":\"https:\/\/insurancecorp.com.br\/pt\/#website\",\"url\":\"https:\/\/insurancecorp.com.br\/pt\/\",\"name\":\"Revista Insurance Corp | PT-BR\",\"description\":\"A \\u00fanica revista bil\\u00edngue voltada ao mercado de seguro.\",\"publisher\":{\"@id\":\"https:\/\/insurancecorp.com.br\/pt\/#organization\"},\"potentialAction\":[{\"@type\":\"SearchAction\",\"target\":\"https:\/\/insurancecorp.com.br\/pt\/?s={search_term_string}\",\"query-input\":\"required name=search_term_string\"}],\"inLanguage\":\"pt-BR\"},{\"@type\":\"ImageObject\",\"@id\":\"https:\/\/insurancecorp.com.br\/pt\/2021\/04\/01\/camillo-aborda-transformacao-e-o-futuro-do-corretor-de-seguros\/#primaryimage\",\"inLanguage\":\"pt-BR\",\"url\":\"https:\/\/insurancecorp.com.br\/pt\/wp-content\/uploads\/2021\/04\/acidentes-g1.jpg\",\"width\":1280,\"height\":720},{\"@type\":\"WebPage\",\"@id\":\"https:\/\/insurancecorp.com.br\/pt\/2021\/04\/01\/camillo-aborda-transformacao-e-o-futuro-do-corretor-de-seguros\/#webpage\",\"url\":\"https:\/\/insurancecorp.com.br\/pt\/2021\/04\/01\/camillo-aborda-transformacao-e-o-futuro-do-corretor-de-seguros\/\",\"name\":\"Camillo aborda transforma\\u00e7\\u00e3o e o futuro do corretor de seguros | Revista Insurance Corp | PT-BR\",\"isPartOf\":{\"@id\":\"https:\/\/insurancecorp.com.br\/pt\/#website\"},\"primaryImageOfPage\":{\"@id\":\"https:\/\/insurancecorp.com.br\/pt\/2021\/04\/01\/camillo-aborda-transformacao-e-o-futuro-do-corretor-de-seguros\/#primaryimage\"},\"datePublished\":\"2021-04-01T21:36:21+00:00\",\"dateModified\":\"2021-04-01T21:37:01+00:00\",\"inLanguage\":\"pt-BR\",\"potentialAction\":[{\"@type\":\"ReadAction\",\"target\":[\"https:\/\/insurancecorp.com.br\/pt\/2021\/04\/01\/camillo-aborda-transformacao-e-o-futuro-do-corretor-de-seguros\/\"]}]},{\"@type\":\"Article\",\"@id\":\"https:\/\/insurancecorp.com.br\/pt\/2021\/04\/01\/camillo-aborda-transformacao-e-o-futuro-do-corretor-de-seguros\/#article\",\"isPartOf\":{\"@id\":\"https:\/\/insurancecorp.com.br\/pt\/2021\/04\/01\/camillo-aborda-transformacao-e-o-futuro-do-corretor-de-seguros\/#webpage\"},\"author\":{\"@id\":\"https:\/\/insurancecorp.com.br\/pt\/#\/schema\/person\/1b69c8cf325f0b7167f1b171f52df4af\"},\"headline\":\"Camillo aborda transforma\\u00e7\\u00e3o e o futuro do corretor de seguros\",\"datePublished\":\"2021-04-01T21:36:21+00:00\",\"dateModified\":\"2021-04-01T21:37:01+00:00\",\"mainEntityOfPage\":{\"@id\":\"https:\/\/insurancecorp.com.br\/pt\/2021\/04\/01\/camillo-aborda-transformacao-e-o-futuro-do-corretor-de-seguros\/#webpage\"},\"commentCount\":0,\"publisher\":{\"@id\":\"https:\/\/insurancecorp.com.br\/pt\/#organization\"},\"image\":{\"@id\":\"https:\/\/insurancecorp.com.br\/pt\/2021\/04\/01\/camillo-aborda-transformacao-e-o-futuro-do-corretor-de-seguros\/#primaryimage\"},\"articleSection\":\"Programa Direto e Reto\",\"inLanguage\":\"pt-BR\",\"potentialAction\":[{\"@type\":\"CommentAction\",\"name\":\"Comment\",\"target\":[\"https:\/\/insurancecorp.com.br\/pt\/2021\/04\/01\/camillo-aborda-transformacao-e-o-futuro-do-corretor-de-seguros\/#respond\"]}]},{\"@type\":\"Person\",\"@id\":\"https:\/\/insurancecorp.com.br\/pt\/#\/schema\/person\/1b69c8cf325f0b7167f1b171f52df4af\",\"name\":\"Publica\\u00e7\\u00e3o\",\"image\":{\"@type\":\"ImageObject\",\"@id\":\"https:\/\/insurancecorp.com.br\/pt\/#personlogo\",\"inLanguage\":\"pt-BR\",\"url\":\"https:\/\/secure.gravatar.com\/avatar\/17226f1f60486eb25d4c6b301ffed37f?s=96&d=mm&r=g\",\"caption\":\"Publica\\u00e7\\u00e3o\"}}]}<\/script>\n<!-- \/ Yoast SEO plugin. -->","_links":{"self":[{"href":"https:\/\/insurancecorp.com.br\/pt\/wp-json\/wp\/v2\/posts\/24126"}],"collection":[{"href":"https:\/\/insurancecorp.com.br\/pt\/wp-json\/wp\/v2\/posts"}],"about":[{"href":"https:\/\/insurancecorp.com.br\/pt\/wp-json\/wp\/v2\/types\/post"}],"author":[{"embeddable":true,"href":"https:\/\/insurancecorp.com.br\/pt\/wp-json\/wp\/v2\/users\/2"}],"replies":[{"embeddable":true,"href":"https:\/\/insurancecorp.com.br\/pt\/wp-json\/wp\/v2\/comments?post=24126"}],"version-history":[{"count":1,"href":"https:\/\/insurancecorp.com.br\/pt\/wp-json\/wp\/v2\/posts\/24126\/revisions"}],"predecessor-version":[{"id":24128,"href":"https:\/\/insurancecorp.com.br\/pt\/wp-json\/wp\/v2\/posts\/24126\/revisions\/24128"}],"wp:featuredmedia":[{"embeddable":true,"href":"https:\/\/insurancecorp.com.br\/pt\/wp-json\/wp\/v2\/media\/24127"}],"wp:attachment":[{"href":"https:\/\/insurancecorp.com.br\/pt\/wp-json\/wp\/v2\/media?parent=24126"}],"wp:term":[{"taxonomy":"category","embeddable":true,"href":"https:\/\/insurancecorp.com.br\/pt\/wp-json\/wp\/v2\/categories?post=24126"},{"taxonomy":"post_tag","embeddable":true,"href":"https:\/\/insurancecorp.com.br\/pt\/wp-json\/wp\/v2\/tags?post=24126"}],"curies":[{"name":"wp","href":"https:\/\/api.w.org\/{rel}","templated":true}]}}