{"id":24036,"date":"2021-03-31T14:31:50","date_gmt":"2021-03-31T17:31:50","guid":{"rendered":"https:\/\/insurancecorp.com.br\/pt\/?p=24036"},"modified":"2021-03-31T14:32:43","modified_gmt":"2021-03-31T17:32:43","slug":"ans-conclui-migracao-e-passa-a-integrar-portal-unico-do-governo-federal","status":"publish","type":"post","link":"https:\/\/insurancecorp.com.br\/pt\/2021\/03\/31\/ans-conclui-migracao-e-passa-a-integrar-portal-unico-do-governo-federal\/","title":{"rendered":"ANS conclui migra\u00e7\u00e3o e passa a integrar portal \u00fanico do governo federal"},"content":{"rendered":"<p>A partir de hoje (31\/03), o portal da Ag\u00eancia Nacional de Sa\u00fade Suplementar (ANS) na internet passa a ser acessado em novo endere\u00e7o: www.gov.br\/ans. A reguladora dos planos de sa\u00fade concluiu o processo de migra\u00e7\u00e3o e, assim, passa a integrar o portal \u00fanico do governo federal, juntamente com canais digitais dos demais \u00f3rg\u00e3os da Administra\u00e7\u00e3o P\u00fablica Federal. Todos os conte\u00fados e ambientes do portal da ANS est\u00e3o mantidos no novo endere\u00e7o, mas s\u00e3o apresentados com nova roupagem e organiza\u00e7\u00e3o, tornando o acesso mais amig\u00e1vel e intuitivo, especialmente para os cidad\u00e3os.<\/p>\n<p>A migra\u00e7\u00e3o do canal atende ao Decreto n\u00ba 9756\/2019 e faz parte de um dos eixos do Plano de Transforma\u00e7\u00e3o Digital da ANS &#8211; Projeto ANS Digital, que consta na Agenda Regulat\u00f3ria 2019-2021.<\/p>\n<p>A nova plataforma j\u00e1 foi adotada por 102 \u00f3rg\u00e3os do governo federal. Possui um visual padronizado e navega\u00e7\u00e3o intuitiva, o que facilita a experi\u00eancia dos usu\u00e1rios, ampliando a usabilidade. A interface utilizada pelo portal \u00fanico obedece a uma l\u00f3gica \u00fanica de navega\u00e7\u00e3o nos diferentes sites e possui uma identidade visual padronizada. Al\u00e9m disso, o portal gov.br \u00e9 voltado para a sociedade, constru\u00eddo sob o ponto de vista do usu\u00e1rio. Dessa forma, a plataforma concentra e auxilia a oferta dos servi\u00e7os para os diferentes p\u00fablicos que interagem com a Ag\u00eancia Reguladora \u2013 sejam cidad\u00e3os, integrantes do setor de planos de sa\u00fade ou colaboradores.<\/p>\n<p>O menu principal possui 5 t\u00edtulos: Assuntos, Acesso \u00e0 Informa\u00e7\u00e3o, Composi\u00e7\u00e3o, Centrais de Conte\u00fado e Canais de Atendimento. Em \u201cAssuntos\u201d, o internauta encontra todas as not\u00edcias divulgadas pela Ag\u00eancia, categorizadas em editorias; acessa conte\u00fados espec\u00edficos direcionados aos principais p\u00fablicos atendidos pela Ag\u00eancia &#8211; consumidores (Espa\u00e7o do Consumidor), operadoras (Espa\u00e7o da Operadora) e prestadores de servi\u00e7os de sa\u00fade (Espa\u00e7o do Prestador); encontra \u00edndices e informa\u00e7\u00f5es divulgados periodicamente pela ANS sobre as operadoras &#8211; como os resultados do Programa de Monitoramento da Garantia de Atendimento, \u00cdndice de Reclama\u00e7\u00f5es e Acredita\u00e7\u00e3o de Operadoras; se informa sobre contrata\u00e7\u00e3o e troca de plano de sa\u00fade; acessa os diversos programas e projetos desenvolvidos pela ANS; e acessa a p\u00e1gina espec\u00edfica sobre Covid-19.<\/p>\n<p>Em \u201cAcesso \u00e0 Informa\u00e7\u00e3o\u201d est\u00e3o compilados todos os conte\u00fados institucionais, transpar\u00eancia, agenda dos gestores, Servi\u00e7o de Informa\u00e7\u00e3o ao Cidad\u00e3o (SIC) e dados do setor \u2013 entre eles, Sala de Situa\u00e7\u00e3o e ANS Tabnet. No item \u201cComposi\u00e7\u00e3o\u201d est\u00e1 detalhada a estrutura organizacional da Diretoria Colegiada e dos \u00f3rg\u00e3os vinculados \u00e0 ANS (Ouvidoria, Auditoria, Procuradoria Geral, Corregedoria, C\u00e2mara de Sa\u00fade Suplementar e Comiss\u00e3o de \u00c9tica).<\/p>\n<p>Em \u201cCentrais de Conte\u00fado\u201d o internauta pode fazer a busca sobrea legisla\u00e7\u00e3o pertinente ao setor e acessar informa\u00e7\u00f5es sobre a elabora\u00e7\u00e3o de normas da Sa\u00fade Suplementar, al\u00e9m de acessar a Biblioteca que cont\u00e9m as publica\u00e7\u00f5es da ANS e os manuais para acesso e uso exclusivo das operadoras. J\u00e1 na se\u00e7\u00e3o \u201cCanais de Atendimento\u201d est\u00e3o dispon\u00edveis os endere\u00e7os da sede e n\u00facleos da ANS, os links de contato com a reguladora para que os diferentes p\u00fablicos possam solicitar informa\u00e7\u00f5es ou registrar reclama\u00e7\u00f5es (benefici\u00e1rios\/cidad\u00e3os, operadoras e prestadores), SIC, acesso a informa\u00e7\u00f5es sobre licita\u00e7\u00f5es e informa\u00e7\u00f5es para imprensa.<\/p>\n<p>Por enquanto, tanto o novo portal como o antigo permanecer\u00e3o no ar simultaneamente, at\u00e9 que todo o conte\u00fado seja migrado e para que o internauta possa se acostumar gradativamente \u00e0 mudan\u00e7a. O site antigo pode ser acessado atrav\u00e9s de link localizado na p\u00e1gina principal do novo site. <\/p>\n<p><strong>Assessoria de Imprensa ANS<\/strong><\/p>\n","protected":false},"excerpt":{"rendered":"<p>A partir de hoje (31\/03), o portal da Ag\u00eancia Nacional de Sa\u00fade Suplementar (ANS) na internet passa a ser acessado em novo endere\u00e7o: www.gov.br\/ans. A reguladora dos planos de sa\u00fade concluiu o processo de migra\u00e7\u00e3o e, assim, passa a integrar o portal \u00fanico do governo federal, juntamente com canais digitais dos demais \u00f3rg\u00e3os da Administra\u00e7\u00e3o [&hellip;]<\/p>\n","protected":false},"author":2,"featured_media":24037,"comment_status":"open","ping_status":"open","sticky":false,"template":"","format":"standard","meta":[],"categories":[380],"tags":[],"jetpack_featured_media_url":"https:\/\/insurancecorp.com.br\/pt\/wp-content\/uploads\/2021\/03\/Amil-1.png","yoast_head":"<!-- This site is optimized with the Yoast SEO plugin v14.8 - https:\/\/yoast.com\/wordpress\/plugins\/seo\/ -->\n<title>ANS conclui migra\u00e7\u00e3o e passa a integrar portal \u00fanico do governo federal | Revista Insurance Corp | PT-BR<\/title>\n<meta name=\"robots\" content=\"index, follow\" \/>\n<meta name=\"googlebot\" content=\"index, follow, max-snippet:-1, max-image-preview:large, max-video-preview:-1\" \/>\n<meta name=\"bingbot\" content=\"index, follow, max-snippet:-1, max-image-preview:large, max-video-preview:-1\" \/>\n<link rel=\"canonical\" href=\"https:\/\/insurancecorp.com.br\/pt\/2021\/03\/31\/ans-conclui-migracao-e-passa-a-integrar-portal-unico-do-governo-federal\/\" \/>\n<meta property=\"og:locale\" content=\"pt_BR\" \/>\n<meta property=\"og:type\" content=\"article\" \/>\n<meta property=\"og:title\" content=\"ANS conclui migra\u00e7\u00e3o e passa a integrar portal \u00fanico do governo federal | Revista Insurance Corp | PT-BR\" \/>\n<meta property=\"og:description\" content=\"A partir de hoje (31\/03), o portal da Ag\u00eancia Nacional de Sa\u00fade Suplementar (ANS) na internet passa a ser acessado em novo endere\u00e7o: www.gov.br\/ans. A reguladora dos planos de sa\u00fade concluiu o processo de migra\u00e7\u00e3o e, assim, passa a integrar o portal \u00fanico do governo federal, juntamente com canais digitais dos demais \u00f3rg\u00e3os da Administra\u00e7\u00e3o [&hellip;]\" \/>\n<meta property=\"og:url\" content=\"https:\/\/insurancecorp.com.br\/pt\/2021\/03\/31\/ans-conclui-migracao-e-passa-a-integrar-portal-unico-do-governo-federal\/\" \/>\n<meta property=\"og:site_name\" content=\"Revista Insurance Corp | PT-BR\" \/>\n<meta property=\"article:publisher\" content=\"https:\/\/www.facebook.com\/RevistaInsuranceCorp\/\" \/>\n<meta property=\"article:published_time\" content=\"2021-03-31T17:31:50+00:00\" \/>\n<meta property=\"article:modified_time\" content=\"2021-03-31T17:32:43+00:00\" \/>\n<meta property=\"og:image\" content=\"https:\/\/insurancecorp.com.br\/pt\/wp-content\/uploads\/2021\/03\/Amil-1.png\" \/>\n\t<meta property=\"og:image:width\" content=\"321\" \/>\n\t<meta property=\"og:image:height\" content=\"190\" \/>\n<meta name=\"twitter:card\" content=\"summary\" \/>\n<script type=\"application\/ld+json\" class=\"yoast-schema-graph\">{\"@context\":\"https:\/\/schema.org\",\"@graph\":[{\"@type\":\"Organization\",\"@id\":\"https:\/\/insurancecorp.com.br\/pt\/#organization\",\"name\":\"Revista Insurance Corp\",\"url\":\"https:\/\/insurancecorp.com.br\/pt\/\",\"sameAs\":[\"https:\/\/www.facebook.com\/RevistaInsuranceCorp\/\"],\"logo\":{\"@type\":\"ImageObject\",\"@id\":\"https:\/\/insurancecorp.com.br\/pt\/#logo\",\"inLanguage\":\"pt-BR\",\"url\":\"\",\"caption\":\"Revista Insurance Corp\"},\"image\":{\"@id\":\"https:\/\/insurancecorp.com.br\/pt\/#logo\"}},{\"@type\":\"WebSite\",\"@id\":\"https:\/\/insurancecorp.com.br\/pt\/#website\",\"url\":\"https:\/\/insurancecorp.com.br\/pt\/\",\"name\":\"Revista Insurance Corp | PT-BR\",\"description\":\"A \\u00fanica revista bil\\u00edngue voltada ao mercado de seguro.\",\"publisher\":{\"@id\":\"https:\/\/insurancecorp.com.br\/pt\/#organization\"},\"potentialAction\":[{\"@type\":\"SearchAction\",\"target\":\"https:\/\/insurancecorp.com.br\/pt\/?s={search_term_string}\",\"query-input\":\"required name=search_term_string\"}],\"inLanguage\":\"pt-BR\"},{\"@type\":\"ImageObject\",\"@id\":\"https:\/\/insurancecorp.com.br\/pt\/2021\/03\/31\/ans-conclui-migracao-e-passa-a-integrar-portal-unico-do-governo-federal\/#primaryimage\",\"inLanguage\":\"pt-BR\",\"url\":\"https:\/\/insurancecorp.com.br\/pt\/wp-content\/uploads\/2021\/03\/Amil-1.png\",\"width\":321,\"height\":190},{\"@type\":\"WebPage\",\"@id\":\"https:\/\/insurancecorp.com.br\/pt\/2021\/03\/31\/ans-conclui-migracao-e-passa-a-integrar-portal-unico-do-governo-federal\/#webpage\",\"url\":\"https:\/\/insurancecorp.com.br\/pt\/2021\/03\/31\/ans-conclui-migracao-e-passa-a-integrar-portal-unico-do-governo-federal\/\",\"name\":\"ANS conclui migra\\u00e7\\u00e3o e passa a integrar portal \\u00fanico do governo federal | Revista Insurance Corp | PT-BR\",\"isPartOf\":{\"@id\":\"https:\/\/insurancecorp.com.br\/pt\/#website\"},\"primaryImageOfPage\":{\"@id\":\"https:\/\/insurancecorp.com.br\/pt\/2021\/03\/31\/ans-conclui-migracao-e-passa-a-integrar-portal-unico-do-governo-federal\/#primaryimage\"},\"datePublished\":\"2021-03-31T17:31:50+00:00\",\"dateModified\":\"2021-03-31T17:32:43+00:00\",\"inLanguage\":\"pt-BR\",\"potentialAction\":[{\"@type\":\"ReadAction\",\"target\":[\"https:\/\/insurancecorp.com.br\/pt\/2021\/03\/31\/ans-conclui-migracao-e-passa-a-integrar-portal-unico-do-governo-federal\/\"]}]},{\"@type\":\"Article\",\"@id\":\"https:\/\/insurancecorp.com.br\/pt\/2021\/03\/31\/ans-conclui-migracao-e-passa-a-integrar-portal-unico-do-governo-federal\/#article\",\"isPartOf\":{\"@id\":\"https:\/\/insurancecorp.com.br\/pt\/2021\/03\/31\/ans-conclui-migracao-e-passa-a-integrar-portal-unico-do-governo-federal\/#webpage\"},\"author\":{\"@id\":\"https:\/\/insurancecorp.com.br\/pt\/#\/schema\/person\/1b69c8cf325f0b7167f1b171f52df4af\"},\"headline\":\"ANS conclui migra\\u00e7\\u00e3o e passa a integrar portal \\u00fanico do governo federal\",\"datePublished\":\"2021-03-31T17:31:50+00:00\",\"dateModified\":\"2021-03-31T17:32:43+00:00\",\"mainEntityOfPage\":{\"@id\":\"https:\/\/insurancecorp.com.br\/pt\/2021\/03\/31\/ans-conclui-migracao-e-passa-a-integrar-portal-unico-do-governo-federal\/#webpage\"},\"commentCount\":0,\"publisher\":{\"@id\":\"https:\/\/insurancecorp.com.br\/pt\/#organization\"},\"image\":{\"@id\":\"https:\/\/insurancecorp.com.br\/pt\/2021\/03\/31\/ans-conclui-migracao-e-passa-a-integrar-portal-unico-do-governo-federal\/#primaryimage\"},\"articleSection\":\"ANS\",\"inLanguage\":\"pt-BR\",\"potentialAction\":[{\"@type\":\"CommentAction\",\"name\":\"Comment\",\"target\":[\"https:\/\/insurancecorp.com.br\/pt\/2021\/03\/31\/ans-conclui-migracao-e-passa-a-integrar-portal-unico-do-governo-federal\/#respond\"]}]},{\"@type\":\"Person\",\"@id\":\"https:\/\/insurancecorp.com.br\/pt\/#\/schema\/person\/1b69c8cf325f0b7167f1b171f52df4af\",\"name\":\"Publica\\u00e7\\u00e3o\",\"image\":{\"@type\":\"ImageObject\",\"@id\":\"https:\/\/insurancecorp.com.br\/pt\/#personlogo\",\"inLanguage\":\"pt-BR\",\"url\":\"https:\/\/secure.gravatar.com\/avatar\/17226f1f60486eb25d4c6b301ffed37f?s=96&d=mm&r=g\",\"caption\":\"Publica\\u00e7\\u00e3o\"}}]}<\/script>\n<!-- \/ Yoast SEO plugin. -->","_links":{"self":[{"href":"https:\/\/insurancecorp.com.br\/pt\/wp-json\/wp\/v2\/posts\/24036"}],"collection":[{"href":"https:\/\/insurancecorp.com.br\/pt\/wp-json\/wp\/v2\/posts"}],"about":[{"href":"https:\/\/insurancecorp.com.br\/pt\/wp-json\/wp\/v2\/types\/post"}],"author":[{"embeddable":true,"href":"https:\/\/insurancecorp.com.br\/pt\/wp-json\/wp\/v2\/users\/2"}],"replies":[{"embeddable":true,"href":"https:\/\/insurancecorp.com.br\/pt\/wp-json\/wp\/v2\/comments?post=24036"}],"version-history":[{"count":1,"href":"https:\/\/insurancecorp.com.br\/pt\/wp-json\/wp\/v2\/posts\/24036\/revisions"}],"predecessor-version":[{"id":24038,"href":"https:\/\/insurancecorp.com.br\/pt\/wp-json\/wp\/v2\/posts\/24036\/revisions\/24038"}],"wp:featuredmedia":[{"embeddable":true,"href":"https:\/\/insurancecorp.com.br\/pt\/wp-json\/wp\/v2\/media\/24037"}],"wp:attachment":[{"href":"https:\/\/insurancecorp.com.br\/pt\/wp-json\/wp\/v2\/media?parent=24036"}],"wp:term":[{"taxonomy":"category","embeddable":true,"href":"https:\/\/insurancecorp.com.br\/pt\/wp-json\/wp\/v2\/categories?post=24036"},{"taxonomy":"post_tag","embeddable":true,"href":"https:\/\/insurancecorp.com.br\/pt\/wp-json\/wp\/v2\/tags?post=24036"}],"curies":[{"name":"wp","href":"https:\/\/api.w.org\/{rel}","templated":true}]}}