{"id":23964,"date":"2021-03-29T12:07:16","date_gmt":"2021-03-29T15:07:16","guid":{"rendered":"https:\/\/insurancecorp.com.br\/pt\/?p=23964"},"modified":"2021-03-29T19:37:05","modified_gmt":"2021-03-29T22:37:05","slug":"fundador-deixa-seguradora-apos-dobrar-faturamento-em-dois-anos","status":"publish","type":"post","link":"https:\/\/insurancecorp.com.br\/pt\/2021\/03\/29\/fundador-deixa-seguradora-apos-dobrar-faturamento-em-dois-anos\/","title":{"rendered":"Fundador deixa seguradora ap\u00f3s dobrar faturamento em dois anos"},"content":{"rendered":"<p>O ano de 2021 come\u00e7ou com o mercado de M&#038;As, investimento, IPO\u2019s e Exits aquecido. Uma dessas movimenta\u00e7\u00f5es est\u00e1 sendo feita na NEWE Seguros. O executivo e co-fundador, Gabriel Boyer, est\u00e1 deixando a companhia depois de consolid\u00e1-la como a 6\u00ba maior empresa de seguros agr\u00edcolas do Brasil. Durante a atua\u00e7\u00e3o de dois anos (2019-2021), o ex-COO realizou um plano operacional e financeiro de turnaround e garantiu um faturamento de R$169 milh\u00f5es em 2020, um aumento de 112% em rela\u00e7\u00e3o a 2019. <\/p>\n<p>Gabriel passa a atuar como acionista da empresa e afirma ter alcan\u00e7ado seu objetivo de se tornar dispens\u00e1vel para o cargo. &#8221;A principal fun\u00e7\u00e3o de um l\u00edder, na minha vis\u00e3o,  \u00e9 se tornar desnecess\u00e1rio para a companhia. Acredito que o momento correto para sair de cena \u00e9 quando a sua janela de entregas para a empresa est\u00e1 conclu\u00edda e assim ela consegue estar pronta para seguir sem sua presen\u00e7a. Isso est\u00e1 vinculado \u00e0 constru\u00e7\u00e3o de pilares s\u00f3lidos dentro daquela comunidade\/empresa que vai continuar gerando valor mesmo ap\u00f3s a sua sa\u00edda&#8221;, explica o executivo.<\/p>\n<p>Formado em Ci\u00eancias Atuariais pela UFRJ, Gabriel tem quase 20 anos de carreira, onde foi respons\u00e1vel por grandes opera\u00e7\u00f5es em multinacionais como Alterra e Markel. O exit \u00e9 ligado a objetivos pessoais de trilhar novos caminhos  e replicar novos cases de turnaround e consolida\u00e7\u00e3o de marca em outros setores da economia. O executivo \u00e9 reconhecido no seu mercado de atua\u00e7\u00e3o e considerado um dos principais especialistas em seguro agr\u00edcola e seguro garantia no Brasil. Boyer est\u00e1 saindo da opera\u00e7\u00e3o da NEWE em sua melhor fase &#8211; 85 funcion\u00e1rios, melhor m\u00e9dia de sinistralidade do mercado em 24 meses seguidos e 15% de ROE no ano de 2020. <\/p>\n<p><strong>Fala You<\/strong><\/p>\n","protected":false},"excerpt":{"rendered":"<p>O ano de 2021 come\u00e7ou com o mercado de M&#038;As, investimento, IPO\u2019s e Exits aquecido. Uma dessas movimenta\u00e7\u00f5es est\u00e1 sendo feita na NEWE Seguros. O executivo e co-fundador, Gabriel Boyer, est\u00e1 deixando a companhia depois de consolid\u00e1-la como a 6\u00ba maior empresa de seguros agr\u00edcolas do Brasil. Durante a atua\u00e7\u00e3o de dois anos (2019-2021), o [&hellip;]<\/p>\n","protected":false},"author":2,"featured_media":23985,"comment_status":"open","ping_status":"open","sticky":false,"template":"","format":"standard","meta":[],"categories":[509],"tags":[],"jetpack_featured_media_url":"https:\/\/insurancecorp.com.br\/pt\/wp-content\/uploads\/2021\/03\/argo-seguros.png","yoast_head":"<!-- This site is optimized with the Yoast SEO plugin v14.8 - https:\/\/yoast.com\/wordpress\/plugins\/seo\/ -->\n<title>Fundador deixa seguradora ap\u00f3s dobrar faturamento em dois anos | Revista Insurance Corp | PT-BR<\/title>\n<meta name=\"robots\" content=\"index, follow\" \/>\n<meta name=\"googlebot\" content=\"index, follow, max-snippet:-1, max-image-preview:large, max-video-preview:-1\" \/>\n<meta name=\"bingbot\" content=\"index, follow, max-snippet:-1, max-image-preview:large, max-video-preview:-1\" \/>\n<link rel=\"canonical\" href=\"https:\/\/insurancecorp.com.br\/pt\/2021\/03\/29\/fundador-deixa-seguradora-apos-dobrar-faturamento-em-dois-anos\/\" \/>\n<meta property=\"og:locale\" content=\"pt_BR\" \/>\n<meta property=\"og:type\" content=\"article\" \/>\n<meta property=\"og:title\" content=\"Fundador deixa seguradora ap\u00f3s dobrar faturamento em dois anos | Revista Insurance Corp | PT-BR\" \/>\n<meta property=\"og:description\" content=\"O ano de 2021 come\u00e7ou com o mercado de M&#038;As, investimento, IPO\u2019s e Exits aquecido. Uma dessas movimenta\u00e7\u00f5es est\u00e1 sendo feita na NEWE Seguros. O executivo e co-fundador, Gabriel Boyer, est\u00e1 deixando a companhia depois de consolid\u00e1-la como a 6\u00ba maior empresa de seguros agr\u00edcolas do Brasil. Durante a atua\u00e7\u00e3o de dois anos (2019-2021), o [&hellip;]\" \/>\n<meta property=\"og:url\" content=\"https:\/\/insurancecorp.com.br\/pt\/2021\/03\/29\/fundador-deixa-seguradora-apos-dobrar-faturamento-em-dois-anos\/\" \/>\n<meta property=\"og:site_name\" content=\"Revista Insurance Corp | PT-BR\" \/>\n<meta property=\"article:publisher\" content=\"https:\/\/www.facebook.com\/RevistaInsuranceCorp\/\" \/>\n<meta property=\"article:published_time\" content=\"2021-03-29T15:07:16+00:00\" \/>\n<meta property=\"article:modified_time\" content=\"2021-03-29T22:37:05+00:00\" \/>\n<meta property=\"og:image\" content=\"https:\/\/insurancecorp.com.br\/pt\/wp-content\/uploads\/2021\/03\/argo-seguros.png\" \/>\n\t<meta property=\"og:image:width\" content=\"1280\" \/>\n\t<meta property=\"og:image:height\" content=\"800\" \/>\n<meta name=\"twitter:card\" content=\"summary\" \/>\n<script type=\"application\/ld+json\" class=\"yoast-schema-graph\">{\"@context\":\"https:\/\/schema.org\",\"@graph\":[{\"@type\":\"Organization\",\"@id\":\"https:\/\/insurancecorp.com.br\/pt\/#organization\",\"name\":\"Revista Insurance Corp\",\"url\":\"https:\/\/insurancecorp.com.br\/pt\/\",\"sameAs\":[\"https:\/\/www.facebook.com\/RevistaInsuranceCorp\/\"],\"logo\":{\"@type\":\"ImageObject\",\"@id\":\"https:\/\/insurancecorp.com.br\/pt\/#logo\",\"inLanguage\":\"pt-BR\",\"url\":\"\",\"caption\":\"Revista Insurance Corp\"},\"image\":{\"@id\":\"https:\/\/insurancecorp.com.br\/pt\/#logo\"}},{\"@type\":\"WebSite\",\"@id\":\"https:\/\/insurancecorp.com.br\/pt\/#website\",\"url\":\"https:\/\/insurancecorp.com.br\/pt\/\",\"name\":\"Revista Insurance Corp | PT-BR\",\"description\":\"A \\u00fanica revista bil\\u00edngue voltada ao mercado de seguro.\",\"publisher\":{\"@id\":\"https:\/\/insurancecorp.com.br\/pt\/#organization\"},\"potentialAction\":[{\"@type\":\"SearchAction\",\"target\":\"https:\/\/insurancecorp.com.br\/pt\/?s={search_term_string}\",\"query-input\":\"required name=search_term_string\"}],\"inLanguage\":\"pt-BR\"},{\"@type\":\"ImageObject\",\"@id\":\"https:\/\/insurancecorp.com.br\/pt\/2021\/03\/29\/fundador-deixa-seguradora-apos-dobrar-faturamento-em-dois-anos\/#primaryimage\",\"inLanguage\":\"pt-BR\",\"url\":\"https:\/\/insurancecorp.com.br\/pt\/wp-content\/uploads\/2021\/03\/argo-seguros.png\",\"width\":1280,\"height\":800},{\"@type\":\"WebPage\",\"@id\":\"https:\/\/insurancecorp.com.br\/pt\/2021\/03\/29\/fundador-deixa-seguradora-apos-dobrar-faturamento-em-dois-anos\/#webpage\",\"url\":\"https:\/\/insurancecorp.com.br\/pt\/2021\/03\/29\/fundador-deixa-seguradora-apos-dobrar-faturamento-em-dois-anos\/\",\"name\":\"Fundador deixa seguradora ap\\u00f3s dobrar faturamento em dois anos | Revista Insurance Corp | PT-BR\",\"isPartOf\":{\"@id\":\"https:\/\/insurancecorp.com.br\/pt\/#website\"},\"primaryImageOfPage\":{\"@id\":\"https:\/\/insurancecorp.com.br\/pt\/2021\/03\/29\/fundador-deixa-seguradora-apos-dobrar-faturamento-em-dois-anos\/#primaryimage\"},\"datePublished\":\"2021-03-29T15:07:16+00:00\",\"dateModified\":\"2021-03-29T22:37:05+00:00\",\"inLanguage\":\"pt-BR\",\"potentialAction\":[{\"@type\":\"ReadAction\",\"target\":[\"https:\/\/insurancecorp.com.br\/pt\/2021\/03\/29\/fundador-deixa-seguradora-apos-dobrar-faturamento-em-dois-anos\/\"]}]},{\"@type\":\"Article\",\"@id\":\"https:\/\/insurancecorp.com.br\/pt\/2021\/03\/29\/fundador-deixa-seguradora-apos-dobrar-faturamento-em-dois-anos\/#article\",\"isPartOf\":{\"@id\":\"https:\/\/insurancecorp.com.br\/pt\/2021\/03\/29\/fundador-deixa-seguradora-apos-dobrar-faturamento-em-dois-anos\/#webpage\"},\"author\":{\"@id\":\"https:\/\/insurancecorp.com.br\/pt\/#\/schema\/person\/1b69c8cf325f0b7167f1b171f52df4af\"},\"headline\":\"Fundador deixa seguradora ap\\u00f3s dobrar faturamento em dois anos\",\"datePublished\":\"2021-03-29T15:07:16+00:00\",\"dateModified\":\"2021-03-29T22:37:05+00:00\",\"mainEntityOfPage\":{\"@id\":\"https:\/\/insurancecorp.com.br\/pt\/2021\/03\/29\/fundador-deixa-seguradora-apos-dobrar-faturamento-em-dois-anos\/#webpage\"},\"commentCount\":0,\"publisher\":{\"@id\":\"https:\/\/insurancecorp.com.br\/pt\/#organization\"},\"image\":{\"@id\":\"https:\/\/insurancecorp.com.br\/pt\/2021\/03\/29\/fundador-deixa-seguradora-apos-dobrar-faturamento-em-dois-anos\/#primaryimage\"},\"articleSection\":\"NEWE Seguros\",\"inLanguage\":\"pt-BR\",\"potentialAction\":[{\"@type\":\"CommentAction\",\"name\":\"Comment\",\"target\":[\"https:\/\/insurancecorp.com.br\/pt\/2021\/03\/29\/fundador-deixa-seguradora-apos-dobrar-faturamento-em-dois-anos\/#respond\"]}]},{\"@type\":\"Person\",\"@id\":\"https:\/\/insurancecorp.com.br\/pt\/#\/schema\/person\/1b69c8cf325f0b7167f1b171f52df4af\",\"name\":\"Publica\\u00e7\\u00e3o\",\"image\":{\"@type\":\"ImageObject\",\"@id\":\"https:\/\/insurancecorp.com.br\/pt\/#personlogo\",\"inLanguage\":\"pt-BR\",\"url\":\"https:\/\/secure.gravatar.com\/avatar\/17226f1f60486eb25d4c6b301ffed37f?s=96&d=mm&r=g\",\"caption\":\"Publica\\u00e7\\u00e3o\"}}]}<\/script>\n<!-- \/ Yoast SEO plugin. -->","_links":{"self":[{"href":"https:\/\/insurancecorp.com.br\/pt\/wp-json\/wp\/v2\/posts\/23964"}],"collection":[{"href":"https:\/\/insurancecorp.com.br\/pt\/wp-json\/wp\/v2\/posts"}],"about":[{"href":"https:\/\/insurancecorp.com.br\/pt\/wp-json\/wp\/v2\/types\/post"}],"author":[{"embeddable":true,"href":"https:\/\/insurancecorp.com.br\/pt\/wp-json\/wp\/v2\/users\/2"}],"replies":[{"embeddable":true,"href":"https:\/\/insurancecorp.com.br\/pt\/wp-json\/wp\/v2\/comments?post=23964"}],"version-history":[{"count":3,"href":"https:\/\/insurancecorp.com.br\/pt\/wp-json\/wp\/v2\/posts\/23964\/revisions"}],"predecessor-version":[{"id":23967,"href":"https:\/\/insurancecorp.com.br\/pt\/wp-json\/wp\/v2\/posts\/23964\/revisions\/23967"}],"wp:featuredmedia":[{"embeddable":true,"href":"https:\/\/insurancecorp.com.br\/pt\/wp-json\/wp\/v2\/media\/23985"}],"wp:attachment":[{"href":"https:\/\/insurancecorp.com.br\/pt\/wp-json\/wp\/v2\/media?parent=23964"}],"wp:term":[{"taxonomy":"category","embeddable":true,"href":"https:\/\/insurancecorp.com.br\/pt\/wp-json\/wp\/v2\/categories?post=23964"},{"taxonomy":"post_tag","embeddable":true,"href":"https:\/\/insurancecorp.com.br\/pt\/wp-json\/wp\/v2\/tags?post=23964"}],"curies":[{"name":"wp","href":"https:\/\/api.w.org\/{rel}","templated":true}]}}