{"id":23751,"date":"2021-03-24T20:55:09","date_gmt":"2021-03-24T23:55:09","guid":{"rendered":"https:\/\/insurancecorp.com.br\/pt\/?p=23751"},"modified":"2021-03-24T20:57:48","modified_gmt":"2021-03-24T23:57:48","slug":"ans-amplia-rol-de-exames-e-tratamentos-a-serem-cobertos-pelos-planos-de-saude","status":"publish","type":"post","link":"https:\/\/insurancecorp.com.br\/pt\/2021\/03\/24\/ans-amplia-rol-de-exames-e-tratamentos-a-serem-cobertos-pelos-planos-de-saude\/","title":{"rendered":"ANS amplia rol de exames e tratamentos a serem cobertos pelos planos de sa\u00fade"},"content":{"rendered":"<p>A partir de 1\u00ba de abril deste ano, novos exames e tratamentos passar\u00e3o a fazer parte da lista obrigat\u00f3ria de assist\u00eancia garantida por planos de sa\u00fade privados o chamado \u201crol da ANS\u201d. A Ag\u00eancia Nacional de Sa\u00fade \u2013 ANS, publicou no Di\u00e1rio Oficial da Uni\u00e3o no in\u00edcio de mar\u00e7o, uma resolu\u00e7\u00e3o normativa onde foram adicionados 69 novos procedimentos de cobertura obrigat\u00f3ria, sendo 50 relativas a medicamentos e 19 a exames, terapias e cirurgias indicadas no tratamento de enfermidades do cora\u00e7\u00e3o, intestino, coluna, pulm\u00e3o, mama etc.<\/p>\n<p>A lista \u00e9 composta, ainda, por 17 imunobiol\u00f3gicos usados em tratamentos de doen\u00e7as inflamat\u00f3rias, cr\u00f4nicas e autoimunes como psor\u00edase, asma e esclerose m\u00faltipla e por tratamentos para pacientes com tumor de mama em est\u00e1gio avan\u00e7ado, c\u00e2ncer de pulm\u00e3o, al\u00e9m de leucemias, melanomas, mielomas e tumores de f\u00edgado, rim e pr\u00f3stata. A cobertura foi ampliada para novas interven\u00e7\u00f5es no tratamento de h\u00e9rnia de disco lombar e deformidade na mand\u00edbula, al\u00e9m de problemas na coluna cervical no cora\u00e7\u00e3o.<\/p>\n<p>Segundo Fernanda Glezer Szpiz, advogada e s\u00f3cia do Rosenbaum Advogados, escrit\u00f3rio especializado em Direito e Sa\u00fade e do Consumidor, a ANS atualiza a cada dois anos o rol de coberturas e por conta deste prazo sempre haver\u00e1 uma defasagem entre os novos tratamentos aprovados pela ANVISA e prescritos pelos m\u00e9dicos e aqueles cuja cobertura est\u00e1 prevista no rol.. \u201cComo o rol da ANS \u00e9 atualizado a cada dois anos (este \u00faltimo foi atualizado ap\u00f3s 3 anos), sempre haver\u00e1 defasagem, uma vez que a ci\u00eancia avan\u00e7a de forma muito mais r\u00e1pida. No entanto, importantes medicamentos oncol\u00f3gicos, exames e outros procedimentos foram inclu\u00eddos\u201d.<\/p>\n<p>Isso significa, em uma primeira an\u00e1lise, que os planos de sa\u00fade n\u00e3o ter\u00e3o mais justificativa para negar alguns procedimentos, uma vez que a base para justificativa era o fato de n\u00e3o constarem do rol da ANS. No entanto, in\u00fameros tratamentos ainda n\u00e3o foram inclu\u00eddos e a rela\u00e7\u00e3o continua desequilibrada, desfavorecendo os pacientes, benefici\u00e1rios dos planos de sa\u00fade.<\/p>\n<p>As novas mudan\u00e7as passam a valer para todos os planos contratados a partir de 1999. Os que foram contratados anteriormente a esta data, devem ter sido adaptados conforme a lei federal 9.656\/1998. \u201cEsta interpreta\u00e7\u00e3o se baseia no fato de a Lei de Planos de Sa\u00fade ter entrado em vigor a partir de 1999, por\u00e9m, o judici\u00e1rio tem interpretado que mesmo os planos de sa\u00fade contratados anteriormente \u00e0 lei, devem dar cobertura para os procedimentos prescritos pelos m\u00e9dicos sob a justificativa de que se h\u00e1 cobertura para a doen\u00e7a, o tratamento tamb\u00e9m deve ser coberto (desde que seja um tratamento aprovado pela ANVISA)\u201d, observa a especialista.<\/p>\n<p>De toda a forma, infelizmente, ainda n\u00e3o se sabe como agir\u00e3o os planos de sa\u00fade, inclusive, com rela\u00e7\u00e3o aos procedimentos rec\u00e9m inclusos no rol: \u201cPara poderem recusar a cobertura de procedimentos inclu\u00eddos no novo rol, os planos de sa\u00fade poder\u00e3o encontrar alguma justificativa como, por exemplo, car\u00eancias contratuais, uso off label do medicamento (quando a utiliza\u00e7\u00e3o prescrita para o medicamento n\u00e3o consta da bula) ou outras justificativas injustific\u00e1veis. De toda a forma, sempre \u00e9 poss\u00edvel recorrer a um advogado especialista para avaliar se cabe alguma medida judicial\u201d,conclui.<\/p>\n<p><strong>AZ Brasil Comunica\u00e7\u00e3o |<\/strong><\/p>\n","protected":false},"excerpt":{"rendered":"<p>A partir de 1\u00ba de abril deste ano, novos exames e tratamentos passar\u00e3o a fazer parte da lista obrigat\u00f3ria de assist\u00eancia garantida por planos de sa\u00fade privados o chamado \u201crol da ANS\u201d. A Ag\u00eancia Nacional de Sa\u00fade \u2013 ANS, publicou no Di\u00e1rio Oficial da Uni\u00e3o no in\u00edcio de mar\u00e7o, uma resolu\u00e7\u00e3o normativa onde foram adicionados [&hellip;]<\/p>\n","protected":false},"author":2,"featured_media":23755,"comment_status":"open","ping_status":"open","sticky":false,"template":"","format":"standard","meta":[],"categories":[380],"tags":[],"jetpack_featured_media_url":"https:\/\/insurancecorp.com.br\/pt\/wp-content\/uploads\/2021\/03\/academia-Travelers-2.jpg","yoast_head":"<!-- This site is optimized with the Yoast SEO plugin v14.8 - https:\/\/yoast.com\/wordpress\/plugins\/seo\/ -->\n<title>ANS amplia rol de exames e tratamentos a serem cobertos pelos planos de sa\u00fade | Revista Insurance Corp | PT-BR<\/title>\n<meta name=\"robots\" content=\"index, follow\" \/>\n<meta name=\"googlebot\" content=\"index, follow, max-snippet:-1, max-image-preview:large, max-video-preview:-1\" \/>\n<meta name=\"bingbot\" content=\"index, follow, max-snippet:-1, max-image-preview:large, max-video-preview:-1\" \/>\n<link rel=\"canonical\" href=\"https:\/\/insurancecorp.com.br\/pt\/2021\/03\/24\/ans-amplia-rol-de-exames-e-tratamentos-a-serem-cobertos-pelos-planos-de-saude\/\" \/>\n<meta property=\"og:locale\" content=\"pt_BR\" \/>\n<meta property=\"og:type\" content=\"article\" \/>\n<meta property=\"og:title\" content=\"ANS amplia rol de exames e tratamentos a serem cobertos pelos planos de sa\u00fade | Revista Insurance Corp | PT-BR\" \/>\n<meta property=\"og:description\" content=\"A partir de 1\u00ba de abril deste ano, novos exames e tratamentos passar\u00e3o a fazer parte da lista obrigat\u00f3ria de assist\u00eancia garantida por planos de sa\u00fade privados o chamado \u201crol da ANS\u201d. A Ag\u00eancia Nacional de Sa\u00fade \u2013 ANS, publicou no Di\u00e1rio Oficial da Uni\u00e3o no in\u00edcio de mar\u00e7o, uma resolu\u00e7\u00e3o normativa onde foram adicionados [&hellip;]\" \/>\n<meta property=\"og:url\" content=\"https:\/\/insurancecorp.com.br\/pt\/2021\/03\/24\/ans-amplia-rol-de-exames-e-tratamentos-a-serem-cobertos-pelos-planos-de-saude\/\" \/>\n<meta property=\"og:site_name\" content=\"Revista Insurance Corp | PT-BR\" \/>\n<meta property=\"article:publisher\" content=\"https:\/\/www.facebook.com\/RevistaInsuranceCorp\/\" \/>\n<meta property=\"article:published_time\" content=\"2021-03-24T23:55:09+00:00\" \/>\n<meta property=\"article:modified_time\" content=\"2021-03-24T23:57:48+00:00\" \/>\n<meta property=\"og:image\" content=\"https:\/\/insurancecorp.com.br\/pt\/wp-content\/uploads\/2021\/03\/academia-Travelers-2.jpg\" \/>\n\t<meta property=\"og:image:width\" content=\"1280\" \/>\n\t<meta property=\"og:image:height\" content=\"768\" \/>\n<meta name=\"twitter:card\" content=\"summary\" \/>\n<script type=\"application\/ld+json\" class=\"yoast-schema-graph\">{\"@context\":\"https:\/\/schema.org\",\"@graph\":[{\"@type\":\"Organization\",\"@id\":\"https:\/\/insurancecorp.com.br\/pt\/#organization\",\"name\":\"Revista Insurance Corp\",\"url\":\"https:\/\/insurancecorp.com.br\/pt\/\",\"sameAs\":[\"https:\/\/www.facebook.com\/RevistaInsuranceCorp\/\"],\"logo\":{\"@type\":\"ImageObject\",\"@id\":\"https:\/\/insurancecorp.com.br\/pt\/#logo\",\"inLanguage\":\"pt-BR\",\"url\":\"\",\"caption\":\"Revista Insurance Corp\"},\"image\":{\"@id\":\"https:\/\/insurancecorp.com.br\/pt\/#logo\"}},{\"@type\":\"WebSite\",\"@id\":\"https:\/\/insurancecorp.com.br\/pt\/#website\",\"url\":\"https:\/\/insurancecorp.com.br\/pt\/\",\"name\":\"Revista Insurance Corp | PT-BR\",\"description\":\"A \\u00fanica revista bil\\u00edngue voltada ao mercado de seguro.\",\"publisher\":{\"@id\":\"https:\/\/insurancecorp.com.br\/pt\/#organization\"},\"potentialAction\":[{\"@type\":\"SearchAction\",\"target\":\"https:\/\/insurancecorp.com.br\/pt\/?s={search_term_string}\",\"query-input\":\"required name=search_term_string\"}],\"inLanguage\":\"pt-BR\"},{\"@type\":\"ImageObject\",\"@id\":\"https:\/\/insurancecorp.com.br\/pt\/2021\/03\/24\/ans-amplia-rol-de-exames-e-tratamentos-a-serem-cobertos-pelos-planos-de-saude\/#primaryimage\",\"inLanguage\":\"pt-BR\",\"url\":\"https:\/\/insurancecorp.com.br\/pt\/wp-content\/uploads\/2021\/03\/academia-Travelers-2.jpg\",\"width\":1280,\"height\":768},{\"@type\":\"WebPage\",\"@id\":\"https:\/\/insurancecorp.com.br\/pt\/2021\/03\/24\/ans-amplia-rol-de-exames-e-tratamentos-a-serem-cobertos-pelos-planos-de-saude\/#webpage\",\"url\":\"https:\/\/insurancecorp.com.br\/pt\/2021\/03\/24\/ans-amplia-rol-de-exames-e-tratamentos-a-serem-cobertos-pelos-planos-de-saude\/\",\"name\":\"ANS amplia rol de exames e tratamentos a serem cobertos pelos planos de sa\\u00fade | Revista Insurance Corp | PT-BR\",\"isPartOf\":{\"@id\":\"https:\/\/insurancecorp.com.br\/pt\/#website\"},\"primaryImageOfPage\":{\"@id\":\"https:\/\/insurancecorp.com.br\/pt\/2021\/03\/24\/ans-amplia-rol-de-exames-e-tratamentos-a-serem-cobertos-pelos-planos-de-saude\/#primaryimage\"},\"datePublished\":\"2021-03-24T23:55:09+00:00\",\"dateModified\":\"2021-03-24T23:57:48+00:00\",\"inLanguage\":\"pt-BR\",\"potentialAction\":[{\"@type\":\"ReadAction\",\"target\":[\"https:\/\/insurancecorp.com.br\/pt\/2021\/03\/24\/ans-amplia-rol-de-exames-e-tratamentos-a-serem-cobertos-pelos-planos-de-saude\/\"]}]},{\"@type\":\"Article\",\"@id\":\"https:\/\/insurancecorp.com.br\/pt\/2021\/03\/24\/ans-amplia-rol-de-exames-e-tratamentos-a-serem-cobertos-pelos-planos-de-saude\/#article\",\"isPartOf\":{\"@id\":\"https:\/\/insurancecorp.com.br\/pt\/2021\/03\/24\/ans-amplia-rol-de-exames-e-tratamentos-a-serem-cobertos-pelos-planos-de-saude\/#webpage\"},\"author\":{\"@id\":\"https:\/\/insurancecorp.com.br\/pt\/#\/schema\/person\/1b69c8cf325f0b7167f1b171f52df4af\"},\"headline\":\"ANS amplia rol de exames e tratamentos a serem cobertos pelos planos de sa\\u00fade\",\"datePublished\":\"2021-03-24T23:55:09+00:00\",\"dateModified\":\"2021-03-24T23:57:48+00:00\",\"mainEntityOfPage\":{\"@id\":\"https:\/\/insurancecorp.com.br\/pt\/2021\/03\/24\/ans-amplia-rol-de-exames-e-tratamentos-a-serem-cobertos-pelos-planos-de-saude\/#webpage\"},\"commentCount\":0,\"publisher\":{\"@id\":\"https:\/\/insurancecorp.com.br\/pt\/#organization\"},\"image\":{\"@id\":\"https:\/\/insurancecorp.com.br\/pt\/2021\/03\/24\/ans-amplia-rol-de-exames-e-tratamentos-a-serem-cobertos-pelos-planos-de-saude\/#primaryimage\"},\"articleSection\":\"ANS\",\"inLanguage\":\"pt-BR\",\"potentialAction\":[{\"@type\":\"CommentAction\",\"name\":\"Comment\",\"target\":[\"https:\/\/insurancecorp.com.br\/pt\/2021\/03\/24\/ans-amplia-rol-de-exames-e-tratamentos-a-serem-cobertos-pelos-planos-de-saude\/#respond\"]}]},{\"@type\":\"Person\",\"@id\":\"https:\/\/insurancecorp.com.br\/pt\/#\/schema\/person\/1b69c8cf325f0b7167f1b171f52df4af\",\"name\":\"Publica\\u00e7\\u00e3o\",\"image\":{\"@type\":\"ImageObject\",\"@id\":\"https:\/\/insurancecorp.com.br\/pt\/#personlogo\",\"inLanguage\":\"pt-BR\",\"url\":\"https:\/\/secure.gravatar.com\/avatar\/17226f1f60486eb25d4c6b301ffed37f?s=96&d=mm&r=g\",\"caption\":\"Publica\\u00e7\\u00e3o\"}}]}<\/script>\n<!-- \/ Yoast SEO plugin. -->","_links":{"self":[{"href":"https:\/\/insurancecorp.com.br\/pt\/wp-json\/wp\/v2\/posts\/23751"}],"collection":[{"href":"https:\/\/insurancecorp.com.br\/pt\/wp-json\/wp\/v2\/posts"}],"about":[{"href":"https:\/\/insurancecorp.com.br\/pt\/wp-json\/wp\/v2\/types\/post"}],"author":[{"embeddable":true,"href":"https:\/\/insurancecorp.com.br\/pt\/wp-json\/wp\/v2\/users\/2"}],"replies":[{"embeddable":true,"href":"https:\/\/insurancecorp.com.br\/pt\/wp-json\/wp\/v2\/comments?post=23751"}],"version-history":[{"count":1,"href":"https:\/\/insurancecorp.com.br\/pt\/wp-json\/wp\/v2\/posts\/23751\/revisions"}],"predecessor-version":[{"id":23753,"href":"https:\/\/insurancecorp.com.br\/pt\/wp-json\/wp\/v2\/posts\/23751\/revisions\/23753"}],"wp:featuredmedia":[{"embeddable":true,"href":"https:\/\/insurancecorp.com.br\/pt\/wp-json\/wp\/v2\/media\/23755"}],"wp:attachment":[{"href":"https:\/\/insurancecorp.com.br\/pt\/wp-json\/wp\/v2\/media?parent=23751"}],"wp:term":[{"taxonomy":"category","embeddable":true,"href":"https:\/\/insurancecorp.com.br\/pt\/wp-json\/wp\/v2\/categories?post=23751"},{"taxonomy":"post_tag","embeddable":true,"href":"https:\/\/insurancecorp.com.br\/pt\/wp-json\/wp\/v2\/tags?post=23751"}],"curies":[{"name":"wp","href":"https:\/\/api.w.org\/{rel}","templated":true}]}}