{"id":23728,"date":"2021-03-24T12:12:52","date_gmt":"2021-03-24T15:12:52","guid":{"rendered":"https:\/\/insurancecorp.com.br\/pt\/?p=23728"},"modified":"2021-03-24T12:13:25","modified_gmt":"2021-03-24T15:13:25","slug":"camillo-debate-sincor-sp-corretor-de-seguros-e-o-mercado-do-seculo-xxi","status":"publish","type":"post","link":"https:\/\/insurancecorp.com.br\/pt\/2021\/03\/24\/camillo-debate-sincor-sp-corretor-de-seguros-e-o-mercado-do-seculo-xxi\/","title":{"rendered":"Camillo debate Sincor-SP, corretor de seguros e o mercado do s\u00e9culo XXI"},"content":{"rendered":"<p>A 25\u00aa edi\u00e7\u00e3o do Direto &amp; Reto com Camillo ter\u00e1 como tema \u201cEstamos prontos para as transforma\u00e7\u00f5es do s\u00e9culo XXI? Avan\u00e7os do mercado, do Sincor-SP e do corretor de seguros\u201d e vai ao ar no dia 31 de mar\u00e7o, a partir das 10h, no canal da TV Sincor-SP no YouTube.<br \/>\nO presidente do Sincor-SP, Alexandre Camillo, vai abordar os movimentos de moderniza\u00e7\u00e3o do Sincor-SP, como a reformula\u00e7\u00e3o da sede, o APP Sincor Digital, a cria\u00e7\u00e3o de novas categorias de associados, o modelo de trabalho em home office e sistematiza\u00e7\u00e3o, al\u00e9m das propostas da Susep para atualizar o mercado de seguros, como o Sandbox.<br \/>\nAs oportunidades de atualiza\u00e7\u00e3o da atividade dos corretores, como o APP Segyy e a plataforma Fenacor com a MAG Seguros tamb\u00e9m ser\u00e3o comentadas por Camillo, que vai receber o presidente da seguradora, Helder Molina.<br \/>\nJ\u00e1 \u00e9 poss\u00edvel participar enviando perguntas, questionamentos e coment\u00e1rios para o WhatsApp (11) 97363-0844.<br \/>\nO Direto &amp; Reto com Camillo \u00e9 exibido todas as \u00faltimas quartas-feiras do m\u00eas e tem como prop\u00f3sito aproximar, ainda mais, o Sincor-SP dos corretores de seguros, promovendo di\u00e1logo entre a categoria e o presidente.<\/p>\n<p><strong>Assessoria de Imprensa Sincor-SP<\/strong><\/p>\n","protected":false},"excerpt":{"rendered":"<p>A 25\u00aa edi\u00e7\u00e3o do Direto &amp; Reto com Camillo ter\u00e1 como tema \u201cEstamos prontos para as transforma\u00e7\u00f5es do s\u00e9culo XXI? Avan\u00e7os do mercado, do Sincor-SP e do corretor de seguros\u201d e vai ao ar no dia 31 de mar\u00e7o, a partir das 10h, no canal da TV Sincor-SP no YouTube. O presidente do Sincor-SP, Alexandre [&hellip;]<\/p>\n","protected":false},"author":2,"featured_media":23729,"comment_status":"open","ping_status":"open","sticky":false,"template":"","format":"standard","meta":[],"categories":[376],"tags":[],"jetpack_featured_media_url":"https:\/\/insurancecorp.com.br\/pt\/wp-content\/uploads\/2021\/03\/Aida-1.png","yoast_head":"<!-- This site is optimized with the Yoast SEO plugin v14.8 - https:\/\/yoast.com\/wordpress\/plugins\/seo\/ -->\n<title>Camillo debate Sincor-SP, corretor de seguros e o mercado do s\u00e9culo XXI | Revista Insurance Corp | PT-BR<\/title>\n<meta name=\"robots\" content=\"index, follow\" \/>\n<meta name=\"googlebot\" content=\"index, follow, max-snippet:-1, max-image-preview:large, max-video-preview:-1\" \/>\n<meta name=\"bingbot\" content=\"index, follow, max-snippet:-1, max-image-preview:large, max-video-preview:-1\" \/>\n<link rel=\"canonical\" href=\"https:\/\/insurancecorp.com.br\/pt\/2021\/03\/24\/camillo-debate-sincor-sp-corretor-de-seguros-e-o-mercado-do-seculo-xxi\/\" \/>\n<meta property=\"og:locale\" content=\"pt_BR\" \/>\n<meta property=\"og:type\" content=\"article\" \/>\n<meta property=\"og:title\" content=\"Camillo debate Sincor-SP, corretor de seguros e o mercado do s\u00e9culo XXI | Revista Insurance Corp | PT-BR\" \/>\n<meta property=\"og:description\" content=\"A 25\u00aa edi\u00e7\u00e3o do Direto &amp; Reto com Camillo ter\u00e1 como tema \u201cEstamos prontos para as transforma\u00e7\u00f5es do s\u00e9culo XXI? Avan\u00e7os do mercado, do Sincor-SP e do corretor de seguros\u201d e vai ao ar no dia 31 de mar\u00e7o, a partir das 10h, no canal da TV Sincor-SP no YouTube. O presidente do Sincor-SP, Alexandre [&hellip;]\" \/>\n<meta property=\"og:url\" content=\"https:\/\/insurancecorp.com.br\/pt\/2021\/03\/24\/camillo-debate-sincor-sp-corretor-de-seguros-e-o-mercado-do-seculo-xxi\/\" \/>\n<meta property=\"og:site_name\" content=\"Revista Insurance Corp | PT-BR\" \/>\n<meta property=\"article:publisher\" content=\"https:\/\/www.facebook.com\/RevistaInsuranceCorp\/\" \/>\n<meta property=\"article:published_time\" content=\"2021-03-24T15:12:52+00:00\" \/>\n<meta property=\"article:modified_time\" content=\"2021-03-24T15:13:25+00:00\" \/>\n<meta property=\"og:image\" content=\"https:\/\/insurancecorp.com.br\/pt\/wp-content\/uploads\/2021\/03\/Aida-1.png\" \/>\n\t<meta property=\"og:image:width\" content=\"521\" \/>\n\t<meta property=\"og:image:height\" content=\"252\" \/>\n<meta name=\"twitter:card\" content=\"summary\" \/>\n<script type=\"application\/ld+json\" class=\"yoast-schema-graph\">{\"@context\":\"https:\/\/schema.org\",\"@graph\":[{\"@type\":\"Organization\",\"@id\":\"https:\/\/insurancecorp.com.br\/pt\/#organization\",\"name\":\"Revista Insurance Corp\",\"url\":\"https:\/\/insurancecorp.com.br\/pt\/\",\"sameAs\":[\"https:\/\/www.facebook.com\/RevistaInsuranceCorp\/\"],\"logo\":{\"@type\":\"ImageObject\",\"@id\":\"https:\/\/insurancecorp.com.br\/pt\/#logo\",\"inLanguage\":\"pt-BR\",\"url\":\"\",\"caption\":\"Revista Insurance Corp\"},\"image\":{\"@id\":\"https:\/\/insurancecorp.com.br\/pt\/#logo\"}},{\"@type\":\"WebSite\",\"@id\":\"https:\/\/insurancecorp.com.br\/pt\/#website\",\"url\":\"https:\/\/insurancecorp.com.br\/pt\/\",\"name\":\"Revista Insurance Corp | PT-BR\",\"description\":\"A \\u00fanica revista bil\\u00edngue voltada ao mercado de seguro.\",\"publisher\":{\"@id\":\"https:\/\/insurancecorp.com.br\/pt\/#organization\"},\"potentialAction\":[{\"@type\":\"SearchAction\",\"target\":\"https:\/\/insurancecorp.com.br\/pt\/?s={search_term_string}\",\"query-input\":\"required name=search_term_string\"}],\"inLanguage\":\"pt-BR\"},{\"@type\":\"ImageObject\",\"@id\":\"https:\/\/insurancecorp.com.br\/pt\/2021\/03\/24\/camillo-debate-sincor-sp-corretor-de-seguros-e-o-mercado-do-seculo-xxi\/#primaryimage\",\"inLanguage\":\"pt-BR\",\"url\":\"https:\/\/insurancecorp.com.br\/pt\/wp-content\/uploads\/2021\/03\/Aida-1.png\",\"width\":521,\"height\":252},{\"@type\":\"WebPage\",\"@id\":\"https:\/\/insurancecorp.com.br\/pt\/2021\/03\/24\/camillo-debate-sincor-sp-corretor-de-seguros-e-o-mercado-do-seculo-xxi\/#webpage\",\"url\":\"https:\/\/insurancecorp.com.br\/pt\/2021\/03\/24\/camillo-debate-sincor-sp-corretor-de-seguros-e-o-mercado-do-seculo-xxi\/\",\"name\":\"Camillo debate Sincor-SP, corretor de seguros e o mercado do s\\u00e9culo XXI | Revista Insurance Corp | PT-BR\",\"isPartOf\":{\"@id\":\"https:\/\/insurancecorp.com.br\/pt\/#website\"},\"primaryImageOfPage\":{\"@id\":\"https:\/\/insurancecorp.com.br\/pt\/2021\/03\/24\/camillo-debate-sincor-sp-corretor-de-seguros-e-o-mercado-do-seculo-xxi\/#primaryimage\"},\"datePublished\":\"2021-03-24T15:12:52+00:00\",\"dateModified\":\"2021-03-24T15:13:25+00:00\",\"inLanguage\":\"pt-BR\",\"potentialAction\":[{\"@type\":\"ReadAction\",\"target\":[\"https:\/\/insurancecorp.com.br\/pt\/2021\/03\/24\/camillo-debate-sincor-sp-corretor-de-seguros-e-o-mercado-do-seculo-xxi\/\"]}]},{\"@type\":\"Article\",\"@id\":\"https:\/\/insurancecorp.com.br\/pt\/2021\/03\/24\/camillo-debate-sincor-sp-corretor-de-seguros-e-o-mercado-do-seculo-xxi\/#article\",\"isPartOf\":{\"@id\":\"https:\/\/insurancecorp.com.br\/pt\/2021\/03\/24\/camillo-debate-sincor-sp-corretor-de-seguros-e-o-mercado-do-seculo-xxi\/#webpage\"},\"author\":{\"@id\":\"https:\/\/insurancecorp.com.br\/pt\/#\/schema\/person\/1b69c8cf325f0b7167f1b171f52df4af\"},\"headline\":\"Camillo debate Sincor-SP, corretor de seguros e o mercado do s\\u00e9culo XXI\",\"datePublished\":\"2021-03-24T15:12:52+00:00\",\"dateModified\":\"2021-03-24T15:13:25+00:00\",\"mainEntityOfPage\":{\"@id\":\"https:\/\/insurancecorp.com.br\/pt\/2021\/03\/24\/camillo-debate-sincor-sp-corretor-de-seguros-e-o-mercado-do-seculo-xxi\/#webpage\"},\"commentCount\":0,\"publisher\":{\"@id\":\"https:\/\/insurancecorp.com.br\/pt\/#organization\"},\"image\":{\"@id\":\"https:\/\/insurancecorp.com.br\/pt\/2021\/03\/24\/camillo-debate-sincor-sp-corretor-de-seguros-e-o-mercado-do-seculo-xxi\/#primaryimage\"},\"articleSection\":\"Programa Direto e Reto\",\"inLanguage\":\"pt-BR\",\"potentialAction\":[{\"@type\":\"CommentAction\",\"name\":\"Comment\",\"target\":[\"https:\/\/insurancecorp.com.br\/pt\/2021\/03\/24\/camillo-debate-sincor-sp-corretor-de-seguros-e-o-mercado-do-seculo-xxi\/#respond\"]}]},{\"@type\":\"Person\",\"@id\":\"https:\/\/insurancecorp.com.br\/pt\/#\/schema\/person\/1b69c8cf325f0b7167f1b171f52df4af\",\"name\":\"Publica\\u00e7\\u00e3o\",\"image\":{\"@type\":\"ImageObject\",\"@id\":\"https:\/\/insurancecorp.com.br\/pt\/#personlogo\",\"inLanguage\":\"pt-BR\",\"url\":\"https:\/\/secure.gravatar.com\/avatar\/17226f1f60486eb25d4c6b301ffed37f?s=96&d=mm&r=g\",\"caption\":\"Publica\\u00e7\\u00e3o\"}}]}<\/script>\n<!-- \/ Yoast SEO plugin. -->","_links":{"self":[{"href":"https:\/\/insurancecorp.com.br\/pt\/wp-json\/wp\/v2\/posts\/23728"}],"collection":[{"href":"https:\/\/insurancecorp.com.br\/pt\/wp-json\/wp\/v2\/posts"}],"about":[{"href":"https:\/\/insurancecorp.com.br\/pt\/wp-json\/wp\/v2\/types\/post"}],"author":[{"embeddable":true,"href":"https:\/\/insurancecorp.com.br\/pt\/wp-json\/wp\/v2\/users\/2"}],"replies":[{"embeddable":true,"href":"https:\/\/insurancecorp.com.br\/pt\/wp-json\/wp\/v2\/comments?post=23728"}],"version-history":[{"count":2,"href":"https:\/\/insurancecorp.com.br\/pt\/wp-json\/wp\/v2\/posts\/23728\/revisions"}],"predecessor-version":[{"id":23731,"href":"https:\/\/insurancecorp.com.br\/pt\/wp-json\/wp\/v2\/posts\/23728\/revisions\/23731"}],"wp:featuredmedia":[{"embeddable":true,"href":"https:\/\/insurancecorp.com.br\/pt\/wp-json\/wp\/v2\/media\/23729"}],"wp:attachment":[{"href":"https:\/\/insurancecorp.com.br\/pt\/wp-json\/wp\/v2\/media?parent=23728"}],"wp:term":[{"taxonomy":"category","embeddable":true,"href":"https:\/\/insurancecorp.com.br\/pt\/wp-json\/wp\/v2\/categories?post=23728"},{"taxonomy":"post_tag","embeddable":true,"href":"https:\/\/insurancecorp.com.br\/pt\/wp-json\/wp\/v2\/tags?post=23728"}],"curies":[{"name":"wp","href":"https:\/\/api.w.org\/{rel}","templated":true}]}}