{"id":23637,"date":"2021-03-20T21:11:20","date_gmt":"2021-03-21T00:11:20","guid":{"rendered":"https:\/\/insurancecorp.com.br\/pt\/?p=23637"},"modified":"2021-03-22T09:36:53","modified_gmt":"2021-03-22T12:36:53","slug":"para-a-vida-continuar-e-preciso-se-cuidar","status":"publish","type":"post","link":"https:\/\/insurancecorp.com.br\/pt\/2021\/03\/20\/para-a-vida-continuar-e-preciso-se-cuidar\/","title":{"rendered":"Para a vida continuar, \u00e9 preciso se cuidar!"},"content":{"rendered":"<p>A Ag\u00eancia Nacional de Sa\u00fade Suplementar (ANS) lan\u00e7a nesta sexta-feira (19\/03) uma nova campanha nos seus perfis institucionais nas redes sociais para refor\u00e7ar a import\u00e2ncia da manuten\u00e7\u00e3o de cuidados para preven\u00e7\u00e3o da Covid-19.<br \/>\nCom o slogan \u201cPara a vida continuar, \u00e9 preciso se cuidar! Fa\u00e7a a sua parte contra a Covid-19\u201d, a campanha ser\u00e1 veiculada no Facebook, Instagram, Linkedin e Twitter com o objetivo de destacar que, ainda que j\u00e1 tenha passado um ano da chegada da pandemia ao Brasil e que a popula\u00e7\u00e3o j\u00e1 tenha come\u00e7ado a ser vacinada, o cen\u00e1rio ainda \u00e9 preocupante, com grande n\u00famero de casos registrados diariamente e altas taxas de ocupa\u00e7\u00e3o de leitos.<br \/>\nDessa forma, a reguladora ressalta a necessidade de cuidados individuais para a prote\u00e7\u00e3o de todos. S\u00e3o a\u00e7\u00f5es indispens\u00e1veis:<br \/>\n\u2022 Manter as m\u00e3os constantemente limpas com o uso de \u00e1lcool 70%, em gel ou l\u00edquido;<br \/>\n\u2022 Praticar o distanciamento social e evitar aglomera\u00e7\u00f5es;<br \/>\n\u2022 Sempre usar m\u00e1scara, cuidando para que sejam feitas de materiais que realmente protejam;<br \/>\n\u2022 Procurar orienta\u00e7\u00f5es ou assist\u00eancia assim que sentir os primeiros sintomas.<br \/>\nAlerta especial<br \/>\nA ANS alerta que pacientes que tenham procedimentos eletivos agendados conversem com seus m\u00e9dicos para que seja avaliado o adiamento, considerando que h\u00e1 uma sobrecarga tanto para profissionais quanto para a capacidade de atendimento dos estabelecimentos de sa\u00fade, al\u00e9m do risco de cont\u00e1gio. O m\u00e9dico assistente \u00e9 o profissional que pode fazer essa avalia\u00e7\u00e3o e orientar o paciente da melhor forma.<br \/>\nA Ag\u00eancia ressalta tamb\u00e9m a import\u00e2ncia de pacientes com doen\u00e7as cr\u00f4nicas ou que estejam em tratamento para doen\u00e7as graves, como c\u00e2ncer, manterem o acompanhamento cl\u00ednico, n\u00e3o interrompendo os cuidados e fazendo uso da telessa\u00fade sempre que poss\u00edvel.<\/p>\n<p><strong>Assessoria de Imprensa ANS<\/strong><\/p>\n","protected":false},"excerpt":{"rendered":"<p>A Ag\u00eancia Nacional de Sa\u00fade Suplementar (ANS) lan\u00e7a nesta sexta-feira (19\/03) uma nova campanha nos seus perfis institucionais nas redes sociais para refor\u00e7ar a import\u00e2ncia da manuten\u00e7\u00e3o de cuidados para preven\u00e7\u00e3o da Covid-19. Com o slogan \u201cPara a vida continuar, \u00e9 preciso se cuidar! Fa\u00e7a a sua parte contra a Covid-19\u201d, a campanha ser\u00e1 veiculada [&hellip;]<\/p>\n","protected":false},"author":2,"featured_media":23638,"comment_status":"open","ping_status":"open","sticky":false,"template":"","format":"standard","meta":[],"categories":[380],"tags":[],"jetpack_featured_media_url":"https:\/\/insurancecorp.com.br\/pt\/wp-content\/uploads\/2021\/03\/AIG.jpg","yoast_head":"<!-- This site is optimized with the Yoast SEO plugin v14.8 - https:\/\/yoast.com\/wordpress\/plugins\/seo\/ -->\n<title>Para a vida continuar, \u00e9 preciso se cuidar! | Revista Insurance Corp | PT-BR<\/title>\n<meta name=\"robots\" content=\"index, follow\" \/>\n<meta name=\"googlebot\" content=\"index, follow, max-snippet:-1, max-image-preview:large, max-video-preview:-1\" \/>\n<meta name=\"bingbot\" content=\"index, follow, max-snippet:-1, max-image-preview:large, max-video-preview:-1\" \/>\n<link rel=\"canonical\" href=\"https:\/\/insurancecorp.com.br\/pt\/2021\/03\/20\/para-a-vida-continuar-e-preciso-se-cuidar\/\" \/>\n<meta property=\"og:locale\" content=\"pt_BR\" \/>\n<meta property=\"og:type\" content=\"article\" \/>\n<meta property=\"og:title\" content=\"Para a vida continuar, \u00e9 preciso se cuidar! | Revista Insurance Corp | PT-BR\" \/>\n<meta property=\"og:description\" content=\"A Ag\u00eancia Nacional de Sa\u00fade Suplementar (ANS) lan\u00e7a nesta sexta-feira (19\/03) uma nova campanha nos seus perfis institucionais nas redes sociais para refor\u00e7ar a import\u00e2ncia da manuten\u00e7\u00e3o de cuidados para preven\u00e7\u00e3o da Covid-19. Com o slogan \u201cPara a vida continuar, \u00e9 preciso se cuidar! Fa\u00e7a a sua parte contra a Covid-19\u201d, a campanha ser\u00e1 veiculada [&hellip;]\" \/>\n<meta property=\"og:url\" content=\"https:\/\/insurancecorp.com.br\/pt\/2021\/03\/20\/para-a-vida-continuar-e-preciso-se-cuidar\/\" \/>\n<meta property=\"og:site_name\" content=\"Revista Insurance Corp | PT-BR\" \/>\n<meta property=\"article:publisher\" content=\"https:\/\/www.facebook.com\/RevistaInsuranceCorp\/\" \/>\n<meta property=\"article:published_time\" content=\"2021-03-21T00:11:20+00:00\" \/>\n<meta property=\"article:modified_time\" content=\"2021-03-22T12:36:53+00:00\" \/>\n<meta property=\"og:image\" content=\"https:\/\/insurancecorp.com.br\/pt\/wp-content\/uploads\/2021\/03\/AIG.jpg\" \/>\n\t<meta property=\"og:image:width\" content=\"432\" \/>\n\t<meta property=\"og:image:height\" content=\"432\" \/>\n<meta name=\"twitter:card\" content=\"summary\" \/>\n<script type=\"application\/ld+json\" class=\"yoast-schema-graph\">{\"@context\":\"https:\/\/schema.org\",\"@graph\":[{\"@type\":\"Organization\",\"@id\":\"https:\/\/insurancecorp.com.br\/pt\/#organization\",\"name\":\"Revista Insurance Corp\",\"url\":\"https:\/\/insurancecorp.com.br\/pt\/\",\"sameAs\":[\"https:\/\/www.facebook.com\/RevistaInsuranceCorp\/\"],\"logo\":{\"@type\":\"ImageObject\",\"@id\":\"https:\/\/insurancecorp.com.br\/pt\/#logo\",\"inLanguage\":\"pt-BR\",\"url\":\"\",\"caption\":\"Revista Insurance Corp\"},\"image\":{\"@id\":\"https:\/\/insurancecorp.com.br\/pt\/#logo\"}},{\"@type\":\"WebSite\",\"@id\":\"https:\/\/insurancecorp.com.br\/pt\/#website\",\"url\":\"https:\/\/insurancecorp.com.br\/pt\/\",\"name\":\"Revista Insurance Corp | PT-BR\",\"description\":\"A \\u00fanica revista bil\\u00edngue voltada ao mercado de seguro.\",\"publisher\":{\"@id\":\"https:\/\/insurancecorp.com.br\/pt\/#organization\"},\"potentialAction\":[{\"@type\":\"SearchAction\",\"target\":\"https:\/\/insurancecorp.com.br\/pt\/?s={search_term_string}\",\"query-input\":\"required name=search_term_string\"}],\"inLanguage\":\"pt-BR\"},{\"@type\":\"ImageObject\",\"@id\":\"https:\/\/insurancecorp.com.br\/pt\/2021\/03\/20\/para-a-vida-continuar-e-preciso-se-cuidar\/#primaryimage\",\"inLanguage\":\"pt-BR\",\"url\":\"https:\/\/insurancecorp.com.br\/pt\/wp-content\/uploads\/2021\/03\/AIG.jpg\",\"width\":432,\"height\":432},{\"@type\":\"WebPage\",\"@id\":\"https:\/\/insurancecorp.com.br\/pt\/2021\/03\/20\/para-a-vida-continuar-e-preciso-se-cuidar\/#webpage\",\"url\":\"https:\/\/insurancecorp.com.br\/pt\/2021\/03\/20\/para-a-vida-continuar-e-preciso-se-cuidar\/\",\"name\":\"Para a vida continuar, \\u00e9 preciso se cuidar! | Revista Insurance Corp | PT-BR\",\"isPartOf\":{\"@id\":\"https:\/\/insurancecorp.com.br\/pt\/#website\"},\"primaryImageOfPage\":{\"@id\":\"https:\/\/insurancecorp.com.br\/pt\/2021\/03\/20\/para-a-vida-continuar-e-preciso-se-cuidar\/#primaryimage\"},\"datePublished\":\"2021-03-21T00:11:20+00:00\",\"dateModified\":\"2021-03-22T12:36:53+00:00\",\"inLanguage\":\"pt-BR\",\"potentialAction\":[{\"@type\":\"ReadAction\",\"target\":[\"https:\/\/insurancecorp.com.br\/pt\/2021\/03\/20\/para-a-vida-continuar-e-preciso-se-cuidar\/\"]}]},{\"@type\":\"Article\",\"@id\":\"https:\/\/insurancecorp.com.br\/pt\/2021\/03\/20\/para-a-vida-continuar-e-preciso-se-cuidar\/#article\",\"isPartOf\":{\"@id\":\"https:\/\/insurancecorp.com.br\/pt\/2021\/03\/20\/para-a-vida-continuar-e-preciso-se-cuidar\/#webpage\"},\"author\":{\"@id\":\"https:\/\/insurancecorp.com.br\/pt\/#\/schema\/person\/1b69c8cf325f0b7167f1b171f52df4af\"},\"headline\":\"Para a vida continuar, \\u00e9 preciso se cuidar!\",\"datePublished\":\"2021-03-21T00:11:20+00:00\",\"dateModified\":\"2021-03-22T12:36:53+00:00\",\"mainEntityOfPage\":{\"@id\":\"https:\/\/insurancecorp.com.br\/pt\/2021\/03\/20\/para-a-vida-continuar-e-preciso-se-cuidar\/#webpage\"},\"commentCount\":0,\"publisher\":{\"@id\":\"https:\/\/insurancecorp.com.br\/pt\/#organization\"},\"image\":{\"@id\":\"https:\/\/insurancecorp.com.br\/pt\/2021\/03\/20\/para-a-vida-continuar-e-preciso-se-cuidar\/#primaryimage\"},\"articleSection\":\"ANS\",\"inLanguage\":\"pt-BR\",\"potentialAction\":[{\"@type\":\"CommentAction\",\"name\":\"Comment\",\"target\":[\"https:\/\/insurancecorp.com.br\/pt\/2021\/03\/20\/para-a-vida-continuar-e-preciso-se-cuidar\/#respond\"]}]},{\"@type\":\"Person\",\"@id\":\"https:\/\/insurancecorp.com.br\/pt\/#\/schema\/person\/1b69c8cf325f0b7167f1b171f52df4af\",\"name\":\"Publica\\u00e7\\u00e3o\",\"image\":{\"@type\":\"ImageObject\",\"@id\":\"https:\/\/insurancecorp.com.br\/pt\/#personlogo\",\"inLanguage\":\"pt-BR\",\"url\":\"https:\/\/secure.gravatar.com\/avatar\/17226f1f60486eb25d4c6b301ffed37f?s=96&d=mm&r=g\",\"caption\":\"Publica\\u00e7\\u00e3o\"}}]}<\/script>\n<!-- \/ Yoast SEO plugin. -->","_links":{"self":[{"href":"https:\/\/insurancecorp.com.br\/pt\/wp-json\/wp\/v2\/posts\/23637"}],"collection":[{"href":"https:\/\/insurancecorp.com.br\/pt\/wp-json\/wp\/v2\/posts"}],"about":[{"href":"https:\/\/insurancecorp.com.br\/pt\/wp-json\/wp\/v2\/types\/post"}],"author":[{"embeddable":true,"href":"https:\/\/insurancecorp.com.br\/pt\/wp-json\/wp\/v2\/users\/2"}],"replies":[{"embeddable":true,"href":"https:\/\/insurancecorp.com.br\/pt\/wp-json\/wp\/v2\/comments?post=23637"}],"version-history":[{"count":1,"href":"https:\/\/insurancecorp.com.br\/pt\/wp-json\/wp\/v2\/posts\/23637\/revisions"}],"predecessor-version":[{"id":23639,"href":"https:\/\/insurancecorp.com.br\/pt\/wp-json\/wp\/v2\/posts\/23637\/revisions\/23639"}],"wp:featuredmedia":[{"embeddable":true,"href":"https:\/\/insurancecorp.com.br\/pt\/wp-json\/wp\/v2\/media\/23638"}],"wp:attachment":[{"href":"https:\/\/insurancecorp.com.br\/pt\/wp-json\/wp\/v2\/media?parent=23637"}],"wp:term":[{"taxonomy":"category","embeddable":true,"href":"https:\/\/insurancecorp.com.br\/pt\/wp-json\/wp\/v2\/categories?post=23637"},{"taxonomy":"post_tag","embeddable":true,"href":"https:\/\/insurancecorp.com.br\/pt\/wp-json\/wp\/v2\/tags?post=23637"}],"curies":[{"name":"wp","href":"https:\/\/api.w.org\/{rel}","templated":true}]}}