{"id":23631,"date":"2021-03-20T21:01:32","date_gmt":"2021-03-21T00:01:32","guid":{"rendered":"https:\/\/insurancecorp.com.br\/pt\/?p=23631"},"modified":"2021-03-20T21:03:35","modified_gmt":"2021-03-21T00:03:35","slug":"grupo-sulamerica-fortalece-estrategia-no-sul-do-brasil-com-aquisicao-de-carteira-de-clientes","status":"publish","type":"post","link":"https:\/\/insurancecorp.com.br\/pt\/2021\/03\/20\/grupo-sulamerica-fortalece-estrategia-no-sul-do-brasil-com-aquisicao-de-carteira-de-clientes\/","title":{"rendered":"SulAm\u00e9rica fortalece estrat\u00e9gia no Sul do Brasil com aquisi\u00e7\u00e3o de carteira"},"content":{"rendered":"<p>O Grupo SulAm\u00e9rica, por meio da controlada Paran\u00e1 Cl\u00ednicas, anuncia assinatura de contrato com a Santa Casa de Miseric\u00f3rdia de Ponta Grossa, do Paran\u00e1, para aquisi\u00e7\u00e3o de carteira de clientes. A transa\u00e7\u00e3o, cujo valor inicial \u00e9 de R$ 14,4 milh\u00f5es, agregar\u00e1 aproximadamente 25 mil vidas \u00e0 base de benefici\u00e1rios da Paran\u00e1 Cl\u00ednicas. A conclus\u00e3o da transa\u00e7\u00e3o est\u00e1 condicionada \u00e0 aprova\u00e7\u00e3o pr\u00e9via dos \u00f3rg\u00e3os reguladores.<br \/>\n&#8220;A SulAm\u00e9rica vem fortalecendo cada vez mais sua presen\u00e7a no Sul do Brasil, estrat\u00e9gia j\u00e1 impulsionada pela compra da pr\u00f3pria Paran\u00e1 Cl\u00ednicas no ano passado, al\u00e9m da amplia\u00e7\u00e3o do nosso portf\u00f3lio de produtos na regi\u00e3o. Trata-se, portanto, de uma transa\u00e7\u00e3o importante para a expans\u00e3o da companhia&#8221;, afirma Raquel Giglio, vice-presidente de Sa\u00fade e Odonto da SulAm\u00e9rica.<br \/>\n&#8220;Estamos adquirindo a carteira de uma das principais operadoras dos Campos Gerais pois identificamos um importante potencial de crescimento para a sa\u00fade suplementar na regi\u00e3o. A entrada da Paran\u00e1 Cl\u00ednicas na cidade faz parte de um plano maior de investimentos pr\u00f3prios e refor\u00e7a o compromisso de crescimento assumido pela SulAm\u00e9rica no ano passado&#8221;, aponta Juliano Tomazela, diretor da Operadora Paran\u00e1 Cl\u00ednicas.<br \/>\nA Paran\u00e1 Cl\u00ednicas, quinta maior operadora de planos de sa\u00fade do Paran\u00e1, foi comprada pela SulAm\u00e9rica em setembro de 2020. Fazem parte do modelo de neg\u00f3cio da operadora centros cl\u00ednicos e um hospital-dia. Em fevereiro de 2021, passou a atender em sua rede pr\u00f3pria os segurados SulAm\u00e9rica em Curitiba e Regi\u00e3o Metropolitana e anunciou, ainda, o lan\u00e7amento de um novo Centro Integrado de Medicina (CIM) em S\u00e3o Jos\u00e9 dos Pinhais (PR). Com a aquisi\u00e7\u00e3o da carteira da Santa Casa de Miseric\u00f3rdia de Ponta Grossa, passar\u00e1 a gerenciar mais de 115 mil benefici\u00e1rios em todo o Estado.<\/p>\n<p><strong>Weber Shandwick<\/strong><\/p>\n","protected":false},"excerpt":{"rendered":"<p>O Grupo SulAm\u00e9rica, por meio da controlada Paran\u00e1 Cl\u00ednicas, anuncia assinatura de contrato com a Santa Casa de Miseric\u00f3rdia de Ponta Grossa, do Paran\u00e1, para aquisi\u00e7\u00e3o de carteira de clientes. A transa\u00e7\u00e3o, cujo valor inicial \u00e9 de R$ 14,4 milh\u00f5es, agregar\u00e1 aproximadamente 25 mil vidas \u00e0 base de benefici\u00e1rios da Paran\u00e1 Cl\u00ednicas. A conclus\u00e3o da [&hellip;]<\/p>\n","protected":false},"author":2,"featured_media":23634,"comment_status":"open","ping_status":"open","sticky":false,"template":"","format":"standard","meta":[],"categories":[496],"tags":[],"jetpack_featured_media_url":"https:\/\/insurancecorp.com.br\/pt\/wp-content\/uploads\/2021\/03\/agro-21.png","yoast_head":"<!-- This site is optimized with the Yoast SEO plugin v14.8 - https:\/\/yoast.com\/wordpress\/plugins\/seo\/ -->\n<title>SulAm\u00e9rica fortalece estrat\u00e9gia no Sul do Brasil com aquisi\u00e7\u00e3o de carteira | Revista Insurance Corp | PT-BR<\/title>\n<meta name=\"robots\" content=\"index, follow\" \/>\n<meta name=\"googlebot\" content=\"index, follow, max-snippet:-1, max-image-preview:large, max-video-preview:-1\" \/>\n<meta name=\"bingbot\" content=\"index, follow, max-snippet:-1, max-image-preview:large, max-video-preview:-1\" \/>\n<link rel=\"canonical\" href=\"https:\/\/insurancecorp.com.br\/pt\/2021\/03\/20\/grupo-sulamerica-fortalece-estrategia-no-sul-do-brasil-com-aquisicao-de-carteira-de-clientes\/\" \/>\n<meta property=\"og:locale\" content=\"pt_BR\" \/>\n<meta property=\"og:type\" content=\"article\" \/>\n<meta property=\"og:title\" content=\"SulAm\u00e9rica fortalece estrat\u00e9gia no Sul do Brasil com aquisi\u00e7\u00e3o de carteira | Revista Insurance Corp | PT-BR\" \/>\n<meta property=\"og:description\" content=\"O Grupo SulAm\u00e9rica, por meio da controlada Paran\u00e1 Cl\u00ednicas, anuncia assinatura de contrato com a Santa Casa de Miseric\u00f3rdia de Ponta Grossa, do Paran\u00e1, para aquisi\u00e7\u00e3o de carteira de clientes. A transa\u00e7\u00e3o, cujo valor inicial \u00e9 de R$ 14,4 milh\u00f5es, agregar\u00e1 aproximadamente 25 mil vidas \u00e0 base de benefici\u00e1rios da Paran\u00e1 Cl\u00ednicas. A conclus\u00e3o da [&hellip;]\" \/>\n<meta property=\"og:url\" content=\"https:\/\/insurancecorp.com.br\/pt\/2021\/03\/20\/grupo-sulamerica-fortalece-estrategia-no-sul-do-brasil-com-aquisicao-de-carteira-de-clientes\/\" \/>\n<meta property=\"og:site_name\" content=\"Revista Insurance Corp | PT-BR\" \/>\n<meta property=\"article:publisher\" content=\"https:\/\/www.facebook.com\/RevistaInsuranceCorp\/\" \/>\n<meta property=\"article:published_time\" content=\"2021-03-21T00:01:32+00:00\" \/>\n<meta property=\"article:modified_time\" content=\"2021-03-21T00:03:35+00:00\" \/>\n<meta property=\"og:image\" content=\"https:\/\/insurancecorp.com.br\/pt\/wp-content\/uploads\/2021\/03\/agro-21.png\" \/>\n\t<meta property=\"og:image:width\" content=\"3500\" \/>\n\t<meta property=\"og:image:height\" content=\"893\" \/>\n<meta name=\"twitter:card\" content=\"summary\" \/>\n<script type=\"application\/ld+json\" class=\"yoast-schema-graph\">{\"@context\":\"https:\/\/schema.org\",\"@graph\":[{\"@type\":\"Organization\",\"@id\":\"https:\/\/insurancecorp.com.br\/pt\/#organization\",\"name\":\"Revista Insurance Corp\",\"url\":\"https:\/\/insurancecorp.com.br\/pt\/\",\"sameAs\":[\"https:\/\/www.facebook.com\/RevistaInsuranceCorp\/\"],\"logo\":{\"@type\":\"ImageObject\",\"@id\":\"https:\/\/insurancecorp.com.br\/pt\/#logo\",\"inLanguage\":\"pt-BR\",\"url\":\"\",\"caption\":\"Revista Insurance Corp\"},\"image\":{\"@id\":\"https:\/\/insurancecorp.com.br\/pt\/#logo\"}},{\"@type\":\"WebSite\",\"@id\":\"https:\/\/insurancecorp.com.br\/pt\/#website\",\"url\":\"https:\/\/insurancecorp.com.br\/pt\/\",\"name\":\"Revista Insurance Corp | PT-BR\",\"description\":\"A \\u00fanica revista bil\\u00edngue voltada ao mercado de seguro.\",\"publisher\":{\"@id\":\"https:\/\/insurancecorp.com.br\/pt\/#organization\"},\"potentialAction\":[{\"@type\":\"SearchAction\",\"target\":\"https:\/\/insurancecorp.com.br\/pt\/?s={search_term_string}\",\"query-input\":\"required name=search_term_string\"}],\"inLanguage\":\"pt-BR\"},{\"@type\":\"ImageObject\",\"@id\":\"https:\/\/insurancecorp.com.br\/pt\/2021\/03\/20\/grupo-sulamerica-fortalece-estrategia-no-sul-do-brasil-com-aquisicao-de-carteira-de-clientes\/#primaryimage\",\"inLanguage\":\"pt-BR\",\"url\":\"https:\/\/insurancecorp.com.br\/pt\/wp-content\/uploads\/2021\/03\/agro-21.png\",\"width\":3500,\"height\":893},{\"@type\":\"WebPage\",\"@id\":\"https:\/\/insurancecorp.com.br\/pt\/2021\/03\/20\/grupo-sulamerica-fortalece-estrategia-no-sul-do-brasil-com-aquisicao-de-carteira-de-clientes\/#webpage\",\"url\":\"https:\/\/insurancecorp.com.br\/pt\/2021\/03\/20\/grupo-sulamerica-fortalece-estrategia-no-sul-do-brasil-com-aquisicao-de-carteira-de-clientes\/\",\"name\":\"SulAm\\u00e9rica fortalece estrat\\u00e9gia no Sul do Brasil com aquisi\\u00e7\\u00e3o de carteira | Revista Insurance Corp | PT-BR\",\"isPartOf\":{\"@id\":\"https:\/\/insurancecorp.com.br\/pt\/#website\"},\"primaryImageOfPage\":{\"@id\":\"https:\/\/insurancecorp.com.br\/pt\/2021\/03\/20\/grupo-sulamerica-fortalece-estrategia-no-sul-do-brasil-com-aquisicao-de-carteira-de-clientes\/#primaryimage\"},\"datePublished\":\"2021-03-21T00:01:32+00:00\",\"dateModified\":\"2021-03-21T00:03:35+00:00\",\"inLanguage\":\"pt-BR\",\"potentialAction\":[{\"@type\":\"ReadAction\",\"target\":[\"https:\/\/insurancecorp.com.br\/pt\/2021\/03\/20\/grupo-sulamerica-fortalece-estrategia-no-sul-do-brasil-com-aquisicao-de-carteira-de-clientes\/\"]}]},{\"@type\":\"Article\",\"@id\":\"https:\/\/insurancecorp.com.br\/pt\/2021\/03\/20\/grupo-sulamerica-fortalece-estrategia-no-sul-do-brasil-com-aquisicao-de-carteira-de-clientes\/#article\",\"isPartOf\":{\"@id\":\"https:\/\/insurancecorp.com.br\/pt\/2021\/03\/20\/grupo-sulamerica-fortalece-estrategia-no-sul-do-brasil-com-aquisicao-de-carteira-de-clientes\/#webpage\"},\"author\":{\"@id\":\"https:\/\/insurancecorp.com.br\/pt\/#\/schema\/person\/1b69c8cf325f0b7167f1b171f52df4af\"},\"headline\":\"SulAm\\u00e9rica fortalece estrat\\u00e9gia no Sul do Brasil com aquisi\\u00e7\\u00e3o de carteira\",\"datePublished\":\"2021-03-21T00:01:32+00:00\",\"dateModified\":\"2021-03-21T00:03:35+00:00\",\"mainEntityOfPage\":{\"@id\":\"https:\/\/insurancecorp.com.br\/pt\/2021\/03\/20\/grupo-sulamerica-fortalece-estrategia-no-sul-do-brasil-com-aquisicao-de-carteira-de-clientes\/#webpage\"},\"commentCount\":0,\"publisher\":{\"@id\":\"https:\/\/insurancecorp.com.br\/pt\/#organization\"},\"image\":{\"@id\":\"https:\/\/insurancecorp.com.br\/pt\/2021\/03\/20\/grupo-sulamerica-fortalece-estrategia-no-sul-do-brasil-com-aquisicao-de-carteira-de-clientes\/#primaryimage\"},\"articleSection\":\"Grupo SulAm\\u00e9rica\",\"inLanguage\":\"pt-BR\",\"potentialAction\":[{\"@type\":\"CommentAction\",\"name\":\"Comment\",\"target\":[\"https:\/\/insurancecorp.com.br\/pt\/2021\/03\/20\/grupo-sulamerica-fortalece-estrategia-no-sul-do-brasil-com-aquisicao-de-carteira-de-clientes\/#respond\"]}]},{\"@type\":\"Person\",\"@id\":\"https:\/\/insurancecorp.com.br\/pt\/#\/schema\/person\/1b69c8cf325f0b7167f1b171f52df4af\",\"name\":\"Publica\\u00e7\\u00e3o\",\"image\":{\"@type\":\"ImageObject\",\"@id\":\"https:\/\/insurancecorp.com.br\/pt\/#personlogo\",\"inLanguage\":\"pt-BR\",\"url\":\"https:\/\/secure.gravatar.com\/avatar\/17226f1f60486eb25d4c6b301ffed37f?s=96&d=mm&r=g\",\"caption\":\"Publica\\u00e7\\u00e3o\"}}]}<\/script>\n<!-- \/ Yoast SEO plugin. -->","_links":{"self":[{"href":"https:\/\/insurancecorp.com.br\/pt\/wp-json\/wp\/v2\/posts\/23631"}],"collection":[{"href":"https:\/\/insurancecorp.com.br\/pt\/wp-json\/wp\/v2\/posts"}],"about":[{"href":"https:\/\/insurancecorp.com.br\/pt\/wp-json\/wp\/v2\/types\/post"}],"author":[{"embeddable":true,"href":"https:\/\/insurancecorp.com.br\/pt\/wp-json\/wp\/v2\/users\/2"}],"replies":[{"embeddable":true,"href":"https:\/\/insurancecorp.com.br\/pt\/wp-json\/wp\/v2\/comments?post=23631"}],"version-history":[{"count":3,"href":"https:\/\/insurancecorp.com.br\/pt\/wp-json\/wp\/v2\/posts\/23631\/revisions"}],"predecessor-version":[{"id":23635,"href":"https:\/\/insurancecorp.com.br\/pt\/wp-json\/wp\/v2\/posts\/23631\/revisions\/23635"}],"wp:featuredmedia":[{"embeddable":true,"href":"https:\/\/insurancecorp.com.br\/pt\/wp-json\/wp\/v2\/media\/23634"}],"wp:attachment":[{"href":"https:\/\/insurancecorp.com.br\/pt\/wp-json\/wp\/v2\/media?parent=23631"}],"wp:term":[{"taxonomy":"category","embeddable":true,"href":"https:\/\/insurancecorp.com.br\/pt\/wp-json\/wp\/v2\/categories?post=23631"},{"taxonomy":"post_tag","embeddable":true,"href":"https:\/\/insurancecorp.com.br\/pt\/wp-json\/wp\/v2\/tags?post=23631"}],"curies":[{"name":"wp","href":"https:\/\/api.w.org\/{rel}","templated":true}]}}