{"id":23610,"date":"2021-03-19T11:51:07","date_gmt":"2021-03-19T14:51:07","guid":{"rendered":"https:\/\/insurancecorp.com.br\/pt\/?p=23610"},"modified":"2021-03-19T11:51:37","modified_gmt":"2021-03-19T14:51:37","slug":"suspensao-da-comercializacao-de-planos-de-saude-comeca-a-valer-hoje","status":"publish","type":"post","link":"https:\/\/insurancecorp.com.br\/pt\/2021\/03\/19\/suspensao-da-comercializacao-de-planos-de-saude-comeca-a-valer-hoje\/","title":{"rendered":"Suspens\u00e3o da comercializa\u00e7\u00e3o de planos de sa\u00fade come\u00e7a a valer hoje"},"content":{"rendered":"<p>Come\u00e7a a valer hoje (19\/03) a suspens\u00e3o da comercializa\u00e7\u00e3o de planos de sa\u00fade determinada pela Ag\u00eancia Nacional de Sa\u00fade Suplementar (ANS). A medida faz parte do Monitoramento da Garantia de Atendimento, que acompanha regularmente o desempenho do setor e atua na prote\u00e7\u00e3o dos consumidores. Nesse ciclo, 9 planos de 5 operadoras ter\u00e3o a venda temporariamente suspensa devido a reclama\u00e7\u00f5es relacionadas a cobertura assistencial efetuadas no 4\u00ba trimestre.<br \/>\nAo todo, 47.138 benefici\u00e1rios ficam protegidos com a medida, j\u00e1 que esses planos s\u00f3 poder\u00e3o voltar a ser comercializados para novos clientes se as operadoras apresentarem melhora no resultado no monitoramento.<br \/>\nAl\u00e9m das suspens\u00f5es, 8 planos de 3 operadoras ter\u00e3o a venda liberada pelo Monitoramento da Garantia de Atendimento.<br \/>\nResultados do Monitoramento da Garantia de Atendimento (4\u00ba trimestre)<br \/>\n\u2022 09 planos com comercializa\u00e7\u00e3o suspensa<br \/>\n\u2022 08 planos com a comercializa\u00e7\u00e3o liberada<br \/>\n\u2022 47.138 benefici\u00e1rios protegidos<br \/>\n\u2022 24.592 Reclama\u00e7\u00f5es analisadas no per\u00edodo de 01\/10\/2020 a 31\/12\/2020<br \/>\nAcesse aqui a lista de planos com comercializa\u00e7\u00e3o suspensa<br \/>\nAcesse aqui a lista dos planos que j\u00e1 estavam suspensos por outros motivos e que tamb\u00e9m foram suspensos pelo monitoramento da garantia de atendimento<br \/>\nAcesse aqui a lista dos planos reativados<br \/>\nAcesse aqui a lista dos planos liberados pelo monitoramento da garantia de atendimento, mas que continuam com sua comercializa\u00e7\u00e3o suspensa por outros motivos<br \/>\nSobre o Monitoramento<br \/>\nO Monitoramento da Garantia de Atendimento \u00e9 o acompanhamento peri\u00f3dico do acesso dos benefici\u00e1rios de planos de sa\u00fade \u00e0s coberturas contratadas. Os resultados s\u00e3o divulgados trimestralmente. As reclama\u00e7\u00f5es recebidas pela ANS consideradas no Monitoramento se referem ao descumprimento dos prazos m\u00e1ximos para realiza\u00e7\u00e3o de consultas, exames e cirurgias ou negativa de cobertura assistencial. A partir dessas informa\u00e7\u00f5es, as operadoras s\u00e3o classificadas em faixas, possibilitando uma an\u00e1lise comparativa entre elas e acarretando a suspens\u00e3o da comercializa\u00e7\u00e3o dos planos mais reclamados.<\/p>\n<p>Quando uma operadora possui produto com comercializa\u00e7\u00e3o suspensa em decorr\u00eancia do Monitoramento da Garantia de Atendimento, ela n\u00e3o pode registrar nenhum novo plano que seja an\u00e1logo aos que estiverem na lista de suspens\u00e3o e nem receber novos benefici\u00e1rios nos planos de sa\u00fade com comercializa\u00e7\u00e3o suspensa por esse motivo (com exce\u00e7\u00e3o de novo c\u00f4njuge ou filho e de ex-empregados demitidos ou aposentados).<\/p>\n<p>A cada trimestre, as operadoras s\u00e3o reavaliadas e, aquelas que deixarem de apresentar risco \u00e0 assist\u00eancia \u00e0 sa\u00fade, nos moldes do referido monitoramento, s\u00e3o liberadas para oferecer os planos para novas comercializa\u00e7\u00f5es, desde que os planos n\u00e3o estejam com a comercializa\u00e7\u00e3o interrompida por outros motivos.<br \/>\nAcesse\u00a0 para saber mais e acessar os resultados completos do Monitoramento: <a href=\"http:\/\/www.ans.gov.br\/planos-de-saude-e-operadoras\/contratacao-e-troca-de-plano\/planos-de-saude-com-comercializacao-suspensa\">Suspens\u00e3o da Comercializa\u00e7\u00e3o de Planos &#8211; ANS &#8211; Ag\u00eancia Nacional de Sa\u00fade Suplementar<\/a><br \/>\nConsulte informa\u00e7\u00f5es sobre seu plano de sa\u00fade: <a href=\"http:\/\/www.ans.gov.br\/planos-de-saude-e-operadoras\/informacoes-e-avaliacoes-de-operadoras\/consultar-dados\">Consultar Dados e Planos da Operadora &#8211; ANS &#8211; Ag\u00eancia Nacional de Sa\u00fade Suplementar<\/a><\/p>\n<p><strong>Assessoria de Imprensa ANS<\/strong><\/p>\n","protected":false},"excerpt":{"rendered":"<p>Come\u00e7a a valer hoje (19\/03) a suspens\u00e3o da comercializa\u00e7\u00e3o de planos de sa\u00fade determinada pela Ag\u00eancia Nacional de Sa\u00fade Suplementar (ANS). A medida faz parte do Monitoramento da Garantia de Atendimento, que acompanha regularmente o desempenho do setor e atua na prote\u00e7\u00e3o dos consumidores. Nesse ciclo, 9 planos de 5 operadoras ter\u00e3o a venda temporariamente [&hellip;]<\/p>\n","protected":false},"author":2,"featured_media":23614,"comment_status":"open","ping_status":"open","sticky":false,"template":"","format":"standard","meta":[],"categories":[380],"tags":[],"jetpack_featured_media_url":"https:\/\/insurancecorp.com.br\/pt\/wp-content\/uploads\/2021\/03\/APTS.jpg","yoast_head":"<!-- This site is optimized with the Yoast SEO plugin v14.8 - https:\/\/yoast.com\/wordpress\/plugins\/seo\/ -->\n<title>Suspens\u00e3o da comercializa\u00e7\u00e3o de planos de sa\u00fade come\u00e7a a valer hoje | Revista Insurance Corp | PT-BR<\/title>\n<meta name=\"robots\" content=\"index, follow\" \/>\n<meta name=\"googlebot\" content=\"index, follow, max-snippet:-1, max-image-preview:large, max-video-preview:-1\" \/>\n<meta name=\"bingbot\" content=\"index, follow, max-snippet:-1, max-image-preview:large, max-video-preview:-1\" \/>\n<link rel=\"canonical\" href=\"https:\/\/insurancecorp.com.br\/pt\/2021\/03\/19\/suspensao-da-comercializacao-de-planos-de-saude-comeca-a-valer-hoje\/\" \/>\n<meta property=\"og:locale\" content=\"pt_BR\" \/>\n<meta property=\"og:type\" content=\"article\" \/>\n<meta property=\"og:title\" content=\"Suspens\u00e3o da comercializa\u00e7\u00e3o de planos de sa\u00fade come\u00e7a a valer hoje | Revista Insurance Corp | PT-BR\" \/>\n<meta property=\"og:description\" content=\"Come\u00e7a a valer hoje (19\/03) a suspens\u00e3o da comercializa\u00e7\u00e3o de planos de sa\u00fade determinada pela Ag\u00eancia Nacional de Sa\u00fade Suplementar (ANS). A medida faz parte do Monitoramento da Garantia de Atendimento, que acompanha regularmente o desempenho do setor e atua na prote\u00e7\u00e3o dos consumidores. Nesse ciclo, 9 planos de 5 operadoras ter\u00e3o a venda temporariamente [&hellip;]\" \/>\n<meta property=\"og:url\" content=\"https:\/\/insurancecorp.com.br\/pt\/2021\/03\/19\/suspensao-da-comercializacao-de-planos-de-saude-comeca-a-valer-hoje\/\" \/>\n<meta property=\"og:site_name\" content=\"Revista Insurance Corp | PT-BR\" \/>\n<meta property=\"article:publisher\" content=\"https:\/\/www.facebook.com\/RevistaInsuranceCorp\/\" \/>\n<meta property=\"article:published_time\" content=\"2021-03-19T14:51:07+00:00\" \/>\n<meta property=\"article:modified_time\" content=\"2021-03-19T14:51:37+00:00\" \/>\n<meta property=\"og:image\" content=\"https:\/\/insurancecorp.com.br\/pt\/wp-content\/uploads\/2021\/03\/APTS.jpg\" \/>\n\t<meta property=\"og:image:width\" content=\"1280\" \/>\n\t<meta property=\"og:image:height\" content=\"720\" \/>\n<meta name=\"twitter:card\" content=\"summary\" \/>\n<script type=\"application\/ld+json\" class=\"yoast-schema-graph\">{\"@context\":\"https:\/\/schema.org\",\"@graph\":[{\"@type\":\"Organization\",\"@id\":\"https:\/\/insurancecorp.com.br\/pt\/#organization\",\"name\":\"Revista Insurance Corp\",\"url\":\"https:\/\/insurancecorp.com.br\/pt\/\",\"sameAs\":[\"https:\/\/www.facebook.com\/RevistaInsuranceCorp\/\"],\"logo\":{\"@type\":\"ImageObject\",\"@id\":\"https:\/\/insurancecorp.com.br\/pt\/#logo\",\"inLanguage\":\"pt-BR\",\"url\":\"\",\"caption\":\"Revista Insurance Corp\"},\"image\":{\"@id\":\"https:\/\/insurancecorp.com.br\/pt\/#logo\"}},{\"@type\":\"WebSite\",\"@id\":\"https:\/\/insurancecorp.com.br\/pt\/#website\",\"url\":\"https:\/\/insurancecorp.com.br\/pt\/\",\"name\":\"Revista Insurance Corp | PT-BR\",\"description\":\"A \\u00fanica revista bil\\u00edngue voltada ao mercado de seguro.\",\"publisher\":{\"@id\":\"https:\/\/insurancecorp.com.br\/pt\/#organization\"},\"potentialAction\":[{\"@type\":\"SearchAction\",\"target\":\"https:\/\/insurancecorp.com.br\/pt\/?s={search_term_string}\",\"query-input\":\"required name=search_term_string\"}],\"inLanguage\":\"pt-BR\"},{\"@type\":\"ImageObject\",\"@id\":\"https:\/\/insurancecorp.com.br\/pt\/2021\/03\/19\/suspensao-da-comercializacao-de-planos-de-saude-comeca-a-valer-hoje\/#primaryimage\",\"inLanguage\":\"pt-BR\",\"url\":\"https:\/\/insurancecorp.com.br\/pt\/wp-content\/uploads\/2021\/03\/APTS.jpg\",\"width\":1280,\"height\":720},{\"@type\":\"WebPage\",\"@id\":\"https:\/\/insurancecorp.com.br\/pt\/2021\/03\/19\/suspensao-da-comercializacao-de-planos-de-saude-comeca-a-valer-hoje\/#webpage\",\"url\":\"https:\/\/insurancecorp.com.br\/pt\/2021\/03\/19\/suspensao-da-comercializacao-de-planos-de-saude-comeca-a-valer-hoje\/\",\"name\":\"Suspens\\u00e3o da comercializa\\u00e7\\u00e3o de planos de sa\\u00fade come\\u00e7a a valer hoje | Revista Insurance Corp | PT-BR\",\"isPartOf\":{\"@id\":\"https:\/\/insurancecorp.com.br\/pt\/#website\"},\"primaryImageOfPage\":{\"@id\":\"https:\/\/insurancecorp.com.br\/pt\/2021\/03\/19\/suspensao-da-comercializacao-de-planos-de-saude-comeca-a-valer-hoje\/#primaryimage\"},\"datePublished\":\"2021-03-19T14:51:07+00:00\",\"dateModified\":\"2021-03-19T14:51:37+00:00\",\"inLanguage\":\"pt-BR\",\"potentialAction\":[{\"@type\":\"ReadAction\",\"target\":[\"https:\/\/insurancecorp.com.br\/pt\/2021\/03\/19\/suspensao-da-comercializacao-de-planos-de-saude-comeca-a-valer-hoje\/\"]}]},{\"@type\":\"Article\",\"@id\":\"https:\/\/insurancecorp.com.br\/pt\/2021\/03\/19\/suspensao-da-comercializacao-de-planos-de-saude-comeca-a-valer-hoje\/#article\",\"isPartOf\":{\"@id\":\"https:\/\/insurancecorp.com.br\/pt\/2021\/03\/19\/suspensao-da-comercializacao-de-planos-de-saude-comeca-a-valer-hoje\/#webpage\"},\"author\":{\"@id\":\"https:\/\/insurancecorp.com.br\/pt\/#\/schema\/person\/1b69c8cf325f0b7167f1b171f52df4af\"},\"headline\":\"Suspens\\u00e3o da comercializa\\u00e7\\u00e3o de planos de sa\\u00fade come\\u00e7a a valer hoje\",\"datePublished\":\"2021-03-19T14:51:07+00:00\",\"dateModified\":\"2021-03-19T14:51:37+00:00\",\"mainEntityOfPage\":{\"@id\":\"https:\/\/insurancecorp.com.br\/pt\/2021\/03\/19\/suspensao-da-comercializacao-de-planos-de-saude-comeca-a-valer-hoje\/#webpage\"},\"commentCount\":0,\"publisher\":{\"@id\":\"https:\/\/insurancecorp.com.br\/pt\/#organization\"},\"image\":{\"@id\":\"https:\/\/insurancecorp.com.br\/pt\/2021\/03\/19\/suspensao-da-comercializacao-de-planos-de-saude-comeca-a-valer-hoje\/#primaryimage\"},\"articleSection\":\"ANS\",\"inLanguage\":\"pt-BR\",\"potentialAction\":[{\"@type\":\"CommentAction\",\"name\":\"Comment\",\"target\":[\"https:\/\/insurancecorp.com.br\/pt\/2021\/03\/19\/suspensao-da-comercializacao-de-planos-de-saude-comeca-a-valer-hoje\/#respond\"]}]},{\"@type\":\"Person\",\"@id\":\"https:\/\/insurancecorp.com.br\/pt\/#\/schema\/person\/1b69c8cf325f0b7167f1b171f52df4af\",\"name\":\"Publica\\u00e7\\u00e3o\",\"image\":{\"@type\":\"ImageObject\",\"@id\":\"https:\/\/insurancecorp.com.br\/pt\/#personlogo\",\"inLanguage\":\"pt-BR\",\"url\":\"https:\/\/secure.gravatar.com\/avatar\/17226f1f60486eb25d4c6b301ffed37f?s=96&d=mm&r=g\",\"caption\":\"Publica\\u00e7\\u00e3o\"}}]}<\/script>\n<!-- \/ Yoast SEO plugin. -->","_links":{"self":[{"href":"https:\/\/insurancecorp.com.br\/pt\/wp-json\/wp\/v2\/posts\/23610"}],"collection":[{"href":"https:\/\/insurancecorp.com.br\/pt\/wp-json\/wp\/v2\/posts"}],"about":[{"href":"https:\/\/insurancecorp.com.br\/pt\/wp-json\/wp\/v2\/types\/post"}],"author":[{"embeddable":true,"href":"https:\/\/insurancecorp.com.br\/pt\/wp-json\/wp\/v2\/users\/2"}],"replies":[{"embeddable":true,"href":"https:\/\/insurancecorp.com.br\/pt\/wp-json\/wp\/v2\/comments?post=23610"}],"version-history":[{"count":1,"href":"https:\/\/insurancecorp.com.br\/pt\/wp-json\/wp\/v2\/posts\/23610\/revisions"}],"predecessor-version":[{"id":23613,"href":"https:\/\/insurancecorp.com.br\/pt\/wp-json\/wp\/v2\/posts\/23610\/revisions\/23613"}],"wp:featuredmedia":[{"embeddable":true,"href":"https:\/\/insurancecorp.com.br\/pt\/wp-json\/wp\/v2\/media\/23614"}],"wp:attachment":[{"href":"https:\/\/insurancecorp.com.br\/pt\/wp-json\/wp\/v2\/media?parent=23610"}],"wp:term":[{"taxonomy":"category","embeddable":true,"href":"https:\/\/insurancecorp.com.br\/pt\/wp-json\/wp\/v2\/categories?post=23610"},{"taxonomy":"post_tag","embeddable":true,"href":"https:\/\/insurancecorp.com.br\/pt\/wp-json\/wp\/v2\/tags?post=23610"}],"curies":[{"name":"wp","href":"https:\/\/api.w.org\/{rel}","templated":true}]}}