{"id":23604,"date":"2021-03-19T10:56:04","date_gmt":"2021-03-19T13:56:04","guid":{"rendered":"https:\/\/insurancecorp.com.br\/pt\/?p=23604"},"modified":"2021-03-19T11:07:09","modified_gmt":"2021-03-19T14:07:09","slug":"custos-dos-planos-de-saude-devem-aumentar-cerca-de-10-em-2021","status":"publish","type":"post","link":"https:\/\/insurancecorp.com.br\/pt\/2021\/03\/19\/custos-dos-planos-de-saude-devem-aumentar-cerca-de-10-em-2021\/","title":{"rendered":"Custos dos planos de sa\u00fade devem aumentar cerca de 10% em 2021"},"content":{"rendered":"<p>A Aon plc (NYSE: AON), empresa l\u00edder global que oferece uma ampla gama de solu\u00e7\u00f5es de risco, aposentadoria e sa\u00fade prev\u00ea que os custos dos planos m\u00e9dicos pagos pelo empregadores no Brasil aumentar\u00e3o 10,6% em 2021, ultrapassando a infla\u00e7\u00e3o geral de 7,3%, de acordo com o seu estudo Tend\u00eancias Globais dos Custos de Sa\u00fade 2021.<br \/>\nPara Paulo Jorge Rasc\u00e3o Cardoso, Vice-Presidente Executivo de Health &amp; Retirement Solutions da Aon Brasil, &#8220;Mesmo que 2021 registre a menor taxa de tend\u00eancia m\u00e9dica global desde que esta pesquisa foi iniciada, em 2013, continuamos a ver os custos m\u00e9dicos subindo significativamente acima da infla\u00e7\u00e3o geral&#8221;, avalia. &#8220;Esperamos um aumento cont\u00ednuo do custo do plano de sa\u00fade devido ao envelhecimento da popula\u00e7\u00e3o, decl\u00ednio geral da sa\u00fade, maus h\u00e1bitos de estilo de vida e maior preval\u00eancia de condi\u00e7\u00f5es cr\u00f4nicas. S\u00e3o fen\u00f4menos globais que foram ainda mais exacerbados pelos potenciais impactos a longo prazo na sa\u00fade causados por tratamentos e exames de rotina adiados. Governos e os sistemas de sa\u00fade devem se preparar para os impactos econ\u00f4micos e sociais da pandemia da COVID-19.&#8221;<br \/>\nGlobalmente, os valores dos planos de sa\u00fade custeados pelo empregador em 2021 devem aumentar 7,2%. Isso se deve, principalmente, \u00e0 incorpora\u00e7\u00e3o de novas coberturas e aumento na m\u00e9dia dos custos para servi\u00e7os m\u00e9dicos e um decl\u00ednio antecipado na infla\u00e7\u00e3o geral.<br \/>\nAs taxas de infla\u00e7\u00e3o m\u00e9dica projetadas variam significativamente por regi\u00e3o. Os custos devem atingir o pico nas regi\u00f5es do Oriente M\u00e9dio\/\u00c1frica, com taxas m\u00e9dicas de tend\u00eancia medianas previstas em 12%. Em contraste, a Europa deve ter um aumento m\u00e9dio na taxa de pr\u00eamio m\u00e9dico de 5,5%.<br \/>\n&#8220;Apesar da pandemia, ainda esperamos que a alta preval\u00eancia dos planos de sa\u00fade patrocinados pelo empregador continue. Temos que considerar que o escopo das condi\u00e7\u00f5es oferecidas por esses planos mudar\u00e1, por exemplo, abrangendo novos procedimentos, menos exclus\u00f5es da cobertura e solicita\u00e7\u00f5es de participa\u00e7\u00e3o mais tolerantes&#8221;, diz Violetta Ostafin, CEO de Health Solutions da Aon para a Am\u00e9rica Latina .<\/p>\n<p>O estudo da Aon confirma o crescente impacto das doen\u00e7as n\u00e3o transmiss\u00edveis nos custos de sa\u00fade em todo o mundo. Na Am\u00e9rica Latina e Caribe, C\u00e2ncer, Doen\u00e7a Cardiovascular, Diabetes, Hipertens\u00e3o e Transtorno Respirat\u00f3rio Pulmonar foram as condi\u00e7\u00f5es de sa\u00fade mais prevalentes que impulsionam os custos m\u00e9dicos.<\/p>\n<p>Ele tamb\u00e9m evidencia a crescente preval\u00eancia de fatores de risco em consequ\u00eancia de h\u00e1bitos pessoais pouco saud\u00e1veis na Am\u00e9rica Lana e Caribe, como press\u00e3o arterial elevada, m\u00e1 nutri\u00e7\u00e3o, alto n\u00edvel de glicose no sangue, obesidade e colesterol elevado. Em resposta a esses riscos, as estrat\u00e9gias de bem-estar t\u00eam ganhado mais relev\u00e2ncia nas diferentes regi\u00f5es, em especial na Am\u00e9rica Latina, com uma preval\u00eancia de 88%. Segundo o estudo, os programas mais comuns s\u00e3o no n\u00edvel de preven\u00e7\u00e3o, educa\u00e7\u00e3o, e detec\u00e7\u00e3o, assim como interven\u00e7\u00e3o com atividades de bem-estar e o coaching de sa\u00fade. Tudo isso, acompanhado de planos estrat\u00e9gicos de m\u00e9dio a longo prazo, suportados por novas solu\u00e7\u00f5es anal\u00edticas e digitais em bem-estar.<\/p>\n<p>&#8220;Ainda h\u00e1 grande incerteza em rela\u00e7\u00e3o ao impacto da COVID-19 no tratamento diferido e no cuidado a longo prazo&#8221;, agrega Violetta. &#8220;Enquanto os pa\u00edses est\u00e3o passando por diferentes fases de surto, o uso dos planos de sa\u00fade deve retornar aos n\u00edveis normais durante 2021, conforme os servi\u00e7os de sa\u00fade come\u00e7am a reabrir ao mercado&#8221;.<br \/>\nPara acessar o relat\u00f3rio, visite: https:\/\/health.aonunited.com\/global-medical-trends-latam-pt<\/p>\n<p><strong>Metodologia<\/strong><br \/>\nA pesquisa foi conduzida entre 107 escrit\u00f3rios da Aon, cada um representando um pa\u00eds, que intermediam, administram ou aconselham sobre planos m\u00e9dicos de sa\u00fade corporativos em cada um dos pa\u00edses cobertos neste relat\u00f3rio. As respostas da pesquisa refletem as expectativas de tend\u00eancias m\u00e9dicas dos profissionais da Aon com base em suas intera\u00e7\u00f5es com clientes e operadoras representadas no portf\u00f3lio de neg\u00f3cios de planos m\u00e9dicos da empresa em cada pa\u00eds. Devido ao ambiente de hiperinfla\u00e7\u00e3o que prevalece na Argentina, no L\u00edbano, na Venezuela e no Zimb\u00e1bue, esses pa\u00edses foram deixados fora do c\u00e1lculo das tend\u00eancias m\u00e9dias de custo m\u00e9dico regionais e globais de 2021.<\/p>\n<p><strong>Weber Shandwick<\/strong><\/p>\n","protected":false},"excerpt":{"rendered":"<p>A Aon plc (NYSE: AON), empresa l\u00edder global que oferece uma ampla gama de solu\u00e7\u00f5es de risco, aposentadoria e sa\u00fade prev\u00ea que os custos dos planos m\u00e9dicos pagos pelo empregadores no Brasil aumentar\u00e3o 10,6% em 2021, ultrapassando a infla\u00e7\u00e3o geral de 7,3%, de acordo com o seu estudo Tend\u00eancias Globais dos Custos de Sa\u00fade 2021. [&hellip;]<\/p>\n","protected":false},"author":2,"featured_media":23609,"comment_status":"open","ping_status":"open","sticky":false,"template":"","format":"standard","meta":[],"categories":[440],"tags":[],"jetpack_featured_media_url":"https:\/\/insurancecorp.com.br\/pt\/wp-content\/uploads\/2021\/03\/agro-17.png","yoast_head":"<!-- This site is optimized with the Yoast SEO plugin v14.8 - https:\/\/yoast.com\/wordpress\/plugins\/seo\/ -->\n<title>Custos dos planos de sa\u00fade devem aumentar cerca de 10% em 2021 | Revista Insurance Corp | PT-BR<\/title>\n<meta name=\"robots\" content=\"index, follow\" \/>\n<meta name=\"googlebot\" content=\"index, follow, max-snippet:-1, max-image-preview:large, max-video-preview:-1\" \/>\n<meta name=\"bingbot\" content=\"index, follow, max-snippet:-1, max-image-preview:large, max-video-preview:-1\" \/>\n<link rel=\"canonical\" href=\"https:\/\/insurancecorp.com.br\/pt\/2021\/03\/19\/custos-dos-planos-de-saude-devem-aumentar-cerca-de-10-em-2021\/\" \/>\n<meta property=\"og:locale\" content=\"pt_BR\" \/>\n<meta property=\"og:type\" content=\"article\" \/>\n<meta property=\"og:title\" content=\"Custos dos planos de sa\u00fade devem aumentar cerca de 10% em 2021 | Revista Insurance Corp | PT-BR\" \/>\n<meta property=\"og:description\" content=\"A Aon plc (NYSE: AON), empresa l\u00edder global que oferece uma ampla gama de solu\u00e7\u00f5es de risco, aposentadoria e sa\u00fade prev\u00ea que os custos dos planos m\u00e9dicos pagos pelo empregadores no Brasil aumentar\u00e3o 10,6% em 2021, ultrapassando a infla\u00e7\u00e3o geral de 7,3%, de acordo com o seu estudo Tend\u00eancias Globais dos Custos de Sa\u00fade 2021. [&hellip;]\" \/>\n<meta property=\"og:url\" content=\"https:\/\/insurancecorp.com.br\/pt\/2021\/03\/19\/custos-dos-planos-de-saude-devem-aumentar-cerca-de-10-em-2021\/\" \/>\n<meta property=\"og:site_name\" content=\"Revista Insurance Corp | PT-BR\" \/>\n<meta property=\"article:publisher\" content=\"https:\/\/www.facebook.com\/RevistaInsuranceCorp\/\" \/>\n<meta property=\"article:published_time\" content=\"2021-03-19T13:56:04+00:00\" \/>\n<meta property=\"article:modified_time\" content=\"2021-03-19T14:07:09+00:00\" \/>\n<meta property=\"og:image\" content=\"https:\/\/insurancecorp.com.br\/pt\/wp-content\/uploads\/2021\/03\/agro-17.png\" \/>\n\t<meta property=\"og:image:width\" content=\"337\" \/>\n\t<meta property=\"og:image:height\" content=\"150\" \/>\n<meta name=\"twitter:card\" content=\"summary\" \/>\n<script type=\"application\/ld+json\" class=\"yoast-schema-graph\">{\"@context\":\"https:\/\/schema.org\",\"@graph\":[{\"@type\":\"Organization\",\"@id\":\"https:\/\/insurancecorp.com.br\/pt\/#organization\",\"name\":\"Revista Insurance Corp\",\"url\":\"https:\/\/insurancecorp.com.br\/pt\/\",\"sameAs\":[\"https:\/\/www.facebook.com\/RevistaInsuranceCorp\/\"],\"logo\":{\"@type\":\"ImageObject\",\"@id\":\"https:\/\/insurancecorp.com.br\/pt\/#logo\",\"inLanguage\":\"pt-BR\",\"url\":\"\",\"caption\":\"Revista Insurance Corp\"},\"image\":{\"@id\":\"https:\/\/insurancecorp.com.br\/pt\/#logo\"}},{\"@type\":\"WebSite\",\"@id\":\"https:\/\/insurancecorp.com.br\/pt\/#website\",\"url\":\"https:\/\/insurancecorp.com.br\/pt\/\",\"name\":\"Revista Insurance Corp | PT-BR\",\"description\":\"A \\u00fanica revista bil\\u00edngue voltada ao mercado de seguro.\",\"publisher\":{\"@id\":\"https:\/\/insurancecorp.com.br\/pt\/#organization\"},\"potentialAction\":[{\"@type\":\"SearchAction\",\"target\":\"https:\/\/insurancecorp.com.br\/pt\/?s={search_term_string}\",\"query-input\":\"required name=search_term_string\"}],\"inLanguage\":\"pt-BR\"},{\"@type\":\"ImageObject\",\"@id\":\"https:\/\/insurancecorp.com.br\/pt\/2021\/03\/19\/custos-dos-planos-de-saude-devem-aumentar-cerca-de-10-em-2021\/#primaryimage\",\"inLanguage\":\"pt-BR\",\"url\":\"https:\/\/insurancecorp.com.br\/pt\/wp-content\/uploads\/2021\/03\/agro-17.png\",\"width\":337,\"height\":150},{\"@type\":\"WebPage\",\"@id\":\"https:\/\/insurancecorp.com.br\/pt\/2021\/03\/19\/custos-dos-planos-de-saude-devem-aumentar-cerca-de-10-em-2021\/#webpage\",\"url\":\"https:\/\/insurancecorp.com.br\/pt\/2021\/03\/19\/custos-dos-planos-de-saude-devem-aumentar-cerca-de-10-em-2021\/\",\"name\":\"Custos dos planos de sa\\u00fade devem aumentar cerca de 10% em 2021 | Revista Insurance Corp | PT-BR\",\"isPartOf\":{\"@id\":\"https:\/\/insurancecorp.com.br\/pt\/#website\"},\"primaryImageOfPage\":{\"@id\":\"https:\/\/insurancecorp.com.br\/pt\/2021\/03\/19\/custos-dos-planos-de-saude-devem-aumentar-cerca-de-10-em-2021\/#primaryimage\"},\"datePublished\":\"2021-03-19T13:56:04+00:00\",\"dateModified\":\"2021-03-19T14:07:09+00:00\",\"inLanguage\":\"pt-BR\",\"potentialAction\":[{\"@type\":\"ReadAction\",\"target\":[\"https:\/\/insurancecorp.com.br\/pt\/2021\/03\/19\/custos-dos-planos-de-saude-devem-aumentar-cerca-de-10-em-2021\/\"]}]},{\"@type\":\"Article\",\"@id\":\"https:\/\/insurancecorp.com.br\/pt\/2021\/03\/19\/custos-dos-planos-de-saude-devem-aumentar-cerca-de-10-em-2021\/#article\",\"isPartOf\":{\"@id\":\"https:\/\/insurancecorp.com.br\/pt\/2021\/03\/19\/custos-dos-planos-de-saude-devem-aumentar-cerca-de-10-em-2021\/#webpage\"},\"author\":{\"@id\":\"https:\/\/insurancecorp.com.br\/pt\/#\/schema\/person\/1b69c8cf325f0b7167f1b171f52df4af\"},\"headline\":\"Custos dos planos de sa\\u00fade devem aumentar cerca de 10% em 2021\",\"datePublished\":\"2021-03-19T13:56:04+00:00\",\"dateModified\":\"2021-03-19T14:07:09+00:00\",\"mainEntityOfPage\":{\"@id\":\"https:\/\/insurancecorp.com.br\/pt\/2021\/03\/19\/custos-dos-planos-de-saude-devem-aumentar-cerca-de-10-em-2021\/#webpage\"},\"commentCount\":0,\"publisher\":{\"@id\":\"https:\/\/insurancecorp.com.br\/pt\/#organization\"},\"image\":{\"@id\":\"https:\/\/insurancecorp.com.br\/pt\/2021\/03\/19\/custos-dos-planos-de-saude-devem-aumentar-cerca-de-10-em-2021\/#primaryimage\"},\"articleSection\":\"Aon Seguros\",\"inLanguage\":\"pt-BR\",\"potentialAction\":[{\"@type\":\"CommentAction\",\"name\":\"Comment\",\"target\":[\"https:\/\/insurancecorp.com.br\/pt\/2021\/03\/19\/custos-dos-planos-de-saude-devem-aumentar-cerca-de-10-em-2021\/#respond\"]}]},{\"@type\":\"Person\",\"@id\":\"https:\/\/insurancecorp.com.br\/pt\/#\/schema\/person\/1b69c8cf325f0b7167f1b171f52df4af\",\"name\":\"Publica\\u00e7\\u00e3o\",\"image\":{\"@type\":\"ImageObject\",\"@id\":\"https:\/\/insurancecorp.com.br\/pt\/#personlogo\",\"inLanguage\":\"pt-BR\",\"url\":\"https:\/\/secure.gravatar.com\/avatar\/17226f1f60486eb25d4c6b301ffed37f?s=96&d=mm&r=g\",\"caption\":\"Publica\\u00e7\\u00e3o\"}}]}<\/script>\n<!-- \/ Yoast SEO plugin. -->","_links":{"self":[{"href":"https:\/\/insurancecorp.com.br\/pt\/wp-json\/wp\/v2\/posts\/23604"}],"collection":[{"href":"https:\/\/insurancecorp.com.br\/pt\/wp-json\/wp\/v2\/posts"}],"about":[{"href":"https:\/\/insurancecorp.com.br\/pt\/wp-json\/wp\/v2\/types\/post"}],"author":[{"embeddable":true,"href":"https:\/\/insurancecorp.com.br\/pt\/wp-json\/wp\/v2\/users\/2"}],"replies":[{"embeddable":true,"href":"https:\/\/insurancecorp.com.br\/pt\/wp-json\/wp\/v2\/comments?post=23604"}],"version-history":[{"count":2,"href":"https:\/\/insurancecorp.com.br\/pt\/wp-json\/wp\/v2\/posts\/23604\/revisions"}],"predecessor-version":[{"id":23608,"href":"https:\/\/insurancecorp.com.br\/pt\/wp-json\/wp\/v2\/posts\/23604\/revisions\/23608"}],"wp:featuredmedia":[{"embeddable":true,"href":"https:\/\/insurancecorp.com.br\/pt\/wp-json\/wp\/v2\/media\/23609"}],"wp:attachment":[{"href":"https:\/\/insurancecorp.com.br\/pt\/wp-json\/wp\/v2\/media?parent=23604"}],"wp:term":[{"taxonomy":"category","embeddable":true,"href":"https:\/\/insurancecorp.com.br\/pt\/wp-json\/wp\/v2\/categories?post=23604"},{"taxonomy":"post_tag","embeddable":true,"href":"https:\/\/insurancecorp.com.br\/pt\/wp-json\/wp\/v2\/tags?post=23604"}],"curies":[{"name":"wp","href":"https:\/\/api.w.org\/{rel}","templated":true}]}}